{"id":34130,"date":"2025-03-23T07:10:06","date_gmt":"2025-03-23T06:10:06","guid":{"rendered":"https:\/\/www.iceagetv.com\/radiosite\/?p=34130"},"modified":"2025-03-23T07:10:10","modified_gmt":"2025-03-23T06:10:10","slug":"le-pape-francois-quittera-ce-dimanche-lhopital-gemelli-et-aura-une-convalescence-dau-moins-deux-mois","status":"publish","type":"post","link":"https:\/\/www.iceagetv.com\/radiosite\/le-pape-francois-quittera-ce-dimanche-lhopital-gemelli-et-aura-une-convalescence-dau-moins-deux-mois\/","title":{"rendered":"Le pape Fran\u00e7ois quittera ce dimanche l&rsquo;h\u00f4pital Gemelli et aura une convalescence d\u00a0\u00bbau moins deux mois\u00a0\u00bb"},"content":{"rendered":"\n<p class=\"\">Fin d&rsquo;hospitalisation en vue pour le souverain pontife. Le pape Fran\u00e7ois quittera ce dimanche 22 mars<a href=\"https:\/\/www.bfmtv.com\/international\/europe\/italie\/le-vatican-numero-3-qu-est-ce-que-le-gemelli-l-hopital-des-papes-ou-est-soigne-francois_AV-202502200707.html\">&nbsp;l&rsquo;h\u00f4pital Gemelli<\/a>&nbsp;et rentrera au Vatican, a annonc\u00e9 le Pr Sergio Alfieri, l&rsquo;un de ses m\u00e9decins, lors d&rsquo;une conf\u00e9rence de presse ce samedi.<\/p>\n\n\n\n<p class=\"\">\u00ab\u00a0Demain (dimanche, nlr) le pape rentrera \u00e0 la r\u00e9sidence Saint-Marthe\u00a0\u00bb, o\u00f9 r\u00e9side habituellement le souverain pontife \u00e2g\u00e9 de 88 ans, a d\u00e9clar\u00e9 le Pr Sergio Alfieri. Il devra effectuer \u00ab\u00a0une longue convalescence\u00a0\u00bb d'\u00a0\u00bbau moins deux mois\u00a0\u00bb, a-t-il pr\u00e9cis\u00e9.Selon le Pr Sergio Alfieri, \u00ab\u00a0les progr\u00e8s ult\u00e9rieurs se font chez soi, parce que l&rsquo;h\u00f4pital, m\u00eame si cela peut para\u00eetre \u00e9trange, est le pire endroit o\u00f9 faire sa convalescence: c&rsquo;est le lieu o\u00f9 on contracte le plus d&rsquo;infections\u00a0\u00bb. L&rsquo;\u00e9tat de sant\u00e9 du pape \u00ab\u00a0s&rsquo;am\u00e9liore\u00a0\u00bb et \u00ab\u00a0nous esp\u00e9rons qu&rsquo;il pourra rapidement reprendre ses activit\u00e9s normales\u00a0\u00bb, a pr\u00e9cis\u00e9 un autre membre de l&rsquo;\u00e9quipe m\u00e9dicale, le Dr Luca Carbone.Un salut et une b\u00e9n\u00e9diction dimanche<\/p>\n\n\n\n<p class=\"\">Le pape Fran\u00e7ois est hospitalis\u00e9 pour une double pneumonie&nbsp;<a href=\"https:\/\/www.bfmtv.com\/societe\/religions\/le-pape-francois-hospitalise-a-rome-pour-une-bronchite_AD-202502140415.html\">depuis le 14 f\u00e9vrier dernier<\/a>. Avant de quitter l&rsquo;h\u00f4pital Gemelli, le souverain pontife devrait faire&nbsp;<a href=\"https:\/\/www.bfmtv.com\/societe\/religions\/saluer-la-foule-le-pape-francois-va-faire-ce-dimanche-sa-premiere-apparition-publique-depuis-son-hospitalisation_AN-202503220128.html\">sa premi\u00e8re apparition publique<\/a>&nbsp;dimanche, peu apr\u00e8s midi.<\/p>\n\n\n\n<p class=\"\">\u00ab\u00a0Le pape Fran\u00e7ois a l&rsquo;intention de faire un salut et une b\u00e9n\u00e9diction depuis l&rsquo;h\u00f4pital Agostino Gemelli de Rome \u00e0 la fin de (la pri\u00e8re hebdomadaire de) l&rsquo;Ang\u00e9lus, qui sera publi\u00e9e sous forme \u00e9crite comme ces derni\u00e8re semaines\u00a0\u00bb, a annonc\u00e9 ce samedi le service de presse du Vatican.<\/p>\n","protected":false},"excerpt":{"rendered":"<p>Fin d&rsquo;hospitalisation en vue pour le souverain pontife. Le pape Fran\u00e7ois quittera ce dimanche 22 mars&nbsp;l&rsquo;h\u00f4pital Gemelli&nbsp;et rentrera au Vatican, a annonc\u00e9 le Pr Sergio Alfieri, l&rsquo;un de ses m\u00e9decins, lors d&rsquo;une conf\u00e9rence de presse ce samedi. \u00ab\u00a0Demain (dimanche, nlr) le pape rentrera \u00e0 la r\u00e9sidence Saint-Marthe\u00a0\u00bb, o\u00f9 r\u00e9side habituellement le souverain pontife \u00e2g\u00e9 de [&hellip;]<\/p>\n","protected":false},"author":2,"featured_media":34131,"comment_status":"open","ping_status":"open","sticky":false,"template":"","format":"standard","meta":{"_jetpack_memberships_contains_paid_content":false,"footnotes":"","jetpack_publicize_message":"","jetpack_publicize_feature_enabled":true,"jetpack_social_post_already_shared":true,"jetpack_social_options":{"image_generator_settings":{"template":"highway","enabled":true,"token":"eyJpbWciOiJodHRwczpcL1wvd3d3LmljZWFnZXR2LmNvbVwvcmFkaW9zaXRlXC93cC1jb250ZW50XC91cGxvYWRzXC8yMDI1XC8wM1wvU2NyZWVuc2hvdF8yMDI1MDMyM18wNzA5MTEtMTAyNHg0NjMuanBnIiwidHh0IjoiTGUgcGFwZSBGcmFuXHUwMGU3b2lzIHF1aXR0ZXJhIGNlIGRpbWFuY2hlIGwmIzgyMTc7aFx1MDBmNHBpdGFsIEdlbWVsbGkgZXQgYXVyYSB1bmUgY29udmFsZXNjZW5jZSBkJiM4MjIxO2F1IG1vaW5zIGRldXggbW9pcyYjODIyMTsiLCJ0ZW1wbGF0ZSI6ImhpZ2h3YXkiLCJibG9nX2lkIjoxMTEwMTY0NjF9.P3QgIEWpKo-nGUCJ-jNkxHxJ1H1bmQocGFpJheFDJasMQ"},"version":2},"_wpas_customize_per_network":false},"categories":[405],"tags":[],"class_list":["post-34130","post","type-post","status-publish","format-standard","has-post-thumbnail","hentry","category-actu-france-monde"],"jetpack_publicize_connections":[],"jetpack_featured_media_url":"https:\/\/i0.wp.com\/www.iceagetv.com\/radiosite\/wp-content\/uploads\/2025\/03\/Screenshot_20250323_070911.jpg?fit=1064%2C481&ssl=1","jetpack_sharing_enabled":true,"_links":{"self":[{"href":"https:\/\/www.iceagetv.com\/radiosite\/wp-json\/wp\/v2\/posts\/34130","targetHints":{"allow":["GET"]}}],"collection":[{"href":"https:\/\/www.iceagetv.com\/radiosite\/wp-json\/wp\/v2\/posts"}],"about":[{"href":"https:\/\/www.iceagetv.com\/radiosite\/wp-json\/wp\/v2\/types\/post"}],"author":[{"embeddable":true,"href":"https:\/\/www.iceagetv.com\/radiosite\/wp-json\/wp\/v2\/users\/2"}],"replies":[{"embeddable":true,"href":"https:\/\/www.iceagetv.com\/radiosite\/wp-json\/wp\/v2\/comments?post=34130"}],"version-history":[{"count":1,"href":"https:\/\/www.iceagetv.com\/radiosite\/wp-json\/wp\/v2\/posts\/34130\/revisions"}],"predecessor-version":[{"id":34132,"href":"https:\/\/www.iceagetv.com\/radiosite\/wp-json\/wp\/v2\/posts\/34130\/revisions\/34132"}],"wp:featuredmedia":[{"embeddable":true,"href":"https:\/\/www.iceagetv.com\/radiosite\/wp-json\/wp\/v2\/media\/34131"}],"wp:attachment":[{"href":"https:\/\/www.iceagetv.com\/radiosite\/wp-json\/wp\/v2\/media?parent=34130"}],"wp:term":[{"taxonomy":"category","embeddable":true,"href":"https:\/\/www.iceagetv.com\/radiosite\/wp-json\/wp\/v2\/categories?post=34130"},{"taxonomy":"post_tag","embeddable":true,"href":"https:\/\/www.iceagetv.com\/radiosite\/wp-json\/wp\/v2\/tags?post=34130"}],"curies":[{"name":"wp","href":"https:\/\/api.w.org\/{rel}","templated":true}]}}