{"id":34141,"date":"2025-03-23T10:02:37","date_gmt":"2025-03-23T09:02:37","guid":{"rendered":"https:\/\/www.iceagetv.com\/radiosite\/?p=34141"},"modified":"2025-03-23T10:02:43","modified_gmt":"2025-03-23T09:02:43","slug":"turquie-un-juge-ordonne-lincarceration-du-maire-distanbul-ekrem-imamoglu-dont-larrestation-a-declenche-une-vague-de-contestation","status":"publish","type":"post","link":"https:\/\/www.iceagetv.com\/radiosite\/turquie-un-juge-ordonne-lincarceration-du-maire-distanbul-ekrem-imamoglu-dont-larrestation-a-declenche-une-vague-de-contestation\/","title":{"rendered":"Turquie\u00a0: un juge ordonne l\u2019incarc\u00e9ration du maire d\u2019Istanbul, Ekrem Imamoglu, dont l\u2019arrestation a d\u00e9clench\u00e9 une vague de contestation"},"content":{"rendered":"\n<p class=\"\">Poursuivi pour \u00ab\u00a0corruption\u00a0\u00bb et \u00ab\u00a0terrorisme\u00a0\u00bb, le principal opposant au pr\u00e9sident Erdogan avait \u00e9t\u00e9 conduit samedi soir, avec 90 de ses coaccus\u00e9s, au tribunal, alors que des centaines de milliers de personnes se sont mobilis\u00e9es en son soutien.Son arrestation a d\u00e9clench\u00e9 une vague de contestation en Turquie. Un juge a ordonn\u00e9, dimanche 23\u00a0mars, l\u2019incarc\u00e9ration du maire d\u2019opposition d\u2019Istambul, Ekrem Imamoglu, en d\u00e9tention provisoire, pour \u00ab\u00a0corruption\u00a0\u00bb, a annonc\u00e9 l\u2019un de ses avocats \u00e0 l\u2019Agence France-Presse (AFP). Egalement poursuivi pour \u00ab\u00a0terrorisme\u00a0\u00bb, M.\u00a0Imamoglu, principal rival du pr\u00e9sident Erdogan, avait \u00e9t\u00e9 conduit, samedi soir avec 90 de ses coaccus\u00e9s, au tribunal stambouliote de Caglayan, prot\u00e9g\u00e9 par un tr\u00e8s important dispositif policier, avant d\u2019y \u00eatre entendu \u00e0 deux reprises dans la nuit.Vous pouvez partager un article en cliquant sur les ic\u00f4nes de partage en haut \u00e0 droite de celui-ci.<br>La reproduction totale ou partielle d\u2019un article, sans l\u2019autorisation \u00e9crite et pr\u00e9alable du <a href=\"https:\/\/www.lemonde.fr\">Monde<\/a>, est strictement interdite.<br><\/p>\n\n\n\n<p class=\"\">Le Parti r\u00e9publicain du peuple (CHP, social-d\u00e9mocrate), principale force d\u2019opposition, auquel le maire d\u2019Istanbul appartient, a d\u00e9nonc\u00e9 <em>\u00ab&nbsp;un coup d\u2019Etat politique&nbsp;\u00bb<\/em>. Selon les avocats de d\u2019\u00e9dile, son audition dans le volet \u00ab&nbsp;terrorisme&nbsp;\u00bb de l\u2019accusation, avait dur\u00e9 <em>\u00ab&nbsp;six heures&nbsp;\u00bb<\/em> samedi. <em>\u00ab&nbsp;M.&nbsp;Imamoglu a ni\u00e9 toutes les charges retenues dans un document de 121 pages&nbsp;\u00bb<\/em>, avaient-ils fait savoir samedi soir, d\u00e9plorant que les droits de la d\u00e9fense et <em>\u00ab&nbsp;le droit \u00e0 un proc\u00e8s \u00e9quitable <\/em>[aient]<em> \u00e9t\u00e9 viol\u00e9s&nbsp;\u00bb<\/em>. La justice a, par ailleurs, ordonn\u00e9 dimanche matin l\u2019incarc\u00e9ration d\u2019autres coaccus\u00e9s du maire, dont l\u2019un de ses proches conseillers, selon des m\u00e9dias turcs.<\/p>\n\n\n\n<p class=\"\">Dans le m\u00eame temps, les soutiens d\u2019Ekrem Imamoglu ont envahi la rue samedi pour le quatri\u00e8me soir de suite, d\u00e9ferlant par dizaines de milliers devant l\u2019h\u00f4tel de ville d\u2019Istambul. La foule est apparue encore plus nombreuse <a href=\"https:\/\/www.lemonde.fr\/international\/article\/2025\/03\/21\/en-turquie-des-centaines-de-milliers-de-manifestants-protestent-contre-l-arrestation-du-maire-d-istanbul-selon-l-opposition_6584323_3211.html\">que les jours pr\u00e9c\u00e9dents<\/a>, prenant d\u2019assaut les rames de m\u00e9tro et les abords de l\u2019h\u00f4tel de ville, congestionn\u00e9s, en agitant des drapeaux et des pancartes exprimant sa col\u00e8re\u00a0: <em>\u00ab\u00a0Les dictateurs sont des l\u00e2ches\u00a0!\u00a0\u00bb<\/em>, <em>\u00ab\u00a0L\u2019AKP <\/em>[le parti au pouvoir]<em> ne nous fera pas taire\u00a0\u00bb<\/em>.Prolongation de l\u2019interdiction de rassemblement<\/p>\n\n\n\n<p class=\"\">Depuis mercredi, la contestation d\u00e9clench\u00e9e par son arrestation s\u2019est \u00e9tendue \u00e0 tout le pays, atteignant une ampleur in\u00e9dite depuis le grand mouvement de contestation de Gezi, en\u00a02013, parti de la place Taksim d\u2019Istanbul. Des rassemblements ont eu lieu dans au moins 55 des 81\u00a0provinces turques, soit plus des deux tiers du pays, selon un d\u00e9compte effectu\u00e9 samedi par l\u2019AFP. Ces manifestations ont donn\u00e9 lieu \u00e0 plus de 350\u00a0arrestations dans au moins neuf villes du pays, selon les autorit\u00e9s.Samedi, des manifestants ont pass\u00e9 la nuit \u00e0 l\u2019int\u00e9rieur de la mairie, certains tentant de trouver le sommeil sur des chaises dispos\u00e9es dans le hall du vaste b\u00e2timent en attendant d\u2019\u00eatre fix\u00e9s sur le sort du maire, a constat\u00e9 un photographe de l\u2019AFP. Pour tenter de pr\u00e9venir des troubles, le gouvernorat d\u2019Istanbul a prolong\u00e9 l\u2019interdiction de rassemblement jusqu\u2019\u00e0 mercredi soir et annonc\u00e9 des restrictions d\u2019entr\u00e9e dans la ville aux personnes susceptibles de participer \u00e0 des rassemblements, sans pr\u00e9ciser comment il les mettrait en \u0153uvre.Vous pouvez partager un article en cliquant sur les ic\u00f4nes de partage en haut \u00e0 droite de celui-ci.<br>La reproduction totale ou partielle d\u2019un article, sans l\u2019autorisation \u00e9crite et pr\u00e9alable du <a href=\"https:\/\/www.lemonde.fr\">Monde<\/a>, est strictement interdite.<\/p>\n\n\n\n<p class=\"\">L\u2019accusation de \u00ab&nbsp;soutien \u00e0 une organisation terroriste&nbsp;\u00bb contre l\u2019\u00e9lu de 53&nbsp;ans, figure du Parti r\u00e9publicain du peuple (CHP, social-d\u00e9mocrate), principale force d\u2019opposition, fait redouter \u00e0 ses soutiens son remplacement par un administrateur nomm\u00e9 par l\u2019Etat \u00e0 la t\u00eate de la plus grande ville du pays s\u2019il est incarc\u00e9r\u00e9.<\/p>\n\n\n\n<p class=\"\">Selon une d\u00e9claration transmise, samedi, par la municipalit\u00e9 de la m\u00e9tropole turque, le maire d\u2019Istanbul a d\u00e9nonc\u00e9 devant la police des<em> \u00ab&nbsp;accusations immorales et sans fondement <\/em>(\u2026)<em>, allant des rapports fabriqu\u00e9s au calendrier des enqu\u00eates, <\/em>[qui]<em>&nbsp;visent \u00e0 saper <\/em>[s]<em>a r\u00e9putation et <\/em>[s]<em>a cr\u00e9dibilit\u00e9&nbsp;\u00bb<\/em>. <em>\u00ab&nbsp;Ceux qui sont derri\u00e8re cette strat\u00e9gie devront r\u00e9pondre de leurs actes devant les tribunaux. Je porterai plainte contre les personnes et les institutions impliqu\u00e9es&nbsp;\u00bb<\/em>, a-t-il pr\u00e9venu.<\/p>\n","protected":false},"excerpt":{"rendered":"<p>Poursuivi pour \u00ab\u00a0corruption\u00a0\u00bb et \u00ab\u00a0terrorisme\u00a0\u00bb, le principal opposant au pr\u00e9sident Erdogan avait \u00e9t\u00e9 conduit samedi soir, avec 90 de ses coaccus\u00e9s, au tribunal, alors que des centaines de milliers de personnes se sont mobilis\u00e9es en son soutien.Son arrestation a d\u00e9clench\u00e9 une vague de contestation en Turquie. Un juge a ordonn\u00e9, dimanche 23\u00a0mars, l\u2019incarc\u00e9ration du maire [&hellip;]<\/p>\n","protected":false},"author":2,"featured_media":34142,"comment_status":"open","ping_status":"open","sticky":false,"template":"","format":"standard","meta":{"_jetpack_memberships_contains_paid_content":false,"footnotes":"","jetpack_publicize_message":"","jetpack_publicize_feature_enabled":true,"jetpack_social_post_already_shared":true,"jetpack_social_options":{"image_generator_settings":{"template":"highway","enabled":true,"token":"eyJpbWciOiJodHRwczpcL1wvd3d3LmljZWFnZXR2LmNvbVwvcmFkaW9zaXRlXC93cC1jb250ZW50XC91cGxvYWRzXC8yMDI1XC8wM1wvdW4tanVnZS1vcmRvbm5lLWxpbmNhcmNlcmF0aW9uLWR1LW1haXJlLWRJc3RhbmJ1bC5qcGciLCJ0eHQiOiJUdXJxdWllXHUwMGEwOiB1biBqdWdlIG9yZG9ubmUgbFx1MjAxOWluY2FyY1x1MDBlOXJhdGlvbiBkdSBtYWlyZSBkXHUyMDE5SXN0YW5idWwsIEVrcmVtIEltYW1vZ2x1LCBkb250IGxcdTIwMTlhcnJlc3RhdGlvbiBhIGRcdTAwZTljbGVuY2hcdTAwZTkgdW5lIHZhZ3VlIGRlIGNvbnRlc3RhdGlvbiIsInRlbXBsYXRlIjoiaGlnaHdheSIsImJsb2dfaWQiOjExMTAxNjQ2MX0.jbsFR2uwQzejEcDW7MXfbrbiZNBcM_rX5oY6j3q-EfgMQ"},"version":2},"_wpas_customize_per_network":false},"categories":[405],"tags":[],"class_list":["post-34141","post","type-post","status-publish","format-standard","has-post-thumbnail","hentry","category-actu-france-monde"],"jetpack_publicize_connections":[],"jetpack_featured_media_url":"https:\/\/i0.wp.com\/www.iceagetv.com\/radiosite\/wp-content\/uploads\/2025\/03\/un-juge-ordonne-lincarceration-du-maire-dIstanbul.jpg?fit=502%2C319&ssl=1","jetpack_sharing_enabled":true,"_links":{"self":[{"href":"https:\/\/www.iceagetv.com\/radiosite\/wp-json\/wp\/v2\/posts\/34141","targetHints":{"allow":["GET"]}}],"collection":[{"href":"https:\/\/www.iceagetv.com\/radiosite\/wp-json\/wp\/v2\/posts"}],"about":[{"href":"https:\/\/www.iceagetv.com\/radiosite\/wp-json\/wp\/v2\/types\/post"}],"author":[{"embeddable":true,"href":"https:\/\/www.iceagetv.com\/radiosite\/wp-json\/wp\/v2\/users\/2"}],"replies":[{"embeddable":true,"href":"https:\/\/www.iceagetv.com\/radiosite\/wp-json\/wp\/v2\/comments?post=34141"}],"version-history":[{"count":1,"href":"https:\/\/www.iceagetv.com\/radiosite\/wp-json\/wp\/v2\/posts\/34141\/revisions"}],"predecessor-version":[{"id":34143,"href":"https:\/\/www.iceagetv.com\/radiosite\/wp-json\/wp\/v2\/posts\/34141\/revisions\/34143"}],"wp:featuredmedia":[{"embeddable":true,"href":"https:\/\/www.iceagetv.com\/radiosite\/wp-json\/wp\/v2\/media\/34142"}],"wp:attachment":[{"href":"https:\/\/www.iceagetv.com\/radiosite\/wp-json\/wp\/v2\/media?parent=34141"}],"wp:term":[{"taxonomy":"category","embeddable":true,"href":"https:\/\/www.iceagetv.com\/radiosite\/wp-json\/wp\/v2\/categories?post=34141"},{"taxonomy":"post_tag","embeddable":true,"href":"https:\/\/www.iceagetv.com\/radiosite\/wp-json\/wp\/v2\/tags?post=34141"}],"curies":[{"name":"wp","href":"https:\/\/api.w.org\/{rel}","templated":true}]}}