{"id":34157,"date":"2025-03-24T15:31:16","date_gmt":"2025-03-24T14:31:16","guid":{"rendered":"https:\/\/www.iceagetv.com\/radiosite\/?p=34157"},"modified":"2025-03-24T15:31:21","modified_gmt":"2025-03-24T14:31:21","slug":"environ-400-personnes-se-sont-rassemblees-pour-une-ceremonie-dhommage-aux-victimes-du-crash-dun-avion-de-la-compagnie-germanwings-survenu-il-y-a-10-ans","status":"publish","type":"post","link":"https:\/\/www.iceagetv.com\/radiosite\/environ-400-personnes-se-sont-rassemblees-pour-une-ceremonie-dhommage-aux-victimes-du-crash-dun-avion-de-la-compagnie-germanwings-survenu-il-y-a-10-ans\/","title":{"rendered":"Environ 400 personnes se sont rassembl\u00e9es pour une c\u00e9r\u00e9monie d\u2019hommage aux victimes du crash d\u2019un avion de la compagnie Germanwings survenu il y a 10 ans"},"content":{"rendered":"\n<p class=\"\">Environ 400 personnes se sont rassembl\u00e9es ce matin pour assister \u00e0 une c\u00e9r\u00e9monie de recueillement dans la commune du Vernet (sud-est de la France), rendant hommage aux victimes du crash d\u2019un avion de la compagnie Germanwings survenu 10 ans plus t\u00f4t dans les Alpes fran\u00e7aises.<\/p>\n\n\n\n<p class=\"\">Cet Airbus A320 de la compagnie low-cost allemande, filiale de la Lufthansa, avait \u00e9t\u00e9 pr\u00e9cipit\u00e9 d\u00e9lib\u00e9r\u00e9ment sur le flanc d\u2019une montagne environnante par son copilote, Andreas Lubitz, 27 ans et sous antid\u00e9presseurs, qui avait profit\u00e9 de l\u2019absence momentan\u00e9e dans le cockpit du commandant de bord pour commettre son acte suicidaire, entra\u00eenant dans la mort les 149 autres passagers et membres d\u2019\u00e9quipage.<\/p>\n\n\n\n<p class=\"\">L\u2019avion ralliait Barcelone (nord-est de l\u2019Espagne) \u00e0 D\u00fcsseldorf (ouest de l\u2019Allemagne) avec six membres d\u2019\u00e9quipage et 144 passagers, originaires de 19 pays, en majorit\u00e9 des Allemands (72) et des Espagnols (50).<\/p>\n\n\n\n<p class=\"\">Les proches des victimes, venant principalement d\u2019Allemagne et d\u2019Espagne, vont ensuite observer une minute de silence, \u00e0 huis clos dans un chapiteau mont\u00e9 pour l\u2019occasion dans le village, \u00e0 10h41 locales (09h41 GMT), heure exacte du crash survenu le 24 mars 2015. Ils assisteront ensuite \u00e0 une c\u00e9r\u00e9monie de recueillement priv\u00e9e co-organis\u00e9e par Lufthansa.<\/p>\n\n\n\n<p class=\"\">Un peu plus t\u00f4t, plusieurs officiels fran\u00e7ais, allemands et espagnols ainsi que le patron de Lufthansa ont d\u00e9pos\u00e9 des gerbes au cimeti\u00e8re du Vernet, le village le plus proche du lieu de l\u2019impact, o\u00f9 sont enterr\u00e9s les restes des corps non identifi\u00e9s.<\/p>\n\n\n\n<p class=\"\">\u00ab&nbsp;Nos pens\u00e9es accompagnent les proches et les amis des victimes, dont la douleur et le deuil restent immenses, m\u00eame apr\u00e8s une d\u00e9cennie&nbsp;\u00bb, a d\u00e9clar\u00e9 le PDG du groupe allemand, Carsten Spohr.<\/p>\n\n\n\n<p class=\"\">\u00ab&nbsp;Cette trag\u00e9die qui s\u2019est produite nous accompagne encore aujourd\u2019hui dans notre responsabilit\u00e9 en tant que compagnie a\u00e9rienne&nbsp;\u00bb, a-t-il ajout\u00e9, promettant que \u00ab&nbsp;l\u2019engagement (de Lufthansa) restera intact&nbsp;\u00bb.<\/p>\n\n\n\n<p class=\"\">A la suite de ce drame, l\u2019industrie a\u00e9ronautique a notamment impos\u00e9 l\u2019obligation d\u2019avoir constamment deux personnes dans le cockpit simultan\u00e9ment, am\u00e9lior\u00e9 le suivi m\u00e9dical et psychologique des pilotes et mis en place des syst\u00e8mes de pr\u00e9vention et de d\u00e9tection plus sophistiqu\u00e9s.<\/p>\n\n\n\n<p class=\"\">En mars 2022, la justice fran\u00e7aise avait cl\u00f4tur\u00e9 l\u2019enqu\u00eate sur ce crash sans lancer de poursuites, consid\u00e9rant le geste \u00ab&nbsp;suicidaire&nbsp;\u00bb du copilote comme impr\u00e9visible.<\/p>\n","protected":false},"excerpt":{"rendered":"<p>Environ 400 personnes se sont rassembl\u00e9es ce matin pour assister \u00e0 une c\u00e9r\u00e9monie de recueillement dans la commune du Vernet (sud-est de la France), rendant hommage aux victimes du crash d\u2019un avion de la compagnie Germanwings survenu 10 ans plus t\u00f4t dans les Alpes fran\u00e7aises. Cet Airbus A320 de la compagnie low-cost allemande, filiale de [&hellip;]<\/p>\n","protected":false},"author":2,"featured_media":34158,"comment_status":"open","ping_status":"open","sticky":false,"template":"","format":"standard","meta":{"_jetpack_memberships_contains_paid_content":false,"footnotes":"","jetpack_publicize_message":"","jetpack_publicize_feature_enabled":true,"jetpack_social_post_already_shared":true,"jetpack_social_options":{"image_generator_settings":{"template":"highway","enabled":true,"token":"eyJpbWciOiJodHRwczpcL1wvd3d3LmljZWFnZXR2LmNvbVwvcmFkaW9zaXRlXC93cC1jb250ZW50XC91cGxvYWRzXC8yMDI1XC8wM1wvZnYwam9MUDcuanBnIiwidHh0IjoiRW52aXJvbiA0MDAgcGVyc29ubmVzIHNlIHNvbnQgcmFzc2VtYmxcdTAwZTllcyBwb3VyIHVuZSBjXHUwMGU5clx1MDBlOW1vbmllIGRcdTIwMTlob21tYWdlIGF1eCB2aWN0aW1lcyBkdSBjcmFzaCBkXHUyMDE5dW4gYXZpb24gZGUgbGEgY29tcGFnbmllIEdlcm1hbndpbmdzIHN1cnZlbnUgaWwgeSBhIDEwIGFucyIsInRlbXBsYXRlIjoiaGlnaHdheSIsImJsb2dfaWQiOjExMTAxNjQ2MX0.HnZUrZeRmCnkOsr3gXSZp-xOUgBfJydh-UHiZTzpYXkMQ"},"version":2},"_wpas_customize_per_network":false},"categories":[405],"tags":[],"class_list":["post-34157","post","type-post","status-publish","format-standard","has-post-thumbnail","hentry","category-actu-france-monde"],"jetpack_publicize_connections":[],"jetpack_featured_media_url":"https:\/\/i0.wp.com\/www.iceagetv.com\/radiosite\/wp-content\/uploads\/2025\/03\/fv0joLP7.jpg?fit=679%2C293&ssl=1","jetpack_sharing_enabled":true,"_links":{"self":[{"href":"https:\/\/www.iceagetv.com\/radiosite\/wp-json\/wp\/v2\/posts\/34157","targetHints":{"allow":["GET"]}}],"collection":[{"href":"https:\/\/www.iceagetv.com\/radiosite\/wp-json\/wp\/v2\/posts"}],"about":[{"href":"https:\/\/www.iceagetv.com\/radiosite\/wp-json\/wp\/v2\/types\/post"}],"author":[{"embeddable":true,"href":"https:\/\/www.iceagetv.com\/radiosite\/wp-json\/wp\/v2\/users\/2"}],"replies":[{"embeddable":true,"href":"https:\/\/www.iceagetv.com\/radiosite\/wp-json\/wp\/v2\/comments?post=34157"}],"version-history":[{"count":1,"href":"https:\/\/www.iceagetv.com\/radiosite\/wp-json\/wp\/v2\/posts\/34157\/revisions"}],"predecessor-version":[{"id":34159,"href":"https:\/\/www.iceagetv.com\/radiosite\/wp-json\/wp\/v2\/posts\/34157\/revisions\/34159"}],"wp:featuredmedia":[{"embeddable":true,"href":"https:\/\/www.iceagetv.com\/radiosite\/wp-json\/wp\/v2\/media\/34158"}],"wp:attachment":[{"href":"https:\/\/www.iceagetv.com\/radiosite\/wp-json\/wp\/v2\/media?parent=34157"}],"wp:term":[{"taxonomy":"category","embeddable":true,"href":"https:\/\/www.iceagetv.com\/radiosite\/wp-json\/wp\/v2\/categories?post=34157"},{"taxonomy":"post_tag","embeddable":true,"href":"https:\/\/www.iceagetv.com\/radiosite\/wp-json\/wp\/v2\/tags?post=34157"}],"curies":[{"name":"wp","href":"https:\/\/api.w.org\/{rel}","templated":true}]}}