{"id":34162,"date":"2025-03-24T17:18:38","date_gmt":"2025-03-24T16:18:38","guid":{"rendered":"https:\/\/www.iceagetv.com\/radiosite\/?p=34162"},"modified":"2025-03-24T17:18:42","modified_gmt":"2025-03-24T16:18:42","slug":"match-france-croatie-sept-supporters-croates-interpelles-a-saint-denis-apres-des-saluts-nazis","status":"publish","type":"post","link":"https:\/\/www.iceagetv.com\/radiosite\/match-france-croatie-sept-supporters-croates-interpelles-a-saint-denis-apres-des-saluts-nazis\/","title":{"rendered":"Match France-Croatie : sept supporters croates interpell\u00e9s \u00e0 Saint-Denis apr\u00e8s des saluts nazis"},"content":{"rendered":"\n<p class=\"\">Des supporters croates ont \u00e9t\u00e9 aper\u00e7us en train de faire des saluts nazis avant le match de football opposant les \u00e9quipes de France et de Croatie, dimanche 23 mars 2025.Un comportement loin de l\u2019esprit sportif. Dimanche 23\u00a0mars 2025, en marge du\u00a0<a href=\"https:\/\/actu.fr\/sports\/football\/ligue-des-nations-l-equipe-de-france-qualifiee-pour-les-demi-finales-quand-aura-lieu-le-prochain-match_62411418.html\">quart de finale<\/a>\u00a0de Ligue des Nations qui a oppos\u00e9 au\u00a0<a href=\"https:\/\/actu.fr\/tag\/stade-de-france\">Stade de France<\/a>\u00a0les \u00e9quipes de France et de Croatie,\u00a0<strong>sept supporters croates<\/strong>\u00a0ont \u00e9t\u00e9 interpell\u00e9s apr\u00e8s avoir fait des saluts nazis, a fait savoir\u00a0<a href=\"https:\/\/actu.fr\/tag\/laurent-nunez\">Laurent Nu\u00f1ez<\/a>,\u00a0<a href=\"https:\/\/actu.fr\/tag\/prefecture-de-police-de-paris\">pr\u00e9fet de police de Paris<\/a>.Sur les r\u00e9seaux sociaux,\u00a0<a href=\"https:\/\/actu.fr\/tag\/mathieu-hanotin\">Mathieu Hanotin<\/a>, maire socialiste de\u00a0<a href=\"https:\/\/actu.fr\/ile-de-france\/saint-denis_93066\">Saint-Denis<\/a>, a donn\u00e9 quelques informations sur le d\u00e9roul\u00e9 des faits. \u00ab\u2009Ce qui s\u2019est pass\u00e9 dimanche en fin d\u2019apr\u00e8s-midi devant notre H\u00f4tel de Ville et rue de la L\u00e9gion d\u2019honneur est\u00a0<strong>inacceptable.<\/strong>\u00a0Entre chants et saluts nazis, tentatives d\u2019intimidation des habitants, visiteurs et forces de l\u2019ordre, ces voyous ont franchi toutes les limites\u2009\u00bb, a-t-il d\u00e9plor\u00e9.Dans le m\u00eame temps,\u00a0<a href=\"https:\/\/actu.fr\/ile-de-france\/saint-denis_93066\/legislatives-2024-en-seine-saint-denis-stephane-peu-largement-reelu-des-le-premier-tour_61283643.html\">St\u00e9phane Peu<\/a>, le d\u00e9put\u00e9 PCF de Saint-Denis, s\u2019est quant \u00e0 lui questionn\u00e9 sur la fa\u00e7on dont \u00ab\u2009ces individus ont pu se livrer \u00e0 de telles actions\u00a0<strong>sans qu\u2019ils ne soient interpell\u00e9s<\/strong>\u00a0avant d\u2019entrer dans le stade\u2009\u00bb.Sur X, le pr\u00e9fet de police a remerci\u00e9 les forces de l\u2019ordre qui ont \u00ab\u2009permis d\u2019assurer la s\u00e9curit\u00e9 des supporters et des joueurs et\u00a0<strong>d\u2019interpeller sept individus<\/strong>\u00a0ayant effectu\u00e9 des saluts nazis durant la rencontre.\u2009\u00bb Et de rappeler que \u00ab\u2009ces individus n\u2019ont rien \u00e0 faire dans une enceinte sportive\u2009\u00bb.<\/p>\n","protected":false},"excerpt":{"rendered":"<p>Des supporters croates ont \u00e9t\u00e9 aper\u00e7us en train de faire des saluts nazis avant le match de football opposant les \u00e9quipes de France et de Croatie, dimanche 23 mars 2025.Un comportement loin de l\u2019esprit sportif. Dimanche 23\u00a0mars 2025, en marge du\u00a0quart de finale\u00a0de Ligue des Nations qui a oppos\u00e9 au\u00a0Stade de France\u00a0les \u00e9quipes de France [&hellip;]<\/p>\n","protected":false},"author":2,"featured_media":34163,"comment_status":"open","ping_status":"open","sticky":false,"template":"","format":"standard","meta":{"_jetpack_memberships_contains_paid_content":false,"footnotes":"","jetpack_publicize_message":"","jetpack_publicize_feature_enabled":true,"jetpack_social_post_already_shared":true,"jetpack_social_options":{"image_generator_settings":{"template":"highway","enabled":true,"token":"eyJpbWciOiJodHRwczpcL1wvd3d3LmljZWFnZXR2LmNvbVwvcmFkaW9zaXRlXC93cC1jb250ZW50XC91cGxvYWRzXC8yMDI1XC8wM1wvcG9saWNlLTk2MHg2NDAtMS5qcGVnIiwidHh0IjoiTWF0Y2ggRnJhbmNlLUNyb2F0aWUgOiBzZXB0IHN1cHBvcnRlcnMgY3JvYXRlcyBpbnRlcnBlbGxcdTAwZTlzIFx1MDBlMCBTYWludC1EZW5pcyBhcHJcdTAwZThzIGRlcyBzYWx1dHMgbmF6aXMiLCJ0ZW1wbGF0ZSI6ImhpZ2h3YXkiLCJibG9nX2lkIjoxMTEwMTY0NjF9.hbUrLggdBVdIuY4VzCajucA9kVJOD_hziezcz-qSDMoMQ"},"version":2},"_wpas_customize_per_network":false},"categories":[405],"tags":[],"class_list":["post-34162","post","type-post","status-publish","format-standard","has-post-thumbnail","hentry","category-actu-france-monde"],"jetpack_publicize_connections":[],"jetpack_featured_media_url":"https:\/\/i0.wp.com\/www.iceagetv.com\/radiosite\/wp-content\/uploads\/2025\/03\/police-960x640-1.jpeg?fit=960%2C640&ssl=1","jetpack_sharing_enabled":true,"_links":{"self":[{"href":"https:\/\/www.iceagetv.com\/radiosite\/wp-json\/wp\/v2\/posts\/34162","targetHints":{"allow":["GET"]}}],"collection":[{"href":"https:\/\/www.iceagetv.com\/radiosite\/wp-json\/wp\/v2\/posts"}],"about":[{"href":"https:\/\/www.iceagetv.com\/radiosite\/wp-json\/wp\/v2\/types\/post"}],"author":[{"embeddable":true,"href":"https:\/\/www.iceagetv.com\/radiosite\/wp-json\/wp\/v2\/users\/2"}],"replies":[{"embeddable":true,"href":"https:\/\/www.iceagetv.com\/radiosite\/wp-json\/wp\/v2\/comments?post=34162"}],"version-history":[{"count":1,"href":"https:\/\/www.iceagetv.com\/radiosite\/wp-json\/wp\/v2\/posts\/34162\/revisions"}],"predecessor-version":[{"id":34164,"href":"https:\/\/www.iceagetv.com\/radiosite\/wp-json\/wp\/v2\/posts\/34162\/revisions\/34164"}],"wp:featuredmedia":[{"embeddable":true,"href":"https:\/\/www.iceagetv.com\/radiosite\/wp-json\/wp\/v2\/media\/34163"}],"wp:attachment":[{"href":"https:\/\/www.iceagetv.com\/radiosite\/wp-json\/wp\/v2\/media?parent=34162"}],"wp:term":[{"taxonomy":"category","embeddable":true,"href":"https:\/\/www.iceagetv.com\/radiosite\/wp-json\/wp\/v2\/categories?post=34162"},{"taxonomy":"post_tag","embeddable":true,"href":"https:\/\/www.iceagetv.com\/radiosite\/wp-json\/wp\/v2\/tags?post=34162"}],"curies":[{"name":"wp","href":"https:\/\/api.w.org\/{rel}","templated":true}]}}