{"id":34165,"date":"2025-03-24T20:08:20","date_gmt":"2025-03-24T19:08:20","guid":{"rendered":"https:\/\/www.iceagetv.com\/radiosite\/?p=34165"},"modified":"2025-03-24T20:08:24","modified_gmt":"2025-03-24T19:08:24","slug":"enorme-galere-annoncee-pour-les-francais-un-tres-long-preavis-de-greve-vient-detre-depose-a-la-sncf-pour-les-vacances-de-paques-mais-aussi-pour-tous-les-ponts-du-mois-de-mai","status":"publish","type":"post","link":"https:\/\/www.iceagetv.com\/radiosite\/enorme-galere-annoncee-pour-les-francais-un-tres-long-preavis-de-greve-vient-detre-depose-a-la-sncf-pour-les-vacances-de-paques-mais-aussi-pour-tous-les-ponts-du-mois-de-mai\/","title":{"rendered":"Enorme gal\u00e8re annonc\u00e9e pour les Fran\u00e7ais : Un tr\u00e8s long pr\u00e9avis de gr\u00e8ve vient d&rsquo;\u00eatre d\u00e9pos\u00e9 \u00e0 la SNCF pour les vacances de P\u00e2ques mais aussi pour tous les ponts du mois de mai !"},"content":{"rendered":"\n<p class=\"\">\u00c0 la SNCF, le syndicat Sud Rail a d\u00e9pos\u00e9 un pr\u00e9avis de gr\u00e8ve pendant tous les week-ends du 17 avril au 2 juin, du jeudi soir au lundi matin, selon des informations de nos confr\u00e8res du Parisien. Un pr\u00e9avis qui risque de refroidir et d&rsquo;effrayer de nombreux fran\u00e7ais car cela tombe pendant les vacances scolaires mais aussi pendant tous les ponts du mois de mai&nbsp; ! C&rsquo;est d&rsquo;ailleurs ces p\u00e9riodes qui sont sp\u00e9cialement vis\u00e9es.<\/p>\n\n\n\n<p class=\"\">\u00ab Comme \u00e0 chaque fois, nous sollicitons notre direction depuis des semaines, mais elle fait la sourde oreille et ne r\u00e9pond pas \u00e0 nos revendications. Donc nous allons taper fort, l\u00e0 o\u00f9 cela peut faire mal \u00bb, pr\u00e9vient Olivier, un des responsables du collectif qui est \u00e0 l&rsquo;origine de ce mouvement explosif !.<\/p>\n\n\n\n<p class=\"\">Il r\u00e9pond \u00e0 une demande du collectif national des contr\u00f4leurs (CNA), n\u00e9 dans un groupe Facebook en dehors de tout cadre syndical, qui \u00e9tait d\u00e9j\u00e0 \u00e0 l\u2019origine du mouvement social dur pendant les f\u00eates de fin d\u2019ann\u00e9e de 2022.<\/p>\n\n\n\n<p class=\"\">Dans son pr\u00e9avis, SUD Rail r\u00e9clame aussi une augmentation de \u00ab 100 euros mensuels minimum \u00bb de la prime de travail qui peut repr\u00e9senter jusqu\u2019\u00e0 un quart de la r\u00e9mun\u00e9ration des ASCT.<\/p>\n\n\n\n<p class=\"\">Le syndicat, bien repr\u00e9sent\u00e9 chez les contr\u00f4leurs, et le CNA exigent \u00e9galement un \u00ab respect des horaires collectifs du travail \u00bb.<\/p>\n","protected":false},"excerpt":{"rendered":"<p>\u00c0 la SNCF, le syndicat Sud Rail a d\u00e9pos\u00e9 un pr\u00e9avis de gr\u00e8ve pendant tous les week-ends du 17 avril au 2 juin, du jeudi soir au lundi matin, selon des informations de nos confr\u00e8res du Parisien. Un pr\u00e9avis qui risque de refroidir et d&rsquo;effrayer de nombreux fran\u00e7ais car cela tombe pendant les vacances scolaires [&hellip;]<\/p>\n","protected":false},"author":2,"featured_media":34166,"comment_status":"open","ping_status":"open","sticky":false,"template":"","format":"standard","meta":{"_jetpack_memberships_contains_paid_content":false,"footnotes":"","jetpack_publicize_message":"","jetpack_publicize_feature_enabled":true,"jetpack_social_post_already_shared":true,"jetpack_social_options":{"image_generator_settings":{"template":"highway","enabled":true,"token":"eyJpbWciOiJodHRwczpcL1wvd3d3LmljZWFnZXR2LmNvbVwvcmFkaW9zaXRlXC93cC1jb250ZW50XC91cGxvYWRzXC8yMDI1XC8wM1wvNE96d1lnci5qcGciLCJ0eHQiOiJFbm9ybWUgZ2FsXHUwMGU4cmUgYW5ub25jXHUwMGU5ZSBwb3VyIGxlcyBGcmFuXHUwMGU3YWlzIDogVW4gdHJcdTAwZThzIGxvbmcgcHJcdTAwZTlhdmlzIGRlIGdyXHUwMGU4dmUgdmllbnQgZCYjODIxNztcdTAwZWF0cmUgZFx1MDBlOXBvc1x1MDBlOSBcdTAwZTAgbGEgU05DRiBwb3VyIGxlcyB2YWNhbmNlcyBkZSBQXHUwMGUycXVlcyBtYWlzIGF1c3NpIHBvdXIgdG91cyBsZXMgcG9udHMgZHUgbW9pcyBkZSBtYWkgISIsInRlbXBsYXRlIjoiaGlnaHdheSIsImJsb2dfaWQiOjExMTAxNjQ2MX0.q2p--nY6JIi9T6rqHq-8AjqOG8zU2aR4t7meIRfOqM0MQ"},"version":2},"_wpas_customize_per_network":false},"categories":[405],"tags":[],"class_list":["post-34165","post","type-post","status-publish","format-standard","has-post-thumbnail","hentry","category-actu-france-monde"],"jetpack_publicize_connections":[],"jetpack_featured_media_url":"https:\/\/i0.wp.com\/www.iceagetv.com\/radiosite\/wp-content\/uploads\/2025\/03\/4OzwYgr.jpg?fit=679%2C293&ssl=1","jetpack_sharing_enabled":true,"_links":{"self":[{"href":"https:\/\/www.iceagetv.com\/radiosite\/wp-json\/wp\/v2\/posts\/34165","targetHints":{"allow":["GET"]}}],"collection":[{"href":"https:\/\/www.iceagetv.com\/radiosite\/wp-json\/wp\/v2\/posts"}],"about":[{"href":"https:\/\/www.iceagetv.com\/radiosite\/wp-json\/wp\/v2\/types\/post"}],"author":[{"embeddable":true,"href":"https:\/\/www.iceagetv.com\/radiosite\/wp-json\/wp\/v2\/users\/2"}],"replies":[{"embeddable":true,"href":"https:\/\/www.iceagetv.com\/radiosite\/wp-json\/wp\/v2\/comments?post=34165"}],"version-history":[{"count":1,"href":"https:\/\/www.iceagetv.com\/radiosite\/wp-json\/wp\/v2\/posts\/34165\/revisions"}],"predecessor-version":[{"id":34167,"href":"https:\/\/www.iceagetv.com\/radiosite\/wp-json\/wp\/v2\/posts\/34165\/revisions\/34167"}],"wp:featuredmedia":[{"embeddable":true,"href":"https:\/\/www.iceagetv.com\/radiosite\/wp-json\/wp\/v2\/media\/34166"}],"wp:attachment":[{"href":"https:\/\/www.iceagetv.com\/radiosite\/wp-json\/wp\/v2\/media?parent=34165"}],"wp:term":[{"taxonomy":"category","embeddable":true,"href":"https:\/\/www.iceagetv.com\/radiosite\/wp-json\/wp\/v2\/categories?post=34165"},{"taxonomy":"post_tag","embeddable":true,"href":"https:\/\/www.iceagetv.com\/radiosite\/wp-json\/wp\/v2\/tags?post=34165"}],"curies":[{"name":"wp","href":"https:\/\/api.w.org\/{rel}","templated":true}]}}