{"id":34169,"date":"2025-03-25T07:59:29","date_gmt":"2025-03-25T06:59:29","guid":{"rendered":"https:\/\/www.iceagetv.com\/radiosite\/?p=34169"},"modified":"2025-03-25T07:59:34","modified_gmt":"2025-03-25T06:59:34","slug":"mort-du-petit-emile-les-grands-parents-de-lenfant-ont-ete-places-tot-ce-matin-en-garde-a-vue-pour-homicide-volontaire-et-recele-de-cadavre-leurs-deux-enfants-majeurs-sont-egalement-en-garde","status":"publish","type":"post","link":"https:\/\/www.iceagetv.com\/radiosite\/mort-du-petit-emile-les-grands-parents-de-lenfant-ont-ete-places-tot-ce-matin-en-garde-a-vue-pour-homicide-volontaire-et-recele-de-cadavre-leurs-deux-enfants-majeurs-sont-egalement-en-garde\/","title":{"rendered":"Mort du petit Emile : Les grands-parents de l&rsquo;enfant ont \u00e9t\u00e9 plac\u00e9s t\u00f4t ce matin en garde \u00e0 vue pour \u00ab\u00a0homicide volontaire et rec\u00e8le de cadavre\u00a0\u00bb &#8211; Leurs deux enfants majeurs sont \u00e9galement en garde \u00e0 vue"},"content":{"rendered":"\n<p class=\"\"><strong>Quatre personnes, dont les grands-parents du petit \u00c9mile Soleil disparu en juillet 2023 dans les Alpes-de-Haute-Provence, ont \u00e9t\u00e9 plac\u00e9s en garde \u00e0 vue, \u00e0 l&rsquo;aube ce mardi 25 mars, pour \u00ab\u00a0homicide volontaire\u00a0\u00bb et \u00ab\u00a0recel de cadavre\u00a0\u00bb, a annonc\u00e9 le procureur de la R\u00e9publique d&rsquo;Aix-en-Provence dans un communiqu\u00e9. Les deux autres personnes interpell\u00e9s sont \u00ab\u00a0deux des enfants majeurs\u00a0\u00bb des grands-parents, pr\u00e9cise le communiqu\u00e9 du procureur, selon lequel \u00ab\u00a0ces placements en garde \u00e0 vue s&rsquo;inscrivent dans une phase de v\u00e9rifications et de confrontations des \u00e9l\u00e9ments et informations recueillis lors des investigations r\u00e9alis\u00e9es ces derniers mois\u00a0\u00bb.Les grands-parents sont plac\u00e9s en garde \u00e0 vue pour homicide volontaire et rec\u00e8le de cadavre<\/strong><\/p>\n","protected":false},"excerpt":{"rendered":"<p>Quatre personnes, dont les grands-parents du petit \u00c9mile Soleil disparu en juillet 2023 dans les Alpes-de-Haute-Provence, ont \u00e9t\u00e9 plac\u00e9s en garde \u00e0 vue, \u00e0 l&rsquo;aube ce mardi 25 mars, pour \u00ab\u00a0homicide volontaire\u00a0\u00bb et \u00ab\u00a0recel de cadavre\u00a0\u00bb, a annonc\u00e9 le procureur de la R\u00e9publique d&rsquo;Aix-en-Provence dans un communiqu\u00e9. Les deux autres personnes interpell\u00e9s sont \u00ab\u00a0deux des [&hellip;]<\/p>\n","protected":false},"author":2,"featured_media":34171,"comment_status":"open","ping_status":"open","sticky":false,"template":"","format":"standard","meta":{"_jetpack_memberships_contains_paid_content":false,"footnotes":"","jetpack_publicize_message":"","jetpack_publicize_feature_enabled":true,"jetpack_social_post_already_shared":true,"jetpack_social_options":{"image_generator_settings":{"template":"highway","enabled":true,"token":"eyJpbWciOiJodHRwczpcL1wvd3d3LmljZWFnZXR2LmNvbVwvcmFkaW9zaXRlXC93cC1jb250ZW50XC91cGxvYWRzXC8yMDI1XC8wM1wvZ2pfOHpqcnhjYWF5aWl2XzAuanBnIiwidHh0IjoiTW9ydCBkdSBwZXRpdCBFbWlsZSA6IExlcyBncmFuZHMtcGFyZW50cyBkZSBsJiM4MjE3O2VuZmFudCBvbnQgXHUwMGU5dFx1MDBlOSBwbGFjXHUwMGU5cyB0XHUwMGY0dCBjZSBtYXRpbiBlbiBnYXJkZSBcdTAwZTAgdnVlIHBvdXIgJiM4MjIwO2hvbWljaWRlIHZvbG9udGFpcmUgZXQgcmVjXHUwMGU4bGUgZGUgY2FkYXZyZSYjODIyMTsgJiM4MjExOyBMZXVycyBkZXV4IGVuZmFudHMgbWFqZXVycyBzb250IFx1MDBlOWdhbGVtZW50IGVuIGdhcmRlIFx1MDBlMCB2dWUiLCJ0ZW1wbGF0ZSI6ImhpZ2h3YXkiLCJibG9nX2lkIjoxMTEwMTY0NjF9.A9YYlNe3rxjec2ukx-hw_dPiKGLsAjedaj0rtj8XZkEMQ"},"version":2},"_wpas_customize_per_network":false},"categories":[405],"tags":[],"class_list":["post-34169","post","type-post","status-publish","format-standard","has-post-thumbnail","hentry","category-actu-france-monde"],"jetpack_publicize_connections":[],"jetpack_featured_media_url":"https:\/\/i0.wp.com\/www.iceagetv.com\/radiosite\/wp-content\/uploads\/2025\/03\/gj_8zjrxcaayiiv_0.jpg?fit=920%2C397&ssl=1","jetpack_sharing_enabled":true,"_links":{"self":[{"href":"https:\/\/www.iceagetv.com\/radiosite\/wp-json\/wp\/v2\/posts\/34169","targetHints":{"allow":["GET"]}}],"collection":[{"href":"https:\/\/www.iceagetv.com\/radiosite\/wp-json\/wp\/v2\/posts"}],"about":[{"href":"https:\/\/www.iceagetv.com\/radiosite\/wp-json\/wp\/v2\/types\/post"}],"author":[{"embeddable":true,"href":"https:\/\/www.iceagetv.com\/radiosite\/wp-json\/wp\/v2\/users\/2"}],"replies":[{"embeddable":true,"href":"https:\/\/www.iceagetv.com\/radiosite\/wp-json\/wp\/v2\/comments?post=34169"}],"version-history":[{"count":1,"href":"https:\/\/www.iceagetv.com\/radiosite\/wp-json\/wp\/v2\/posts\/34169\/revisions"}],"predecessor-version":[{"id":34172,"href":"https:\/\/www.iceagetv.com\/radiosite\/wp-json\/wp\/v2\/posts\/34169\/revisions\/34172"}],"wp:featuredmedia":[{"embeddable":true,"href":"https:\/\/www.iceagetv.com\/radiosite\/wp-json\/wp\/v2\/media\/34171"}],"wp:attachment":[{"href":"https:\/\/www.iceagetv.com\/radiosite\/wp-json\/wp\/v2\/media?parent=34169"}],"wp:term":[{"taxonomy":"category","embeddable":true,"href":"https:\/\/www.iceagetv.com\/radiosite\/wp-json\/wp\/v2\/categories?post=34169"},{"taxonomy":"post_tag","embeddable":true,"href":"https:\/\/www.iceagetv.com\/radiosite\/wp-json\/wp\/v2\/tags?post=34169"}],"curies":[{"name":"wp","href":"https:\/\/api.w.org\/{rel}","templated":true}]}}