{"id":34179,"date":"2025-03-25T13:45:24","date_gmt":"2025-03-25T12:45:24","guid":{"rendered":"https:\/\/www.iceagetv.com\/radiosite\/?p=34179"},"modified":"2025-03-25T13:45:28","modified_gmt":"2025-03-25T12:45:28","slug":"la-tres-etrange-decision-de-france-tele-de-faire-disparaitre-les-logos-de-france-2-france-3-france-4-et-france-5-qui-napparaitront-plus-a-lantenne-a-partir-du-6-juin-et-seront-r","status":"publish","type":"post","link":"https:\/\/www.iceagetv.com\/radiosite\/la-tres-etrange-decision-de-france-tele-de-faire-disparaitre-les-logos-de-france-2-france-3-france-4-et-france-5-qui-napparaitront-plus-a-lantenne-a-partir-du-6-juin-et-seront-r\/","title":{"rendered":"La tr\u00e8s \u00e9trange d\u00e9cision de France T\u00e9l\u00e9 de faire dispara\u00eetre les logos\u00a0de France 2, France 3, France 4 et\u00a0France 5 qui n\u2019appara\u00eetront plus \u00e0 l&rsquo;antenne \u00e0 partir du 6 juin et seront remplac\u00e9s par la \u00ab\u00a0marque unique\u00a0\u00bb\u00a0france.tv"},"content":{"rendered":"\n<p class=\"\">Les logos de France 2, France 3, France 4 et France 5 dispara\u00eetront de l&rsquo;antenne \u00e0 partir du 6 juin et seront remplac\u00e9s par la \u00ab\u00a0marque m\u00e9dia unique\u00a0\u00bb france.tv, a annonc\u00e9 mardi la pr\u00e9sidente du groupe public France T\u00e9l\u00e9visions, Delphine Ernotte Cunci.<\/p>\n\n\n\n<p class=\"\">\u00ab\u00a0Sur France 2 et toutes les cha\u00eenes du groupe, vous verrez non plus un .2 en haut a droite mais vous verrez france.tv\u00a0\u00bb, a assur\u00e9 la dirigeante lors d&rsquo;une conf\u00e9rence de presse, en d\u00e9voilant cette \u00ab\u00a0petite r\u00e9volution\u00a0\u00bb.<\/p>\n\n\n\n<p class=\"\">\u00ab\u00a0Pour un m\u00f4me de 15 ans, le .2 \u00e7a ne veut rien dire (&#8230;). On ne va pas faire dispara\u00eetre\u00a0\u00bb les cha\u00eenes elles-m\u00eames, mais \u00ab\u00a0la marque c&rsquo;est france.tv\u00a0\u00bb \u00e0 partir du 6 juin, a-t-elle d\u00e9velopp\u00e9.<\/p>\n\n\n\n<p class=\"\">A cette date, un changement de num\u00e9rotation de plusieurs cha\u00eenes va intervenir, d\u00e9coulant de l&rsquo;arr\u00eat sur la t\u00e9l\u00e9vision num\u00e9rique terrestre (TNT) de C8 et NRJ12 depuis fin f\u00e9vrier. Sur le num\u00e9ro 4 des t\u00e9l\u00e9commandes, France 4 va remplacer Canal+ qui quitte la TNT, ce qui va permettre un encha\u00eenement logique de France 2 \u00e0 France 5. \u00ab\u00a0En regroupant les num\u00e9ros, cela nous a lib\u00e9r\u00e9s des num\u00e9ros et nous a permis de faire plus vite la r\u00e9volution de la marque\u00a0\u00bb, a affirm\u00e9 Mme Ernotte Cunci.<\/p>\n\n\n\n<p class=\"\">Toutefois, la cha\u00eene d&rsquo;info continue franceinfo, la marque commune \u00e0 France 3 et France Bleu Ici, l&rsquo;offre jeunesse Ookoo et Outre-mer La Premi\u00e8re vont garder leurs marques. Apr\u00e8s le regroupement des sites des cha\u00eenes lin\u00e9aires et le succ\u00e8s de la plateforme gratuite france.tv (36 millions de visiteurs par mois), un nouveau pas va \u00eatre franchi dans l&rsquo;int\u00e9gration.<\/p>\n\n\n\n<p class=\"\">\u00ab\u00a0L&rsquo;union fait la force\u00a0\u00bb, et \u00ab\u00a0tout notre enjeu est d&rsquo;\u00eatre reconnu\u00a0\u00bb, \u00e0 l&rsquo;heure des applications et r\u00e9seaux sociaux, selon la pr\u00e9sidente de France T\u00e9l\u00e9visions. Elle a pris l&rsquo;exemple du m\u00eame cheminement \u00e0 la BBC en Angleterre. Cependant, \u00ab\u00a0on ne va pas lisser les identit\u00e9s\u00a0\u00bb de chaque cha\u00eene, a-t-elle temp\u00e9r\u00e9, alors que l&rsquo;enjeu est aussi de ne pas perdre les publics.<\/p>\n\n\n\n<p class=\"\">Lanc\u00e9e en 2017, la plateforme france.tv monte en puissance. Mi-2025, elle rassemblera toute l&rsquo;offre vid\u00e9o de l&rsquo;audiovisuel public: les contenus de l&rsquo;Ina, LCP et Public S\u00e9nat, TV5 Monde et France 24, apr\u00e8s d\u00e9j\u00e0 Arte. Mme Ernotte Cunci vise aussi davantage d&rsquo;information et des podcasts sur la plateforme. Elle pr\u00e9pare actuellement un projet de candidature pour un troisi\u00e8me mandat \u00e0 la t\u00eate de France t\u00e9l\u00e9.<\/p>\n","protected":false},"excerpt":{"rendered":"<p>Les logos de France 2, France 3, France 4 et France 5 dispara\u00eetront de l&rsquo;antenne \u00e0 partir du 6 juin et seront remplac\u00e9s par la \u00ab\u00a0marque m\u00e9dia unique\u00a0\u00bb france.tv, a annonc\u00e9 mardi la pr\u00e9sidente du groupe public France T\u00e9l\u00e9visions, Delphine Ernotte Cunci. \u00ab\u00a0Sur France 2 et toutes les cha\u00eenes du groupe, vous verrez non plus [&hellip;]<\/p>\n","protected":false},"author":2,"featured_media":34180,"comment_status":"open","ping_status":"open","sticky":false,"template":"","format":"standard","meta":{"_jetpack_memberships_contains_paid_content":false,"footnotes":"","jetpack_publicize_message":"","jetpack_publicize_feature_enabled":true,"jetpack_social_post_already_shared":true,"jetpack_social_options":{"image_generator_settings":{"template":"highway","enabled":true,"token":"eyJpbWciOiJodHRwczpcL1wvd3d3LmljZWFnZXR2LmNvbVwvcmFkaW9zaXRlXC93cC1jb250ZW50XC91cGxvYWRzXC8yMDI1XC8wM1wvTk44bUhRNUsuanBnIiwidHh0IjoiTGEgdHJcdTAwZThzIFx1MDBlOXRyYW5nZSBkXHUwMGU5Y2lzaW9uIGRlIEZyYW5jZSBUXHUwMGU5bFx1MDBlOSBkZSBmYWlyZSBkaXNwYXJhXHUwMGVldHJlIGxlcyBsb2dvc1x1MDBhMGRlIEZyYW5jZSAyLCBGcmFuY2UgMywgRnJhbmNlIDQgZXRcdTAwYTBGcmFuY2UgNSBxdWkgblx1MjAxOWFwcGFyYVx1MDBlZXRyb250IHBsdXMgXHUwMGUwIGwmIzgyMTc7YW50ZW5uZSBcdTAwZTAgcGFydGlyIGR1IDYganVpbiBldCBzZXJvbnQgcmVtcGxhY1x1MDBlOXMgcGFyIGxhICYjODIyMDttYXJxdWUgdW5pcXVlJiM4MjIxO1x1MDBhMGZyYW5jZS50diIsInRlbXBsYXRlIjoiaGlnaHdheSIsImJsb2dfaWQiOjExMTAxNjQ2MX0.iKxxZArfe5xBwLsqkv8Ly9s6nl72SCYFRtv9m2SH514MQ"},"version":2},"_wpas_customize_per_network":false},"categories":[68],"tags":[],"class_list":["post-34179","post","type-post","status-publish","format-standard","has-post-thumbnail","hentry","category-actu-culturelle"],"jetpack_publicize_connections":[],"jetpack_featured_media_url":"https:\/\/i0.wp.com\/www.iceagetv.com\/radiosite\/wp-content\/uploads\/2025\/03\/NN8mHQ5K.jpg?fit=679%2C293&ssl=1","jetpack_sharing_enabled":true,"_links":{"self":[{"href":"https:\/\/www.iceagetv.com\/radiosite\/wp-json\/wp\/v2\/posts\/34179","targetHints":{"allow":["GET"]}}],"collection":[{"href":"https:\/\/www.iceagetv.com\/radiosite\/wp-json\/wp\/v2\/posts"}],"about":[{"href":"https:\/\/www.iceagetv.com\/radiosite\/wp-json\/wp\/v2\/types\/post"}],"author":[{"embeddable":true,"href":"https:\/\/www.iceagetv.com\/radiosite\/wp-json\/wp\/v2\/users\/2"}],"replies":[{"embeddable":true,"href":"https:\/\/www.iceagetv.com\/radiosite\/wp-json\/wp\/v2\/comments?post=34179"}],"version-history":[{"count":1,"href":"https:\/\/www.iceagetv.com\/radiosite\/wp-json\/wp\/v2\/posts\/34179\/revisions"}],"predecessor-version":[{"id":34181,"href":"https:\/\/www.iceagetv.com\/radiosite\/wp-json\/wp\/v2\/posts\/34179\/revisions\/34181"}],"wp:featuredmedia":[{"embeddable":true,"href":"https:\/\/www.iceagetv.com\/radiosite\/wp-json\/wp\/v2\/media\/34180"}],"wp:attachment":[{"href":"https:\/\/www.iceagetv.com\/radiosite\/wp-json\/wp\/v2\/media?parent=34179"}],"wp:term":[{"taxonomy":"category","embeddable":true,"href":"https:\/\/www.iceagetv.com\/radiosite\/wp-json\/wp\/v2\/categories?post=34179"},{"taxonomy":"post_tag","embeddable":true,"href":"https:\/\/www.iceagetv.com\/radiosite\/wp-json\/wp\/v2\/tags?post=34179"}],"curies":[{"name":"wp","href":"https:\/\/api.w.org\/{rel}","templated":true}]}}