{"id":34188,"date":"2025-03-25T22:46:38","date_gmt":"2025-03-25T21:46:38","guid":{"rendered":"https:\/\/www.iceagetv.com\/radiosite\/?p=34188"},"modified":"2025-03-25T22:46:42","modified_gmt":"2025-03-25T21:46:42","slug":"jusqua-1-500-euros-damende-oublier-un-bagage-dans-les-transports-peut-desormais-couter-tres-cher","status":"publish","type":"post","link":"https:\/\/www.iceagetv.com\/radiosite\/jusqua-1-500-euros-damende-oublier-un-bagage-dans-les-transports-peut-desormais-couter-tres-cher\/","title":{"rendered":"Jusqu&rsquo;\u00e0 1.500 euros d&rsquo;amende: oublier un bagage dans les transports peut d\u00e9sormais co\u00fbter tr\u00e8s cher"},"content":{"rendered":"\n<p class=\"\">Dans les transports en commun, vous \u00eates agac\u00e9s par la multiplication des&nbsp;<a href=\"https:\/\/rmc.bfmtv.com\/conso\/transports\/navigo-tout-ce-qu-il-faut-savoir-sur-la-nouvelle-campagne-de-dedommagement-jusqu-au-15-avril_AN-202503190679.html\">retards<\/a>&nbsp;li\u00e9s \u00e0 un bagage oubli\u00e9?<\/p>\n\n\n\n<p class=\"\">Gr\u00e2ce \u00e0 la\u00a0<a href=\"https:\/\/www.vie-publique.fr\/loi\/293022-securite-dans-les-transports-proposition-de-loi-tabarot#amendes-en-cas-de-bagage-oubli%C3%A9-et-peine-dinterdiction-de-para%C3%AEtre\" target=\"_blank\" rel=\"noreferrer noopener\">proposition de loi relative au renforcement de la s\u00fbret\u00e9 dans les transports<\/a>, adopt\u00e9e le 18 mars dernier par l&rsquo;Assembl\u00e9e nationale, les voyageurs distraits qui oublient leur bagage devront d\u00e9sormais payer une amende. RMC Conso fait le point sur la r\u00e9glementation.Trois niveaux d&rsquo;amendeAvec cette proposition de loi, les sanctions pour les oublis ou abandons volontaires de bagages ou d\u2019objets dans les transports publics sont modifi\u00e9es.Actuellement, des amendes peuvent d\u00e9j\u00e0 \u00eatre prononc\u00e9es en cas d\u2019oubli de bagage par la SNCF (150 euros) et la RATP (de 150 \u00e0 375 euros).Les voyageurs encourront dor\u00e9navant trois niveaux d&rsquo;amende. D&rsquo;abord, en cas d&rsquo;abandon involontaire, les usagers s&rsquo;exposent \u00e0 une amende forfaitaire de 72 euros et pouvant aller jusqu&rsquo;\u00e0 450 euros.Le montant de l&rsquo;amende peut encore grimper si l&rsquo;\u00e9tiquetage des bagages est obligatoire, comme c&rsquo;est le cas par exemple pour les TGV et TER, et que le bagage involontairement oubli\u00e9 n&rsquo;a pas \u00e9t\u00e9 \u00e9tiquet\u00e9. Dans ce cas, l&rsquo;amende forfaitaire grimpe \u00e0 150 euros, et peut m\u00eame aller jusqu&rsquo;\u00e0 750 euros.Il est pr\u00e9vu que les op\u00e9rateurs de transports proposent, sous certaines conditions, un service d\u2019\u00e9tiquetage anonymis\u00e9 aux voyageurs (QR code).Jusqu&rsquo;\u00e0 1.500 eurosEt \u00e7a ne s&rsquo;arr\u00eate pas l\u00e0. Sans surprise, en cas d&rsquo;abandon volontaire manifeste, les voyageurs devront se soumettre \u00e0 une amende forfaitaire de 180 euros et pouvant m\u00eame s&rsquo;\u00e9lever jusqu&rsquo;\u00e0 1.500 euros.<\/p>\n","protected":false},"excerpt":{"rendered":"<p>Dans les transports en commun, vous \u00eates agac\u00e9s par la multiplication des&nbsp;retards&nbsp;li\u00e9s \u00e0 un bagage oubli\u00e9? Gr\u00e2ce \u00e0 la\u00a0proposition de loi relative au renforcement de la s\u00fbret\u00e9 dans les transports, adopt\u00e9e le 18 mars dernier par l&rsquo;Assembl\u00e9e nationale, les voyageurs distraits qui oublient leur bagage devront d\u00e9sormais payer une amende. RMC Conso fait le point [&hellip;]<\/p>\n","protected":false},"author":2,"featured_media":34189,"comment_status":"open","ping_status":"open","sticky":false,"template":"","format":"standard","meta":{"_jetpack_memberships_contains_paid_content":false,"footnotes":"","jetpack_publicize_message":"","jetpack_publicize_feature_enabled":true,"jetpack_social_post_already_shared":true,"jetpack_social_options":{"image_generator_settings":{"template":"highway","enabled":true,"token":"eyJpbWciOiJodHRwczpcL1wvd3d3LmljZWFnZXR2LmNvbVwvcmFkaW9zaXRlXC93cC1jb250ZW50XC91cGxvYWRzXC8yMDI1XC8wM1wvU2NyZWVuc2hvdF8yMDI1MDMyNV8yMjQ1MzQtMTAyNHg0MzQuanBnIiwidHh0IjoiSnVzcXUmIzgyMTc7XHUwMGUwIDEuNTAwIGV1cm9zIGQmIzgyMTc7YW1lbmRlOiBvdWJsaWVyIHVuIGJhZ2FnZSBkYW5zIGxlcyB0cmFuc3BvcnRzIHBldXQgZFx1MDBlOXNvcm1haXMgY29cdTAwZmJ0ZXIgdHJcdTAwZThzIGNoZXIiLCJ0ZW1wbGF0ZSI6ImhpZ2h3YXkiLCJibG9nX2lkIjoxMTEwMTY0NjF9.bTG8Jg8H5ihs1GhJQFumUpirn-keLXiYV_7s3UmNY3sMQ"},"version":2},"_wpas_customize_per_network":false},"categories":[405],"tags":[],"class_list":["post-34188","post","type-post","status-publish","format-standard","has-post-thumbnail","hentry","category-actu-france-monde"],"jetpack_publicize_connections":[],"jetpack_featured_media_url":"https:\/\/i0.wp.com\/www.iceagetv.com\/radiosite\/wp-content\/uploads\/2025\/03\/Screenshot_20250325_224534.jpg?fit=1061%2C450&ssl=1","jetpack_sharing_enabled":true,"_links":{"self":[{"href":"https:\/\/www.iceagetv.com\/radiosite\/wp-json\/wp\/v2\/posts\/34188","targetHints":{"allow":["GET"]}}],"collection":[{"href":"https:\/\/www.iceagetv.com\/radiosite\/wp-json\/wp\/v2\/posts"}],"about":[{"href":"https:\/\/www.iceagetv.com\/radiosite\/wp-json\/wp\/v2\/types\/post"}],"author":[{"embeddable":true,"href":"https:\/\/www.iceagetv.com\/radiosite\/wp-json\/wp\/v2\/users\/2"}],"replies":[{"embeddable":true,"href":"https:\/\/www.iceagetv.com\/radiosite\/wp-json\/wp\/v2\/comments?post=34188"}],"version-history":[{"count":1,"href":"https:\/\/www.iceagetv.com\/radiosite\/wp-json\/wp\/v2\/posts\/34188\/revisions"}],"predecessor-version":[{"id":34190,"href":"https:\/\/www.iceagetv.com\/radiosite\/wp-json\/wp\/v2\/posts\/34188\/revisions\/34190"}],"wp:featuredmedia":[{"embeddable":true,"href":"https:\/\/www.iceagetv.com\/radiosite\/wp-json\/wp\/v2\/media\/34189"}],"wp:attachment":[{"href":"https:\/\/www.iceagetv.com\/radiosite\/wp-json\/wp\/v2\/media?parent=34188"}],"wp:term":[{"taxonomy":"category","embeddable":true,"href":"https:\/\/www.iceagetv.com\/radiosite\/wp-json\/wp\/v2\/categories?post=34188"},{"taxonomy":"post_tag","embeddable":true,"href":"https:\/\/www.iceagetv.com\/radiosite\/wp-json\/wp\/v2\/tags?post=34188"}],"curies":[{"name":"wp","href":"https:\/\/api.w.org\/{rel}","templated":true}]}}