{"id":34193,"date":"2025-03-26T08:03:32","date_gmt":"2025-03-26T07:03:32","guid":{"rendered":"https:\/\/www.iceagetv.com\/radiosite\/?p=34193"},"modified":"2025-03-26T08:03:37","modified_gmt":"2025-03-26T07:03:37","slug":"la-slovaquie-declare-letat-durgence-en-raison-de-la-fievre-aphteuse","status":"publish","type":"post","link":"https:\/\/www.iceagetv.com\/radiosite\/la-slovaquie-declare-letat-durgence-en-raison-de-la-fievre-aphteuse\/","title":{"rendered":"La Slovaquie d\u00e9clare l&rsquo;\u00e9tat d&rsquo;urgence en raison de la fi\u00e8vre aphteuse"},"content":{"rendered":"\n<p class=\"\">L&rsquo;\u00e9tat d&rsquo;urgence, en vigueur depuis mardi 13 heures, couvre l&rsquo;ensemble du pays et permettra une mise en \u0153uvre plus efficace des mesures de protection.\u00a0Le ministre slovaque de l&rsquo;Agriculture, Richard Tak\u00e1\u010d (Smer-SD\/NI), a confirm\u00e9 mardi matin un quatri\u00e8me cas de&nbsp;<a href=\"https:\/\/www.euractiv.com\/section\/agriculture-food\/news\/foot-and-mouth-disease-detected-in-slovakia\/\">fi\u00e8vre aphteuse<\/a>&nbsp;dans une ferme d&rsquo;\u00e9levage du village slovaque de L\u00fa\u010d na Ostrove.<\/p>\n\n\n\n<p class=\"\">Face \u00e0 l&rsquo;\u00e9pid\u00e9mie, le gouvernement slovaque a d\u00e9clar\u00e9 l&rsquo;\u00e9tat d&rsquo;urgence, en vigueur depuis mardi 13 heures sur l&rsquo;ensemble du territoire. Cette mesure permettra \u00e0 l&rsquo;\u00c9tat de mettre en \u0153uvre plus efficacement certaines mesures de protection.<\/p>\n\n\n\n<p class=\"\"><strong>\u00c9tat de crise.<\/strong>&nbsp;Le ministre de l&rsquo;Int\u00e9rieur, Mat\u00fa\u0161 \u0160utaj E\u0161tok, a annonc\u00e9 mardi soir la convocation d&rsquo;une cellule de crise. Il a d\u00e9clar\u00e9 que l&rsquo;\u00e9tat d&rsquo;urgence permettrait une meilleure \u00ab coordination des ressources et du personnel \u00bb et acc\u00e9l\u00e9rerait les processus d&rsquo;approvisionnement.<\/p>\n\n\n\n<p class=\"\">Le Premier ministre Robert Fico a d\u00e9clar\u00e9 lors d&rsquo;une conf\u00e9rence de presse qu&rsquo;il \u00e9tait actuellement impossible d&rsquo;estimer les d\u00e9g\u00e2ts, mais qu&rsquo;ils pourraient \u00ab&nbsp;augmenter de fa\u00e7on astronomique&nbsp;\u00bb. Les principales inqui\u00e9tudes portent sur d&rsquo;\u00e9ventuelles p\u00e9nuries de lait et de viande.<\/p>\n\n\n\n<p class=\"\">Il a averti que l&rsquo;\u00e9pid\u00e9mie constituait une menace pour l&rsquo;ensemble du pays, soulignant : \u00ab C&rsquo;est une affaire extr\u00eamement grave. \u00bb<\/p>\n","protected":false},"excerpt":{"rendered":"<p>L&rsquo;\u00e9tat d&rsquo;urgence, en vigueur depuis mardi 13 heures, couvre l&rsquo;ensemble du pays et permettra une mise en \u0153uvre plus efficace des mesures de protection.\u00a0Le ministre slovaque de l&rsquo;Agriculture, Richard Tak\u00e1\u010d (Smer-SD\/NI), a confirm\u00e9 mardi matin un quatri\u00e8me cas de&nbsp;fi\u00e8vre aphteuse&nbsp;dans une ferme d&rsquo;\u00e9levage du village slovaque de L\u00fa\u010d na Ostrove. Face \u00e0 l&rsquo;\u00e9pid\u00e9mie, le gouvernement [&hellip;]<\/p>\n","protected":false},"author":2,"featured_media":34194,"comment_status":"open","ping_status":"open","sticky":false,"template":"","format":"standard","meta":{"_jetpack_memberships_contains_paid_content":false,"footnotes":"","jetpack_publicize_message":"","jetpack_publicize_feature_enabled":true,"jetpack_social_post_already_shared":true,"jetpack_social_options":{"image_generator_settings":{"template":"highway","enabled":true,"token":"eyJpbWciOiJodHRwczpcL1wvd3d3LmljZWFnZXR2LmNvbVwvcmFkaW9zaXRlXC93cC1jb250ZW50XC91cGxvYWRzXC8yMDI1XC8wM1wvR2V0dHlJbWFnZXMtMjE5MzczOTU1Ny5qcGciLCJ0eHQiOiJMYSBTbG92YXF1aWUgZFx1MDBlOWNsYXJlIGwmIzgyMTc7XHUwMGU5dGF0IGQmIzgyMTc7dXJnZW5jZSBlbiByYWlzb24gZGUgbGEgZmlcdTAwZTh2cmUgYXBodGV1c2UiLCJ0ZW1wbGF0ZSI6ImhpZ2h3YXkiLCJibG9nX2lkIjoxMTEwMTY0NjF9.sbi38TsdSJDjLeodcm71ASRhXoZfjXb_TRNqJR0KDr0MQ"},"version":2},"_wpas_customize_per_network":false},"categories":[405],"tags":[],"class_list":["post-34193","post","type-post","status-publish","format-standard","has-post-thumbnail","hentry","category-actu-france-monde"],"jetpack_publicize_connections":[],"jetpack_featured_media_url":"https:\/\/i0.wp.com\/www.iceagetv.com\/radiosite\/wp-content\/uploads\/2025\/03\/GettyImages-2193739557.jpg?fit=1024%2C683&ssl=1","jetpack_sharing_enabled":true,"_links":{"self":[{"href":"https:\/\/www.iceagetv.com\/radiosite\/wp-json\/wp\/v2\/posts\/34193","targetHints":{"allow":["GET"]}}],"collection":[{"href":"https:\/\/www.iceagetv.com\/radiosite\/wp-json\/wp\/v2\/posts"}],"about":[{"href":"https:\/\/www.iceagetv.com\/radiosite\/wp-json\/wp\/v2\/types\/post"}],"author":[{"embeddable":true,"href":"https:\/\/www.iceagetv.com\/radiosite\/wp-json\/wp\/v2\/users\/2"}],"replies":[{"embeddable":true,"href":"https:\/\/www.iceagetv.com\/radiosite\/wp-json\/wp\/v2\/comments?post=34193"}],"version-history":[{"count":1,"href":"https:\/\/www.iceagetv.com\/radiosite\/wp-json\/wp\/v2\/posts\/34193\/revisions"}],"predecessor-version":[{"id":34195,"href":"https:\/\/www.iceagetv.com\/radiosite\/wp-json\/wp\/v2\/posts\/34193\/revisions\/34195"}],"wp:featuredmedia":[{"embeddable":true,"href":"https:\/\/www.iceagetv.com\/radiosite\/wp-json\/wp\/v2\/media\/34194"}],"wp:attachment":[{"href":"https:\/\/www.iceagetv.com\/radiosite\/wp-json\/wp\/v2\/media?parent=34193"}],"wp:term":[{"taxonomy":"category","embeddable":true,"href":"https:\/\/www.iceagetv.com\/radiosite\/wp-json\/wp\/v2\/categories?post=34193"},{"taxonomy":"post_tag","embeddable":true,"href":"https:\/\/www.iceagetv.com\/radiosite\/wp-json\/wp\/v2\/tags?post=34193"}],"curies":[{"name":"wp","href":"https:\/\/api.w.org\/{rel}","templated":true}]}}