{"id":34197,"date":"2025-03-26T09:15:04","date_gmt":"2025-03-26T08:15:04","guid":{"rendered":"https:\/\/www.iceagetv.com\/radiosite\/?p=34197"},"modified":"2025-03-26T09:15:09","modified_gmt":"2025-03-26T08:15:09","slug":"mort-demilie-dequenne-les-obseques-de-lactrice-se-tiennent-ce-mercredi-au-pere-lachaise","status":"publish","type":"post","link":"https:\/\/www.iceagetv.com\/radiosite\/mort-demilie-dequenne-les-obseques-de-lactrice-se-tiennent-ce-mercredi-au-pere-lachaise\/","title":{"rendered":"Mort d&rsquo;\u00c9milie Dequenne: les obs\u00e8ques de l&rsquo;actrice se tiennent ce mercredi au P\u00e8re Lachaise"},"content":{"rendered":"\n<p class=\"\">Les obs\u00e8ques l&rsquo;actrice belge, morte le 16 mars dernier \u00e0 l&rsquo;\u00e2ge de 43 ans des suites d&rsquo;un cancer rare, doivent se tenir ce mercredi 26 mars \u00e0 15h30, au cimeti\u00e8re du P\u00e8re-Lachaise \u00e0 Paris.<\/p>\n\n\n\n<p class=\"\">Un dernier adieu \u00e0&nbsp;<a href=\"https:\/\/www.bfmtv.com\/people\/cinema\/merci-maman-de-m-avoir-elevee-avec-ces-valeurs-sublimes-l-hommage-de-la-fille-d-emilie-dequenne_AN-202503180438.html\">\u00c9milie Dequenne<\/a>. Les obs\u00e8ques de l&rsquo;actrice belge, morte le 16 mars dernier \u00e0 l&rsquo;\u00e2ge de 43 ans des suites&nbsp;<a href=\"https:\/\/www.bfmtv.com\/sante\/mort-d-emilie-dequenne-qu-est-ce-que-le-corticosurrenalome-ce-cancer-rare-qui-a-tue-l-actrice_AV-202503170458.html\">d&rsquo;un cancer rare<\/a>, doivent se tenir ce mercredi 26 mars \u00e0 15h30, au cr\u00e9matorium du cimeti\u00e8re du P\u00e8re-Lachaise \u00e0 Paris.<\/p>\n\n\n\n<p class=\"\">Selon le souhait de la com\u00e9dienne, ses proches et son agente, Danielle Gain, ont demand\u00e9 dans un faire-part \u00e0 ce qu&rsquo;aucune fleur ni couronne ne soit offerte \u00e0 \u00c9milie Dequenne mais plut\u00f4t de privil\u00e9gier des dons pour la recherche contre le cancer.\u00a0\u00bbPr\u00e9f\u00e9rez nous aider \u00e0 faire progresser la recherche sur le corticosurr\u00e9nalome en faisant un don \u00e0 l&rsquo;Institut Gustave Roussy\u00a0\u00bb, l&rsquo;un des principaux centres de lutte contre le cancer en France, o\u00f9 elle est d\u00e9c\u00e9d\u00e9e en soins palliatifs, ont ajout\u00e9 ses proches.<\/p>\n\n\n\n<p class=\"\">Une page a \u00e9t\u00e9 ouverte \u00e0 cet effet sur le site de l&rsquo;institut Gustave Roussy par la famille de l&rsquo;actrice, rappelant qu&rsquo;elle \u00ab\u00a0r\u00eavait d&rsquo;un monde o\u00f9 les traitements seraient plus efficaces\u00a0\u00bb.<\/p>\n\n\n\n<h2 class=\"wp-block-heading\" id=\"9884c\">Une malade de plus en plus agressive<\/h2>\n\n\n\n<p class=\"\">R\u00e9v\u00e9l\u00e9e \u00e0 18 ans dans&nbsp;<em>Rosetta&nbsp;<\/em>des fr\u00e8res Dardenne, qui lui a valu le prix d&rsquo;interpr\u00e9tation \u00e0 Cannes, \u00c9milie Dequenne a jou\u00e9 dans une cinquantaine de films, notamment&nbsp;<em>Le Pacte des loups<\/em>&nbsp;de Christophe Gans,&nbsp;<em>La Fille du RER<\/em>&nbsp;d&rsquo;Andr\u00e9 T\u00e9chin\u00e9,&nbsp;<em>\u00c0 perdre la raison<\/em>&nbsp;de Joachim Lafosse ou&nbsp;<em>Les Choses qu&rsquo;on dit, les choses qu&rsquo;on fait<\/em>&nbsp;d&rsquo;Emmanuel Mouret.<\/p>\n\n\n\n<p class=\"\">Mais, en octobre 2023, la com\u00e9dienne a annonc\u00e9 \u00eatre atteinte d&rsquo;un\u00a0<strong><a href=\"https:\/\/www.bfmtv.com\/sante\/mort-d-emilie-dequenne-qu-est-ce-que-le-corticosurrenalome-ce-cancer-rare-qui-a-tue-l-actrice_AV-202503170458.html\">corticosurr\u00e9nalome<\/a><\/strong>. Ce cancer du syst\u00e8me endocrinien, diagnostiqu\u00e9 deux mois auparavant, l&rsquo;a tenu \u00e9loign\u00e9e des plateaux de tournage.Apr\u00e8s&nbsp;<strong><a href=\"https:\/\/www.bfmtv.com\/people\/cinema\/aux-dernieres-nouvelles-tout-allait-bien-emilie-dequenne-de-retour-au-cinema-evoque-son-cancer_AN-202406190033.html\">une p\u00e9riode de r\u00e9mission<\/a><\/strong>, \u00c9milie Dequenne avait confi\u00e9 en d\u00e9cembre dernier qu&rsquo;elle combattait&nbsp;<strong><a href=\"https:\/\/www.bfmtv.com\/people\/cinema\/l-actrice-emilie-dequenne-dit-combattre-un-cancer-de-plus-en-plus-agressif_AD-202412010497.html\">une maladie de plus en plus agressive<\/a><\/strong>, qui ferait qu&rsquo;elle ne vivrait \u00ab\u00a0pas aussi longtemps que pr\u00e9vu\u00a0\u00bb. Quelques semaines plus tard, elle avait annonc\u00e9&nbsp;<strong><a href=\"https:\/\/www.bfmtv.com\/people\/cinema\/reprise-des-hostilites-l-actrice-emilie-dequenne-annonce-avoir-repris-la-chimiotherapie_AN-202412300379.html\">avoir repris la chimioth\u00e9rapie<\/a><\/strong>. Avant sa mort, le 16 mars, elle avait pass\u00e9 plusieurs jours en soins palliatifs \u00e0 l&rsquo;h\u00f4pital Gustave Roussy.<\/p>\n\n\n\n<h2 class=\"wp-block-heading\" id=\"8l9sq\">Une pluie d&rsquo;hommages du monde du cin\u00e9ma<\/h2>\n\n\n\n<p class=\"\">L&rsquo;annonce de la mort pr\u00e9matur\u00e9e de l&rsquo;actrice aim\u00e9e du public et appr\u00e9ci\u00e9e de grands cin\u00e9astes a\u00a0<a href=\"https:\/\/www.bfmtv.com\/people\/cinema\/mort-d-emilie-dequenne-leila-bekhti-alex-lutz-alexandra-lamy-les-hommages-affluent_AV-202503170221.html\">provoqu\u00e9 une vague d&rsquo;hommages<\/a>\u00a0dans le monde du 7e art \u00e0 commencer par les fr\u00e8res Dardenne qui l&rsquo;ont r\u00e9v\u00e9l\u00e9e.Sur BFMTV, Luc Dardenne s&rsquo;est souvenu de sa collaboration avec \u00c9milie Dequenne pour Rosetta. \u00ab\u00a0\u00c7a a \u00e9t\u00e9 un grand plaisir de travailler avec elle, et on a tout de suite compris que ce serait elle qui serait Rosetta\u00a0\u00bb, a-t-il d\u00e9clar\u00e9.<\/p>\n\n\n\n<blockquote class=\"wp-block-quote is-layout-flow wp-block-quote-is-layout-flow\">\n<p class=\"\">\u00ab\u00a0Le premier jour de tournage, toute l\u2019\u00e9quipe a \u00e9t\u00e9 capt\u00e9e par elle (\u2026) il y avait une unit\u00e9 tr\u00e8s grande autour d&rsquo;elle. Elle a fait croire au film, elle a fait croire \u00e0 Rosetta\u00a0\u00bb, a ajout\u00e9 le cin\u00e9aste.<\/p>\n<\/blockquote>\n\n\n\n<p class=\"\">Sur les r\u00e9seaux sociaux, d&rsquo;autres grands noms du cin\u00e9ma tels que Tahar Rahim, Le\u00efla Bekhti, Alex Lutz, Juliette Binoche, Virginie Efira, Alexandra Lamy ou encore Vincent Macaigne ont \u00e9galement salu\u00e9 la m\u00e9moire de la com\u00e9dienne.<\/p>\n","protected":false},"excerpt":{"rendered":"<p>Les obs\u00e8ques l&rsquo;actrice belge, morte le 16 mars dernier \u00e0 l&rsquo;\u00e2ge de 43 ans des suites d&rsquo;un cancer rare, doivent se tenir ce mercredi 26 mars \u00e0 15h30, au cimeti\u00e8re du P\u00e8re-Lachaise \u00e0 Paris. Un dernier adieu \u00e0&nbsp;\u00c9milie Dequenne. Les obs\u00e8ques de l&rsquo;actrice belge, morte le 16 mars dernier \u00e0 l&rsquo;\u00e2ge de 43 ans des [&hellip;]<\/p>\n","protected":false},"author":2,"featured_media":34198,"comment_status":"open","ping_status":"open","sticky":false,"template":"","format":"standard","meta":{"_jetpack_memberships_contains_paid_content":false,"footnotes":"","jetpack_publicize_message":"","jetpack_publicize_feature_enabled":true,"jetpack_social_post_already_shared":true,"jetpack_social_options":{"image_generator_settings":{"template":"highway","enabled":true,"token":"eyJpbWciOiJodHRwczpcL1wvd3d3LmljZWFnZXR2LmNvbVwvcmFkaW9zaXRlXC93cC1jb250ZW50XC91cGxvYWRzXC8yMDI1XC8wM1wvQ2FwdHVyZS1kZWNyYW4tMjAyNS0wMy0yNi0wOTE0MDYucG5nIiwidHh0IjoiTW9ydCBkJiM4MjE3O1x1MDBjOW1pbGllIERlcXVlbm5lOiBsZXMgb2JzXHUwMGU4cXVlcyBkZSBsJiM4MjE3O2FjdHJpY2Ugc2UgdGllbm5lbnQgY2UgbWVyY3JlZGkgYXUgUFx1MDBlOHJlIExhY2hhaXNlIiwidGVtcGxhdGUiOiJoaWdod2F5IiwiYmxvZ19pZCI6MTExMDE2NDYxfQ.MuzSVUhGi74s83IZQIqkVrxgLI1A3O-xGglupLnxgk0MQ"},"version":2},"_wpas_customize_per_network":false},"categories":[68],"tags":[],"class_list":["post-34197","post","type-post","status-publish","format-standard","has-post-thumbnail","hentry","category-actu-culturelle"],"jetpack_publicize_connections":[],"jetpack_featured_media_url":"https:\/\/i0.wp.com\/www.iceagetv.com\/radiosite\/wp-content\/uploads\/2025\/03\/Capture-decran-2025-03-26-091406.png?fit=708%2C480&ssl=1","jetpack_sharing_enabled":true,"_links":{"self":[{"href":"https:\/\/www.iceagetv.com\/radiosite\/wp-json\/wp\/v2\/posts\/34197","targetHints":{"allow":["GET"]}}],"collection":[{"href":"https:\/\/www.iceagetv.com\/radiosite\/wp-json\/wp\/v2\/posts"}],"about":[{"href":"https:\/\/www.iceagetv.com\/radiosite\/wp-json\/wp\/v2\/types\/post"}],"author":[{"embeddable":true,"href":"https:\/\/www.iceagetv.com\/radiosite\/wp-json\/wp\/v2\/users\/2"}],"replies":[{"embeddable":true,"href":"https:\/\/www.iceagetv.com\/radiosite\/wp-json\/wp\/v2\/comments?post=34197"}],"version-history":[{"count":1,"href":"https:\/\/www.iceagetv.com\/radiosite\/wp-json\/wp\/v2\/posts\/34197\/revisions"}],"predecessor-version":[{"id":34199,"href":"https:\/\/www.iceagetv.com\/radiosite\/wp-json\/wp\/v2\/posts\/34197\/revisions\/34199"}],"wp:featuredmedia":[{"embeddable":true,"href":"https:\/\/www.iceagetv.com\/radiosite\/wp-json\/wp\/v2\/media\/34198"}],"wp:attachment":[{"href":"https:\/\/www.iceagetv.com\/radiosite\/wp-json\/wp\/v2\/media?parent=34197"}],"wp:term":[{"taxonomy":"category","embeddable":true,"href":"https:\/\/www.iceagetv.com\/radiosite\/wp-json\/wp\/v2\/categories?post=34197"},{"taxonomy":"post_tag","embeddable":true,"href":"https:\/\/www.iceagetv.com\/radiosite\/wp-json\/wp\/v2\/tags?post=34197"}],"curies":[{"name":"wp","href":"https:\/\/api.w.org\/{rel}","templated":true}]}}