{"id":34211,"date":"2025-03-26T16:32:08","date_gmt":"2025-03-26T15:32:08","guid":{"rendered":"https:\/\/www.iceagetv.com\/radiosite\/?p=34211"},"modified":"2025-03-26T16:32:13","modified_gmt":"2025-03-26T15:32:13","slug":"affaire-pierre-palmade-la-demande-damenagement-de-peine-de-lhumoriste-est-acceptee-il-va-sortir-de-prison-sous-bracelet-electronique","status":"publish","type":"post","link":"https:\/\/www.iceagetv.com\/radiosite\/affaire-pierre-palmade-la-demande-damenagement-de-peine-de-lhumoriste-est-acceptee-il-va-sortir-de-prison-sous-bracelet-electronique\/","title":{"rendered":"Affaire Pierre Palmade : La demande d&rsquo;am\u00e9nagement de peine de l&rsquo;humoriste est accept\u00e9e &#8211; Il va sortir de prison sous bracelet \u00e9lectronique"},"content":{"rendered":"\n<p class=\"\">Aujourd&rsquo;hui, le tribunal judiciaire de Bordeaux a rendu sa d\u00e9cision sur la demande d\u2019am\u00e9nagement de peine de Pierre Palmade, qui avait \u00e9t\u00e9 condamn\u00e9 le 20 novembre 2024 \u00e0 cinq ans de prison dont deux ferme \u00e0 la suite du grave accident de voiture qu\u2019il a caus\u00e9 en f\u00e9vrier 2023. Cette demande a \u00e9t\u00e9 accept\u00e9e, ce qui signifie que l&rsquo;humoriste va sortir de prison sous bracelet \u00e9lectronique, indique Cnews.<br>Toutefois, sa date de sortie de prison n&rsquo;est pas encore connue.<\/p>\n\n\n\n<p class=\"\">L\u2019humoriste avait fait part de son envie de quitter la prison de&nbsp;Bordeaux-Gradignan&nbsp;et de poursuivre sa peine \u00e0 son domicile sous bracelet \u00e9lectronique.<\/p>\n\n\n\n<p class=\"\">Le 20 novembre dernier, Pierre Palmade a \u00e9t\u00e9 condamn\u00e9 \u00e0 cinq ans de prison, dont deux ans ferme pour blessures involontaires \u00e0 la suite du grave accident de voitures qu\u2019il a caus\u00e9 en f\u00e9vrier 2023 sur une route de Seine-et-Marne.<\/p>\n\n\n\n<p class=\"\">Outre le com\u00e9dien, l\u2019accident avait fait trois bless\u00e9s graves d\u2019une m\u00eame famille : un homme de 38 ans, son fils de six ans et sa belle-s\u0153ur de 27 ans, qui avait perdu le b\u00e9b\u00e9 qu\u2019elle attendait.<\/p>\n\n\n\n<p class=\"\">Pour les deux ans de prison ferme, les juges avaient d\u00e9livr\u00e9 un mandat de d\u00e9p\u00f4t \u00e0 effet diff\u00e9r\u00e9.&nbsp;Son incarc\u00e9ration a \u00e9t\u00e9 effective le 9 d\u00e9cembre, o\u00f9 il a \u00e9t\u00e9 plac\u00e9 au centre p\u00e9nitentiaire de Bordeaux-Gradignan. Au sein de la prison, l\u2019humoriste a \u00e9t\u00e9 plac\u00e9 \u00e0 l\u2019isolement.<\/p>\n\n\n\n<p class=\"\">Mi-janvier, un incident avait eu lieu dans le quartier d\u2019isolement o\u00f9 est emprisonn\u00e9 Pierre Palmade. La grille permettant de s\u00e9parer ce quartier du reste de la d\u00e9tention \u00e9tait \u00ab\u00a0rest\u00e9e ouverte, tout comme une autre cellule du m\u00eame quartier, ce qui est strictement interdit\u00a0\u00bb.<\/p>\n","protected":false},"excerpt":{"rendered":"<p>Aujourd&rsquo;hui, le tribunal judiciaire de Bordeaux a rendu sa d\u00e9cision sur la demande d\u2019am\u00e9nagement de peine de Pierre Palmade, qui avait \u00e9t\u00e9 condamn\u00e9 le 20 novembre 2024 \u00e0 cinq ans de prison dont deux ferme \u00e0 la suite du grave accident de voiture qu\u2019il a caus\u00e9 en f\u00e9vrier 2023. Cette demande a \u00e9t\u00e9 accept\u00e9e, ce [&hellip;]<\/p>\n","protected":false},"author":2,"featured_media":34213,"comment_status":"open","ping_status":"open","sticky":false,"template":"","format":"standard","meta":{"_jetpack_memberships_contains_paid_content":false,"footnotes":"","jetpack_publicize_message":"","jetpack_publicize_feature_enabled":true,"jetpack_social_post_already_shared":true,"jetpack_social_options":{"image_generator_settings":{"template":"highway","enabled":true,"token":"eyJpbWciOiJodHRwczpcL1wvd3d3LmljZWFnZXR2LmNvbVwvcmFkaW9zaXRlXC93cC1jb250ZW50XC91cGxvYWRzXC8yMDI1XC8wM1wvQ2FwdHVyZS1kZWNyYW4tMjAyNS0wMy0yNi0xNjMxMjcucG5nIiwidHh0IjoiQWZmYWlyZSBQaWVycmUgUGFsbWFkZSA6IExhIGRlbWFuZGUgZCYjODIxNzthbVx1MDBlOW5hZ2VtZW50IGRlIHBlaW5lIGRlIGwmIzgyMTc7aHVtb3Jpc3RlIGVzdCBhY2NlcHRcdTAwZTllICYjODIxMTsgSWwgdmEgc29ydGlyIGRlIHByaXNvbiBzb3VzIGJyYWNlbGV0IFx1MDBlOWxlY3Ryb25pcXVlIiwidGVtcGxhdGUiOiJoaWdod2F5IiwiYmxvZ19pZCI6MTExMDE2NDYxfQ.1ardoiLdfSzc4Mj1ZNPiCN5PQ5Pi64NlDaP_b_LJ3zIMQ"},"version":2},"_wpas_customize_per_network":false},"categories":[405],"tags":[],"class_list":["post-34211","post","type-post","status-publish","format-standard","has-post-thumbnail","hentry","category-actu-france-monde"],"jetpack_publicize_connections":[],"jetpack_featured_media_url":"https:\/\/i0.wp.com\/www.iceagetv.com\/radiosite\/wp-content\/uploads\/2025\/03\/Capture-decran-2025-03-26-163127.png?fit=673%2C293&ssl=1","jetpack_sharing_enabled":true,"_links":{"self":[{"href":"https:\/\/www.iceagetv.com\/radiosite\/wp-json\/wp\/v2\/posts\/34211","targetHints":{"allow":["GET"]}}],"collection":[{"href":"https:\/\/www.iceagetv.com\/radiosite\/wp-json\/wp\/v2\/posts"}],"about":[{"href":"https:\/\/www.iceagetv.com\/radiosite\/wp-json\/wp\/v2\/types\/post"}],"author":[{"embeddable":true,"href":"https:\/\/www.iceagetv.com\/radiosite\/wp-json\/wp\/v2\/users\/2"}],"replies":[{"embeddable":true,"href":"https:\/\/www.iceagetv.com\/radiosite\/wp-json\/wp\/v2\/comments?post=34211"}],"version-history":[{"count":1,"href":"https:\/\/www.iceagetv.com\/radiosite\/wp-json\/wp\/v2\/posts\/34211\/revisions"}],"predecessor-version":[{"id":34214,"href":"https:\/\/www.iceagetv.com\/radiosite\/wp-json\/wp\/v2\/posts\/34211\/revisions\/34214"}],"wp:featuredmedia":[{"embeddable":true,"href":"https:\/\/www.iceagetv.com\/radiosite\/wp-json\/wp\/v2\/media\/34213"}],"wp:attachment":[{"href":"https:\/\/www.iceagetv.com\/radiosite\/wp-json\/wp\/v2\/media?parent=34211"}],"wp:term":[{"taxonomy":"category","embeddable":true,"href":"https:\/\/www.iceagetv.com\/radiosite\/wp-json\/wp\/v2\/categories?post=34211"},{"taxonomy":"post_tag","embeddable":true,"href":"https:\/\/www.iceagetv.com\/radiosite\/wp-json\/wp\/v2\/tags?post=34211"}],"curies":[{"name":"wp","href":"https:\/\/api.w.org\/{rel}","templated":true}]}}