{"id":34229,"date":"2025-03-27T13:52:14","date_gmt":"2025-03-27T12:52:14","guid":{"rendered":"https:\/\/www.iceagetv.com\/radiosite\/?p=34229"},"modified":"2025-03-27T13:52:19","modified_gmt":"2025-03-27T12:52:19","slug":"ossements-deplaces-traumatisme-facial-violent-piste-familiale-ce-quil-faut-retenir-des-declarations-du-procureur-dans-lenquete-sur-la-mort-du-petit-emile","status":"publish","type":"post","link":"https:\/\/www.iceagetv.com\/radiosite\/ossements-deplaces-traumatisme-facial-violent-piste-familiale-ce-quil-faut-retenir-des-declarations-du-procureur-dans-lenquete-sur-la-mort-du-petit-emile\/","title":{"rendered":"Ossements d\u00e9plac\u00e9s, \u00ab\u00a0traumatisme facial violent\u00a0\u00bb, piste familiale&#8230; Ce qu&rsquo;il faut retenir des d\u00e9clarations du procureur dans l&rsquo;enqu\u00eate sur la mort du petit Emile"},"content":{"rendered":"\n<p class=\"\">Les expertises introduisent la probabilit\u00e9 de l&rsquo;intervention d&rsquo;un tiers dans la disparition et la mort d&rsquo;Emile Soleil\u00a0\u00bb, a notamment expliqu\u00e9 Jean-Luc Blachon, jeudi lors d&rsquo;une conf\u00e9rence de presse.La piste familiale n&rsquo;est\u00a0<em>\u00ab\u00a0pas encore referm\u00e9e\u00a0\u00bb<\/em>. Apr\u00e8s la fin de la garde \u00e0 vue des grands-parents maternels, d&rsquo;un oncle et d&rsquo;une tante du petit Emile Soleil,\u00a0Jean-Luc Blachon, procureur de la R\u00e9publique d&rsquo;Aix-en-Provence, a fait le point sur l&rsquo;enqu\u00eate lors d&rsquo;une conf\u00e9rence de presse, jeudi 27 mars. Franceinfo revient sur les nouveaux \u00e9l\u00e9ments apport\u00e9s par le magistrat.Les v\u00eatements et ossements ont \u00e9t\u00e9 d\u00e9pos\u00e9s peu de temps avant leur d\u00e9couverte\u00a0\u00bb<\/p>\n\n\n\n<p class=\"\">Les multiples analyses r\u00e9alis\u00e9es ces derniers mois, notamment depuis la d\u00e9couverte du corps du petit gar\u00e7on,\u00a0<a href=\"https:\/\/www.francetvinfo.fr\/faits-divers\/disparition-du-petit-emile\/mort-du-petit-emile-de-la-disparition-de-l-enfant-a-l-interpellation-de-ses-grands-parents-on-retrace-les-principaux-evenements-de-l-enquete_7150821.html\">il y a un an<\/a>, ont permis de montrer que les\u00a0<em>\u00ab\u00a0v\u00eatements et ossements ont \u00e9t\u00e9 transport\u00e9s et d\u00e9pos\u00e9s peu de temps avant leur d\u00e9couverte\u00a0\u00bb<\/em>, a expos\u00e9 le procureur.<em>Le corps de l&rsquo;enfant ne s&rsquo;est pas d\u00e9compos\u00e9 dans les v\u00eatements retrouv\u00e9s dans la for\u00eat\u00a0\u00bb<\/em>, a-t-il ajout\u00e9. Les r\u00e9sultats des analyses&nbsp;<em>\u00ab\u00a0permettent de consid\u00e9rer l&rsquo;hypoth\u00e8se que le corps n&rsquo;ait pas demeur\u00e9 au m\u00eame endroit et dans le m\u00eame biotope au cours du processus de d\u00e9composition et qu&rsquo;il n&rsquo;a pas \u00e9t\u00e9 enfoui\u00a0\u00bb<\/em>, a-t-il pr\u00e9cis\u00e9.<\/p>\n\n\n\n<h2 class=\"wp-block-heading\">Des traces d&rsquo;un \u00ab\u00a0traumatisme facial violent\u00a0\u00bb<\/h2>\n\n\n\n<p class=\"\">Jean-Luc Blachon a \u00e9galement d\u00e9clar\u00e9 jeudi que les analyses avaient permis de\u00a0<em>\u00ab\u00a0caract\u00e9riser la pr\u00e9sence sur le cr\u00e2ne d\u00e9couvert de stigmates anatomiques \u00e9vocateurs d&rsquo;un traumatisme facial violent\u00a0\u00bb<\/em>.\u00a0<em>\u00ab\u00a0Les expertises introduisent la probabilit\u00e9 de l&rsquo;intervention d&rsquo;un tiers dans la disparition et la mort d&rsquo;Emile Soleil\u00a0\u00bb<\/em>, a-t-il ajout\u00e9.La piste familiale \u00ab\u00a0n&rsquo;est pas ferm\u00e9e\u00a0\u00bb<\/p>\n\n\n\n<p class=\"\"><em>\u00ab\u00a0Cette piste n&rsquo;est pas ferm\u00e9e (&#8230;) Les gardes \u00e0 vue\u00a0<\/em>[des quatre membres de la famille]<em>\u00a0s&rsquo;inscrivent dans une phase d&rsquo;enqu\u00eate o\u00f9 il devenait n\u00e9cessaire de confronter, d&rsquo;\u00e9clairer et de soumettre aux personnes les plus concern\u00e9es par la disparition d&rsquo;Emile avec les r\u00e9sultats issus de l&rsquo;ensemble des investigations\u00a0\u00bb<\/em>, a d\u00e9clar\u00e9 Jean-Luc Blachon, en r\u00e9ponse \u00e0 des questions de journalistes.<em>Les personnes qui ont \u00e9t\u00e9 plac\u00e9es en garde \u00e0 vue ont \u00e9t\u00e9 remises en libert\u00e9 parce qu&rsquo;\u00e0 l&rsquo;issue de ces gardes \u00e0 vue, et \u00e0 la lumi\u00e8re de l&rsquo;ensemble des \u00e9l\u00e9ments r\u00e9unis, les charges n&rsquo;\u00e9taient pas suffisantes pour conduire \u00e0 une mise en examen quelconque dans ce dossier\u00a0\u00bb<\/em>, a expliqu\u00e9 le procureur.&nbsp;<em>\u00ab\u00a0Aujourd&rsquo;hui, il y a une phase qui se termine concernant cette piste, cela ne veut pas dire qu&rsquo;elle se termine d\u00e9finitivement. Il peut survenir au cours des investigations futures des \u00e9l\u00e9ments compl\u00e9mentaires nouveaux qui sont susceptibles de la prolonger.\u00a0\u00bb<\/em><\/p>\n\n\n\n<h2 class=\"wp-block-heading\">Rien dans la jardini\u00e8re saisie n&rsquo;a permis de faire avancer l&rsquo;enqu\u00eate<\/h2>\n\n\n\n<p class=\"\">Une jardini\u00e8re se trouvant \u00e0 proximit\u00e9 de la chapelle du Haut-Vernet, le hameau o\u00f9 a disparu le petit Emile,&nbsp;<a href=\"https:\/\/www.francetvinfo.fr\/faits-divers\/disparition-du-petit-emile\/mort-du-petit-emile-une-jardiniere-saisie-les-enqueteurs-en-vue-d-une-expertise_7129815.html\">a \u00e9t\u00e9 saisie<\/a>&nbsp;par les enqu\u00eateurs le 13 mars pour \u00eatre expertis\u00e9e. Mais elle ne \u00ab\u00a0<em>comportait aucun \u00e9l\u00e9ment de nature \u00e0 faire progresser les investigations\u00a0\u00bb<\/em>, a r\u00e9v\u00e9l\u00e9 le magistrat.<\/p>\n\n\n\n<p class=\"\"><em>\u00ab\u00a0Chaque indice, chaque trace physique, chaque trace num\u00e9rique, chaque signalement, chaque t\u00e9moignage fait l&rsquo;objet d&rsquo;investigations<\/em>, a soulign\u00e9 le colonel Christophe Berthelin, commandant de la section de recherche de Marseille.&nbsp;<em>En fonction du r\u00e9sultat obtenu, bien entendu, nous les approfondissons, nous les \u00e9cartons.\u00a0\u00bb<\/em><\/p>\n\n\n\n<p class=\"\">L&rsquo;enqu\u00eate se poursuit avec une&nbsp;<em>\u00ab\u00a0cellule nationale d&rsquo;enqu\u00eate\u00a0\u00bb<\/em>&nbsp;compos\u00e9e d&rsquo;une quinzaine de personnes, a-t-il soulign\u00e9.<em>&nbsp;\u00ab\u00a0Nous traitons 55 millions de donn\u00e9es de communication actuellement. Nous avons 20 t\u00e9raoctets qui sont toujours en cours d&rsquo;analyse\u00a0\u00bb<\/em>, a-t-il illustr\u00e9.&nbsp;<em>\u00ab\u00a0Les juges d&rsquo;instruction restent d\u00e9termin\u00e9s \u00e0 \u00e9clairer les circonstances de la disparition et de la mort d&rsquo;Emile Soleil\u00a0\u00bb<\/em>, a de son c\u00f4t\u00e9 insist\u00e9 le procureur.<\/p>\n","protected":false},"excerpt":{"rendered":"<p>Les expertises introduisent la probabilit\u00e9 de l&rsquo;intervention d&rsquo;un tiers dans la disparition et la mort d&rsquo;Emile Soleil\u00a0\u00bb, a notamment expliqu\u00e9 Jean-Luc Blachon, jeudi lors d&rsquo;une conf\u00e9rence de presse.La piste familiale n&rsquo;est\u00a0\u00ab\u00a0pas encore referm\u00e9e\u00a0\u00bb. Apr\u00e8s la fin de la garde \u00e0 vue des grands-parents maternels, d&rsquo;un oncle et d&rsquo;une tante du petit Emile Soleil,\u00a0Jean-Luc Blachon, procureur [&hellip;]<\/p>\n","protected":false},"author":2,"featured_media":34230,"comment_status":"open","ping_status":"open","sticky":false,"template":"","format":"standard","meta":{"_jetpack_memberships_contains_paid_content":false,"footnotes":"","jetpack_publicize_message":"","jetpack_publicize_feature_enabled":true,"jetpack_social_post_already_shared":true,"jetpack_social_options":{"image_generator_settings":{"template":"highway","enabled":true,"token":"eyJpbWciOiJodHRwczpcL1wvd3d3LmljZWFnZXR2LmNvbVwvcmFkaW9zaXRlXC93cC1jb250ZW50XC91cGxvYWRzXC8yMDI1XC8wM1wvQ2FwdHVyZS1kZWNyYW4tMjAyNS0wMy0yNy0xMzUxMzQucG5nIiwidHh0IjoiT3NzZW1lbnRzIGRcdTAwZTlwbGFjXHUwMGU5cywgJiM4MjIwO3RyYXVtYXRpc21lIGZhY2lhbCB2aW9sZW50JiM4MjIxOywgcGlzdGUgZmFtaWxpYWxlJiM4MjMwOyBDZSBxdSYjODIxNztpbCBmYXV0IHJldGVuaXIgZGVzIGRcdTAwZTljbGFyYXRpb25zIGR1IHByb2N1cmV1ciBkYW5zIGwmIzgyMTc7ZW5xdVx1MDBlYXRlIHN1ciBsYSBtb3J0IGR1IHBldGl0IEVtaWxlIiwidGVtcGxhdGUiOiJoaWdod2F5IiwiYmxvZ19pZCI6MTExMDE2NDYxfQ.tRpX1aKlQlx9chtEC33aVUj5Xxq4bgd1YfRfYBAiiwgMQ"},"version":2},"_wpas_customize_per_network":false},"categories":[405],"tags":[],"class_list":["post-34229","post","type-post","status-publish","format-standard","has-post-thumbnail","hentry","category-actu-france-monde"],"jetpack_publicize_connections":[],"jetpack_featured_media_url":"https:\/\/i0.wp.com\/www.iceagetv.com\/radiosite\/wp-content\/uploads\/2025\/03\/Capture-decran-2025-03-27-135134.png?fit=902%2C538&ssl=1","jetpack_sharing_enabled":true,"_links":{"self":[{"href":"https:\/\/www.iceagetv.com\/radiosite\/wp-json\/wp\/v2\/posts\/34229","targetHints":{"allow":["GET"]}}],"collection":[{"href":"https:\/\/www.iceagetv.com\/radiosite\/wp-json\/wp\/v2\/posts"}],"about":[{"href":"https:\/\/www.iceagetv.com\/radiosite\/wp-json\/wp\/v2\/types\/post"}],"author":[{"embeddable":true,"href":"https:\/\/www.iceagetv.com\/radiosite\/wp-json\/wp\/v2\/users\/2"}],"replies":[{"embeddable":true,"href":"https:\/\/www.iceagetv.com\/radiosite\/wp-json\/wp\/v2\/comments?post=34229"}],"version-history":[{"count":1,"href":"https:\/\/www.iceagetv.com\/radiosite\/wp-json\/wp\/v2\/posts\/34229\/revisions"}],"predecessor-version":[{"id":34231,"href":"https:\/\/www.iceagetv.com\/radiosite\/wp-json\/wp\/v2\/posts\/34229\/revisions\/34231"}],"wp:featuredmedia":[{"embeddable":true,"href":"https:\/\/www.iceagetv.com\/radiosite\/wp-json\/wp\/v2\/media\/34230"}],"wp:attachment":[{"href":"https:\/\/www.iceagetv.com\/radiosite\/wp-json\/wp\/v2\/media?parent=34229"}],"wp:term":[{"taxonomy":"category","embeddable":true,"href":"https:\/\/www.iceagetv.com\/radiosite\/wp-json\/wp\/v2\/categories?post=34229"},{"taxonomy":"post_tag","embeddable":true,"href":"https:\/\/www.iceagetv.com\/radiosite\/wp-json\/wp\/v2\/tags?post=34229"}],"curies":[{"name":"wp","href":"https:\/\/api.w.org\/{rel}","templated":true}]}}