{"id":34240,"date":"2025-03-27T18:50:53","date_gmt":"2025-03-27T17:50:53","guid":{"rendered":"https:\/\/www.iceagetv.com\/radiosite\/?p=34240"},"modified":"2025-03-27T18:51:01","modified_gmt":"2025-03-27T17:51:01","slug":"amsterdam-une-attaque-au-couteau-pres-de-la-place-centrale-du-dam-fait-au-moins-5-blesses-un-helicoptere-a-atterri-pour-secourir-les-victimes-un-homme-a-ete-arrete","status":"publish","type":"post","link":"https:\/\/www.iceagetv.com\/radiosite\/amsterdam-une-attaque-au-couteau-pres-de-la-place-centrale-du-dam-fait-au-moins-5-blesses-un-helicoptere-a-atterri-pour-secourir-les-victimes-un-homme-a-ete-arrete\/","title":{"rendered":"\u00a0Amsterdam : Une attaque au couteau pr\u00e8s de la place centrale du Dam fait au moins 5 bless\u00e9s &#8211; Un h\u00e9licopt\u00e8re a atterri pour secourir les victimes &#8211; Un homme a \u00e9t\u00e9 arr\u00eat\u00e9\u00a0"},"content":{"rendered":"\n<p class=\"\"><strong>Ce que l&rsquo;on sait \u00e0 ce stade:<\/strong><\/p>\n\n\n\n<p class=\"\">Une attaque au couteau a eu lieu ce jeudi \u00e0 Amsterdam, blessant cinq personnes. Un suspect a \u00e9t\u00e9 plac\u00e9 en garde \u00e0 vue, a annonc\u00e9 la police, qui a indiqu\u00e9 avoir d\u00e9ploy\u00e9 un cordon de s\u00e9curit\u00e9 autour du lieu de l&rsquo;incident, pr\u00e8s de la place centrale du Dam.<\/p>\n\n\n\n<p class=\"\">\u00abNous ne disposons actuellement d\u2019aucune information sur la cause ou le mobile de l\u2019incident au couteau. Cela fait partie de notre enqu\u00eate\u00bb, a d\u00e9clar\u00e9 la police dans un communiqu\u00e9 publi\u00e9 sur X. L\u2019\u00e9tat de sant\u00e9 des bless\u00e9s n\u2019a pas \u00e9t\u00e9 communiqu\u00e9 dans l\u2019imm\u00e9diat.<\/p>\n\n\n\n<p class=\"\">Les faits se seraient d\u00e9roul\u00e9s \u00e0 15h20 dans la rue Sint Nicolaasstraat, \u00e0 350 m\u00e8tres de la place du Dam, dans un quartier tr\u00e8s touristique et commer\u00e7ant, indique le quotidien n\u00e9erlandais NRC Handelsblad.<\/p>\n\n\n\n<p class=\"\">Des images spectaculaires diffus\u00e9es sur les r\u00e9seaux sociaux montrent un h\u00e9licopt\u00e8re de traumatologie atterrir en plein milieu de la place principale de la capitale des Pays Bas. Les images t\u00e9moignent \u00e9galement de la pr\u00e9sence de plusieurs camions d\u2019ambulances et de services d\u2019urgences faisant des allers-retours au milieu de la foule. D\u2019autres photos illustrent le travail des sauveteurs sur de possibles victimes, allong\u00e9s au sol.<\/p>\n\n\n\n<p class=\"\">En raison de cet incident, la circulation des tramways a \u00e9t\u00e9 suspendue, notamment entre la place et la gare de la capitale,<\/p>\n","protected":false},"excerpt":{"rendered":"<p>Ce que l&rsquo;on sait \u00e0 ce stade: Une attaque au couteau a eu lieu ce jeudi \u00e0 Amsterdam, blessant cinq personnes. Un suspect a \u00e9t\u00e9 plac\u00e9 en garde \u00e0 vue, a annonc\u00e9 la police, qui a indiqu\u00e9 avoir d\u00e9ploy\u00e9 un cordon de s\u00e9curit\u00e9 autour du lieu de l&rsquo;incident, pr\u00e8s de la place centrale du Dam. [&hellip;]<\/p>\n","protected":false},"author":2,"featured_media":34241,"comment_status":"open","ping_status":"open","sticky":false,"template":"","format":"standard","meta":{"_jetpack_memberships_contains_paid_content":false,"footnotes":"","jetpack_publicize_message":"","jetpack_publicize_feature_enabled":true,"jetpack_social_post_already_shared":true,"jetpack_social_options":{"image_generator_settings":{"template":"highway","enabled":true,"token":"eyJpbWciOiJodHRwczpcL1wvd3d3LmljZWFnZXR2LmNvbVwvcmFkaW9zaXRlXC93cC1jb250ZW50XC91cGxvYWRzXC8yMDI1XC8wM1wvQ2FwdHVyZS1kZWNyYW4tMjAyNS0wMy0yNy0xODUwMTYucG5nIiwidHh0IjoiXHUwMGEwQW1zdGVyZGFtIDogVW5lIGF0dGFxdWUgYXUgY291dGVhdSBwclx1MDBlOHMgZGUgbGEgcGxhY2UgY2VudHJhbGUgZHUgRGFtIGZhaXQgYXUgbW9pbnMgNSBibGVzc1x1MDBlOXMgJiM4MjExOyBVbiBoXHUwMGU5bGljb3B0XHUwMGU4cmUgYSBhdHRlcnJpIHBvdXIgc2Vjb3VyaXIgbGVzIHZpY3RpbWVzICYjODIxMTsgVW4gaG9tbWUgYSBcdTAwZTl0XHUwMGU5IGFyclx1MDBlYXRcdTAwZTlcdTAwYTAiLCJ0ZW1wbGF0ZSI6ImhpZ2h3YXkiLCJibG9nX2lkIjoxMTEwMTY0NjF9.nnRekkP9HiPmfJkeWUygV7iZUI5nXMNcSG3OKTuwsP8MQ"},"version":2},"_wpas_customize_per_network":false},"categories":[405],"tags":[],"class_list":["post-34240","post","type-post","status-publish","format-standard","has-post-thumbnail","hentry","category-actu-france-monde"],"jetpack_publicize_connections":[],"jetpack_featured_media_url":"https:\/\/i0.wp.com\/www.iceagetv.com\/radiosite\/wp-content\/uploads\/2025\/03\/Capture-decran-2025-03-27-185016.png?fit=612%2C240&ssl=1","jetpack_sharing_enabled":true,"_links":{"self":[{"href":"https:\/\/www.iceagetv.com\/radiosite\/wp-json\/wp\/v2\/posts\/34240","targetHints":{"allow":["GET"]}}],"collection":[{"href":"https:\/\/www.iceagetv.com\/radiosite\/wp-json\/wp\/v2\/posts"}],"about":[{"href":"https:\/\/www.iceagetv.com\/radiosite\/wp-json\/wp\/v2\/types\/post"}],"author":[{"embeddable":true,"href":"https:\/\/www.iceagetv.com\/radiosite\/wp-json\/wp\/v2\/users\/2"}],"replies":[{"embeddable":true,"href":"https:\/\/www.iceagetv.com\/radiosite\/wp-json\/wp\/v2\/comments?post=34240"}],"version-history":[{"count":1,"href":"https:\/\/www.iceagetv.com\/radiosite\/wp-json\/wp\/v2\/posts\/34240\/revisions"}],"predecessor-version":[{"id":34242,"href":"https:\/\/www.iceagetv.com\/radiosite\/wp-json\/wp\/v2\/posts\/34240\/revisions\/34242"}],"wp:featuredmedia":[{"embeddable":true,"href":"https:\/\/www.iceagetv.com\/radiosite\/wp-json\/wp\/v2\/media\/34241"}],"wp:attachment":[{"href":"https:\/\/www.iceagetv.com\/radiosite\/wp-json\/wp\/v2\/media?parent=34240"}],"wp:term":[{"taxonomy":"category","embeddable":true,"href":"https:\/\/www.iceagetv.com\/radiosite\/wp-json\/wp\/v2\/categories?post=34240"},{"taxonomy":"post_tag","embeddable":true,"href":"https:\/\/www.iceagetv.com\/radiosite\/wp-json\/wp\/v2\/tags?post=34240"}],"curies":[{"name":"wp","href":"https:\/\/api.w.org\/{rel}","templated":true}]}}