{"id":34251,"date":"2025-03-28T17:33:26","date_gmt":"2025-03-28T16:33:26","guid":{"rendered":"https:\/\/www.iceagetv.com\/radiosite\/?p=34251"},"modified":"2025-03-28T17:33:30","modified_gmt":"2025-03-28T16:33:30","slug":"recrutement-formation-et-remuneration-le-plan-du-gouvernement-pour-attirer-des-enseignants","status":"publish","type":"post","link":"https:\/\/www.iceagetv.com\/radiosite\/recrutement-formation-et-remuneration-le-plan-du-gouvernement-pour-attirer-des-enseignants\/","title":{"rendered":"Recrutement, formation et\u00a0r\u00e9mun\u00e9ration\u00a0: le plan du gouvernement pour attirer des enseignants"},"content":{"rendered":"\n<p class=\"\">C&rsquo;est un peu le retour de la vengeance de la r\u00e9forme des enseignants. Annonc\u00e9e d\u00e8s le d\u00e9but de son mandat par Emmanuel Macron, lanc\u00e9e par Gabriel Attal, pr\u00e9par\u00e9e par Nicole Belloubet, reprise par Anne Genetet, la r\u00e9forme de la formation des enseignants est finalement lanc\u00e9e par Fran\u00e7ois Bayrou et \u00c9lisabeth Borne.L&rsquo;annonce a \u00e9t\u00e9 faite ce vendredi 28&nbsp;mars \u00e0 l&rsquo;\u00e9cole primaire Claude-Monet de Rueil-Malmaison (Hauts-de-Seine), o\u00f9 le Premier ministre et la ministre de l&rsquo;\u00c9ducation, num\u00e9ro deux du gouvernement, sont venus assister \u00e0 un atelier d&rsquo;\u00e9criture propos\u00e9 \u00e0 des \u00e9l\u00e8ves de CP.<\/p>\n\n\n\n<p class=\"\">L&rsquo;occasion pour le bin\u00f4me d&rsquo;annoncer une premi\u00e8re r\u00e9forme, \u00e9voqu\u00e9e\u00a0<a href=\"https:\/\/www.lepoint.fr\/politique\/discours-de-politique-generale-censure-retraites-l-heure-de-verite-pour-francois-bayrou-14-01-2025-2579899_20.php\">d\u00e8s sa d\u00e9claration de politique g\u00e9n\u00e9rale<\/a>\u00a0par le Premier ministre\u00a0: la reconqu\u00eate de l&rsquo;\u00e9crit de la primaire \u00e0 la terminale. Objectif\u00a0: mettre fin aux disparit\u00e9s dans les pratiques p\u00e9dagogiques d&rsquo;une classe \u00e0 l&rsquo;autre, et ainsi offrir \u00e0 tous les \u00e9l\u00e8ves \u00ab\u00a0le m\u00eame rapport \u00e0 la langue, au monde et aux autres\u00a0\u00bb, dans le contexte notamment d&rsquo;une soci\u00e9t\u00e9 gagn\u00e9e par les \u00e9crans, d\u00e9crypte une source gouvernementaleL&rsquo;enjeu est aussi d&rsquo;en finir avec les d\u00e9terminismes sociaux, toujours tr\u00e8s forts en France,&nbsp;<a href=\"https:\/\/www.lepoint.fr\/education\/pisa-2022-le-marasme-du-systeme-educatif-francais-05-12-2023-2545746_3584.php\">selon l&rsquo;enqu\u00eate internationale Pisa<\/a>. Certains dispositifs existants pourraient ainsi \u00eatre relanc\u00e9s dans ce cadre, comme les rencontres avec des auteurs dans le cadre de projets ou d&rsquo;ateliers d&rsquo;\u00e9criture ou encore la mise en place d&rsquo;un quart d&rsquo;heure \u00e9criture en compl\u00e9ment et en articulation avec le quart d&rsquo;heure lecture, a fait savoir une source minist\u00e9rielle, sans donner plus de d\u00e9tails sur ce qui sera propos\u00e9 concr\u00e8tement. Un plan d&rsquo;action sera pr\u00e9sent\u00e9 dans trois mois, a simplement fait savoir Matignon.<\/p>\n\n\n\n<h2 class=\"wp-block-heading\">La formation initiale des enseignants, \u00ab&nbsp;m\u00e8re des batailles&nbsp;\u00bb<\/h2>\n\n\n\n<p class=\"\">Le second volet des annonces \u2013 plus abouti \u2013 concerne la formation initiale des enseignants. \u00ab&nbsp;La m\u00e8re des batailles&nbsp;\u00bb, selon Fran\u00e7ois Bayrou, car il s&rsquo;agit de mieux former les professeurs du premier et du second degr\u00e9 aux savoirs fondamentaux et \u00e0 la gestion de classe, pour in fine relever le niveau des \u00e9l\u00e8ves,&nbsp;<a href=\"https:\/\/www.lepoint.fr\/societe\/pourquoi-les-resultats-de-l-ecole-francaise-sont-ils-si-mauvais-07-12-2023-2546110_23.php\">dont les enqu\u00eates internationales<\/a>&nbsp;ne cessent de montrer la baisse&nbsp;<a href=\"https:\/\/www.lepoint.fr\/education\/lecture-les-ecoliers-francais-restent-sous-la-moyenne-europeenne-16-05-2023-2520437_3584.php\">en compr\u00e9hension de l&rsquo;\u00e9crit<\/a>, comme&nbsp;<a href=\"https:\/\/www.lepoint.fr\/education\/la-france-touche-le-fond-en-mathematiques-04-12-2024-2577112_3584.php\">en math\u00e9matiques<\/a>&nbsp;et&nbsp;<a href=\"https:\/\/www.lepoint.fr\/economie\/l-idee-que-les-filles-sont-litteraires-et-les-garcons-scientifiques-est-fausse-06-03-2025-2584021_28.php\">en sciences<\/a>.<\/p>\n\n\n\n<p class=\"\">L&rsquo;autre but de la r\u00e9forme est \u00e9videmment de rendre le m\u00e9tier d&rsquo;enseignant plus attractif, dans le contexte&nbsp;<a href=\"https:\/\/www.lepoint.fr\/education\/education-faute-de-candidats-aux-concours-il-manquera-encore-des-professeurs-a-la-rentree-09-05-2024-2559782_3584.php\">d&rsquo;\u00e9rosion du nombre d&rsquo;inscrits au concours<\/a>.\u200b\u200b \u00ab&nbsp;Depuis 2021, on suit progressivement une attrition du nombre d&rsquo;inscrits au concours. Ce sont moins de 45&nbsp;% d&rsquo;inscrits au concours du premier degr\u00e9, moins 21&nbsp;% d&rsquo;inscrits au concours du second degr\u00e9, ce qui a un impact \u00e9videmment sur les recrutements&nbsp;\u00bb, pr\u00e9cise l&rsquo;entourage du Premier ministre. Pr\u00e8s de 3&nbsp;200 postes d&rsquo;enseignants, sur les 23&nbsp;696 ouverts dans le public et le priv\u00e9, sont ainsi&nbsp;<a href=\"https:\/\/www.lepoint.fr\/education\/y-aura-t-il-assez-d-enseignants-pour-les-prochaines-rentrees-05-07-2024-2564864_3584.php\">rest\u00e9s vacants en 2024<\/a>.<\/p>\n","protected":false},"excerpt":{"rendered":"<p>C&rsquo;est un peu le retour de la vengeance de la r\u00e9forme des enseignants. Annonc\u00e9e d\u00e8s le d\u00e9but de son mandat par Emmanuel Macron, lanc\u00e9e par Gabriel Attal, pr\u00e9par\u00e9e par Nicole Belloubet, reprise par Anne Genetet, la r\u00e9forme de la formation des enseignants est finalement lanc\u00e9e par Fran\u00e7ois Bayrou et \u00c9lisabeth Borne.L&rsquo;annonce a \u00e9t\u00e9 faite ce [&hellip;]<\/p>\n","protected":false},"author":2,"featured_media":34252,"comment_status":"open","ping_status":"open","sticky":false,"template":"","format":"standard","meta":{"_jetpack_memberships_contains_paid_content":false,"footnotes":"","jetpack_publicize_message":"","jetpack_publicize_feature_enabled":true,"jetpack_social_post_already_shared":true,"jetpack_social_options":{"image_generator_settings":{"template":"highway","enabled":true,"token":"eyJpbWciOiJodHRwczpcL1wvd3d3LmljZWFnZXR2LmNvbVwvcmFkaW9zaXRlXC93cC1jb250ZW50XC91cGxvYWRzXC8yMDI1XC8wM1wvQ2FwdHVyZS1kZWNyYW4tMjAyNS0wMy0yOC0xNzMyMTIucG5nIiwidHh0IjoiUmVjcnV0ZW1lbnQsIGZvcm1hdGlvbiBldFx1MDBhMHJcdTAwZTltdW5cdTAwZTlyYXRpb25cdTAwYTA6IGxlIHBsYW4gZHUgZ291dmVybmVtZW50IHBvdXIgYXR0aXJlciBkZXMgZW5zZWlnbmFudHMiLCJ0ZW1wbGF0ZSI6ImhpZ2h3YXkiLCJibG9nX2lkIjoxMTEwMTY0NjF9.6K4YHfkLdUUsoWBu21LY5g7yKMPK_uM3-9X19yPGJ0AMQ"},"version":2},"_wpas_customize_per_network":false},"categories":[405],"tags":[],"class_list":["post-34251","post","type-post","status-publish","format-standard","has-post-thumbnail","hentry","category-actu-france-monde"],"jetpack_publicize_connections":[],"jetpack_featured_media_url":"https:\/\/i0.wp.com\/www.iceagetv.com\/radiosite\/wp-content\/uploads\/2025\/03\/Capture-decran-2025-03-28-173212.png?fit=733%2C437&ssl=1","jetpack_sharing_enabled":true,"_links":{"self":[{"href":"https:\/\/www.iceagetv.com\/radiosite\/wp-json\/wp\/v2\/posts\/34251","targetHints":{"allow":["GET"]}}],"collection":[{"href":"https:\/\/www.iceagetv.com\/radiosite\/wp-json\/wp\/v2\/posts"}],"about":[{"href":"https:\/\/www.iceagetv.com\/radiosite\/wp-json\/wp\/v2\/types\/post"}],"author":[{"embeddable":true,"href":"https:\/\/www.iceagetv.com\/radiosite\/wp-json\/wp\/v2\/users\/2"}],"replies":[{"embeddable":true,"href":"https:\/\/www.iceagetv.com\/radiosite\/wp-json\/wp\/v2\/comments?post=34251"}],"version-history":[{"count":1,"href":"https:\/\/www.iceagetv.com\/radiosite\/wp-json\/wp\/v2\/posts\/34251\/revisions"}],"predecessor-version":[{"id":34253,"href":"https:\/\/www.iceagetv.com\/radiosite\/wp-json\/wp\/v2\/posts\/34251\/revisions\/34253"}],"wp:featuredmedia":[{"embeddable":true,"href":"https:\/\/www.iceagetv.com\/radiosite\/wp-json\/wp\/v2\/media\/34252"}],"wp:attachment":[{"href":"https:\/\/www.iceagetv.com\/radiosite\/wp-json\/wp\/v2\/media?parent=34251"}],"wp:term":[{"taxonomy":"category","embeddable":true,"href":"https:\/\/www.iceagetv.com\/radiosite\/wp-json\/wp\/v2\/categories?post=34251"},{"taxonomy":"post_tag","embeddable":true,"href":"https:\/\/www.iceagetv.com\/radiosite\/wp-json\/wp\/v2\/tags?post=34251"}],"curies":[{"name":"wp","href":"https:\/\/api.w.org\/{rel}","templated":true}]}}