{"id":34287,"date":"2025-03-30T12:17:24","date_gmt":"2025-03-30T10:17:24","guid":{"rendered":"https:\/\/www.iceagetv.com\/radiosite\/?p=34287"},"modified":"2025-03-30T12:17:28","modified_gmt":"2025-03-30T10:17:28","slug":"turquie-au-coeur-de-la-contestation-les-autorites-confirment-larrestation-de-joakim-medin-journaliste-suedois-pour-terrorisme-et","status":"publish","type":"post","link":"https:\/\/www.iceagetv.com\/radiosite\/turquie-au-coeur-de-la-contestation-les-autorites-confirment-larrestation-de-joakim-medin-journaliste-suedois-pour-terrorisme-et\/","title":{"rendered":"Turquie\u00a0: au c\u0153ur de\u00a0la\u00a0contestation, les autorit\u00e9s confirment l\u2019arrestation de\u00a0Joakim Medin, journaliste su\u00e9dois, pour \u00ab\u00a0terrorisme\u00a0\u00bb et\u00a0\u00ab\u00a0insulte au\u00a0pr\u00e9sident\u00a0\u00bb"},"content":{"rendered":"\n<p class=\"\">Le journaliste avait \u00e9t\u00e9 arr\u00eat\u00e9 jeudi soir \u00e0 sa descente d\u2019avion en Turquie, puis plac\u00e9 en d\u00e9tention vendredi soir, ont confirm\u00e9 les autorit\u00e9s turques. Ankara d\u00e9nonce notamment la participation de M.\u00a0Medin \u00e0 une manifestation du Parti des travailleurs du Kurdistan (PKK) \u00e0 Stockholm.Au c\u0153ur de la contestation qui secoue la Turquie depuis l\u2019arrestation du maire d\u2019Istanbul, Ekrem Imamoglu, les autorit\u00e9s turques ont confirm\u00e9, dimanche\u00a030\u00a0mars, l\u2019arrestation d\u2019un journaliste su\u00e9dois, Joakim Medin, plac\u00e9 en d\u00e9tention \u00e0 Istanbul, pour \u00ab\u00a0terrorisme\u00a0\u00bb et \u00ab\u00a0insulte au pr\u00e9sident\u00a0\u00bb, Recep Tayyip Erdogan.Vous pouvez partager un article en cliquant sur les ic\u00f4nes de partage en haut \u00e0 droite de celui-ci.<br><\/p>\n\n\n\n<p class=\"\"><em>&nbsp;Recherch\u00e9 pour les crimes d\u2019\u201cappartenance \u00e0 une organisation terroriste arm\u00e9e\u201d et \u201cinsulte au pr\u00e9sident\u201d, l\u2019individu a \u00e9t\u00e9 arr\u00eat\u00e9 \u00e0 son arriv\u00e9e \u00e0 l\u2019a\u00e9roport d\u2019Istanbul, le 27&nbsp;mars, et incarc\u00e9r\u00e9&nbsp;\u00bb <\/em>le lendemain, a pr\u00e9cis\u00e9 le centre de lutte contre la d\u00e9sinformation du gouvernement, d\u00e9non\u00e7ant notamment sa participation \u00e0 une manifestation du Parti des travailleurs du Kurdistan (PKK) \u00e0 Stockholm. <em>\u00ab&nbsp;Ce mandat d\u2019arr\u00eat n\u2019a rien \u00e0 voir avec des activit\u00e9s journalistiques&nbsp;\u00bb<\/em>, a assur\u00e9 le gouvernement. Un reporter de la BBC a \u00e9t\u00e9 expuls\u00e9 et au moins une dizaine de journalistes turcs ont \u00e9t\u00e9 arr\u00eat\u00e9s pour avoir couvert <a href=\"https:\/\/www.lemonde.fr\/international\/article\/2025\/03\/29\/en-turquie-le-parti-d-opposition-d-ekrem-imamoglu-convoque-un-grand-rassemblement-pour-denoncer-son-arrestation_6587629_3210.html\">la contestation qui secoue la Turquie depuis le 19&nbsp;mars<\/a>.<\/p>\n\n\n\n<p class=\"\">Joakim Medin, reporter du journal <em>Dagens ETC<\/em>, a \u00e9t\u00e9 arr\u00eat\u00e9 jeudi soir \u00e0 sa descente d\u2019avion, puis plac\u00e9 en d\u00e9tention vendredi soir, selon les m\u00e9dias turcs. Mais les autorit\u00e9s turques n\u2019avaient jusqu\u2019ici pas confirm\u00e9. Le r\u00e9dacteur en chef du journal, Andreas Gustavsson, pr\u00e9cisant n\u2019avoir <em>\u00ab\u00a0aucune nouvelle\u00a0\u00bb <\/em>du journaliste, avait rejet\u00e9 les accusations de terrorisme rapport\u00e9es par les m\u00e9dias turcs \u00e0 son propos. Dimanche, M. Gustavsson les a de nouveau qualifi\u00e9es\u00a0d\u2019<em>\u00ab\u00a0absurdes\u00a0\u00bb<\/em>, aupr\u00e8s de l\u2019Agence France-Presse. <em>\u00ab\u00a0Ces accusations sont absurdes. Il est journaliste, rien de plus. Et exercer le journalisme ne devrait pas \u00eatre un crime. Les faits ne sont pas une insulte\u00a0\u00bb<\/em>, a-t-il affirm\u00e9 dans un message \u00e9crit.Le PKK est consid\u00e9r\u00e9 comme une organisation terroriste par la Turquie et ses alli\u00e9s occidentaux. Joakim Medin est accus\u00e9 d\u2019avoir particip\u00e9,\u00a0<em>\u00ab\u00a0le 11\u00a0janvier\u00a02023, \u00e0 une manifestation organis\u00e9e par les partisans de l\u2019organisation terroriste PKK\/KCK \u00e0 Stockholm\u00a0\u00bb<\/em>, lors de laquelle une marionnette figurant le chef de l\u2019Etat turc aurait \u00e9t\u00e9 moqu\u00e9e.\u00a0<em>\u00ab\u00a0Le bureau d\u2019enqu\u00eate sur les crimes terroristes du parquet g\u00e9n\u00e9ral d\u2019Ankara a ouvert une enqu\u00eate sur l\u2019incident le 13\u00a0janvier\u00a02023\u00a0\u00bb<\/em>\u00a0\u00e0 l\u2019encontre de\u00a0<em>\u00ab\u00a0quinze suspects, dont Medin\u00a0\u00bb,\u00a0<\/em>pr\u00e9cise le centre de lutte contre la d\u00e9sinformation. En outre, le journaliste est accus\u00e9 d\u2019avoir\u00a0<em>\u00ab\u00a0fourni des contacts entre l\u2019organisation terroriste PKK\/KCK et la presse\u00a0\u00bb<\/em>.<\/p>\n","protected":false},"excerpt":{"rendered":"<p>Le journaliste avait \u00e9t\u00e9 arr\u00eat\u00e9 jeudi soir \u00e0 sa descente d\u2019avion en Turquie, puis plac\u00e9 en d\u00e9tention vendredi soir, ont confirm\u00e9 les autorit\u00e9s turques. Ankara d\u00e9nonce notamment la participation de M.\u00a0Medin \u00e0 une manifestation du Parti des travailleurs du Kurdistan (PKK) \u00e0 Stockholm.Au c\u0153ur de la contestation qui secoue la Turquie depuis l\u2019arrestation du maire [&hellip;]<\/p>\n","protected":false},"author":2,"featured_media":34288,"comment_status":"open","ping_status":"open","sticky":false,"template":"","format":"standard","meta":{"_jetpack_memberships_contains_paid_content":false,"footnotes":"","jetpack_publicize_message":"","jetpack_publicize_feature_enabled":true,"jetpack_social_post_already_shared":true,"jetpack_social_options":{"image_generator_settings":{"template":"highway","enabled":true,"token":"eyJpbWciOiJodHRwczpcL1wvd3d3LmljZWFnZXR2LmNvbVwvcmFkaW9zaXRlXC93cC1jb250ZW50XC91cGxvYWRzXC8yMDI1XC8wM1wvOGVhMDNmZF9mdHAtaW1wb3J0LWltYWdlcy0xLXBkNjVldXA5amtnMC01NDU2MDkwLTAxLTA2LmpwZyIsInR4dCI6IlR1cnF1aWVcdTAwYTA6IGF1IGNcdTAxNTN1ciBkZVx1MDBhMGxhXHUwMGEwY29udGVzdGF0aW9uLCBsZXMgYXV0b3JpdFx1MDBlOXMgY29uZmlybWVudCBsXHUyMDE5YXJyZXN0YXRpb24gZGVcdTAwYTBKb2FraW0gTWVkaW4sIGpvdXJuYWxpc3RlIHN1XHUwMGU5ZG9pcywgcG91ciBcdTAwYWJcdTAwYTB0ZXJyb3Jpc21lXHUwMGEwXHUwMGJiIGV0XHUwMGEwXHUwMGFiXHUwMGEwaW5zdWx0ZSBhdVx1MDBhMHByXHUwMGU5c2lkZW50XHUwMGEwXHUwMGJiIiwidGVtcGxhdGUiOiJoaWdod2F5IiwiYmxvZ19pZCI6MTExMDE2NDYxfQ.wr1ALkYTENN0T9DsBTRsje6xDYtEeW_sIJgEFWWVOxoMQ"},"version":2},"_wpas_customize_per_network":false},"categories":[405],"tags":[],"class_list":["post-34287","post","type-post","status-publish","format-standard","has-post-thumbnail","hentry","category-actu-france-monde"],"jetpack_publicize_connections":[],"jetpack_featured_media_url":"https:\/\/i0.wp.com\/www.iceagetv.com\/radiosite\/wp-content\/uploads\/2025\/03\/8ea03fd_ftp-import-images-1-pd65eup9jkg0-5456090-01-06.jpg?fit=800%2C533&ssl=1","jetpack_sharing_enabled":true,"_links":{"self":[{"href":"https:\/\/www.iceagetv.com\/radiosite\/wp-json\/wp\/v2\/posts\/34287","targetHints":{"allow":["GET"]}}],"collection":[{"href":"https:\/\/www.iceagetv.com\/radiosite\/wp-json\/wp\/v2\/posts"}],"about":[{"href":"https:\/\/www.iceagetv.com\/radiosite\/wp-json\/wp\/v2\/types\/post"}],"author":[{"embeddable":true,"href":"https:\/\/www.iceagetv.com\/radiosite\/wp-json\/wp\/v2\/users\/2"}],"replies":[{"embeddable":true,"href":"https:\/\/www.iceagetv.com\/radiosite\/wp-json\/wp\/v2\/comments?post=34287"}],"version-history":[{"count":1,"href":"https:\/\/www.iceagetv.com\/radiosite\/wp-json\/wp\/v2\/posts\/34287\/revisions"}],"predecessor-version":[{"id":34289,"href":"https:\/\/www.iceagetv.com\/radiosite\/wp-json\/wp\/v2\/posts\/34287\/revisions\/34289"}],"wp:featuredmedia":[{"embeddable":true,"href":"https:\/\/www.iceagetv.com\/radiosite\/wp-json\/wp\/v2\/media\/34288"}],"wp:attachment":[{"href":"https:\/\/www.iceagetv.com\/radiosite\/wp-json\/wp\/v2\/media?parent=34287"}],"wp:term":[{"taxonomy":"category","embeddable":true,"href":"https:\/\/www.iceagetv.com\/radiosite\/wp-json\/wp\/v2\/categories?post=34287"},{"taxonomy":"post_tag","embeddable":true,"href":"https:\/\/www.iceagetv.com\/radiosite\/wp-json\/wp\/v2\/tags?post=34287"}],"curies":[{"name":"wp","href":"https:\/\/api.w.org\/{rel}","templated":true}]}}