{"id":34308,"date":"2025-03-30T19:49:39","date_gmt":"2025-03-30T17:49:39","guid":{"rendered":"https:\/\/www.iceagetv.com\/radiosite\/?p=34308"},"modified":"2025-03-30T19:49:43","modified_gmt":"2025-03-30T17:49:43","slug":"israel-emmanuel-macron-appelle-benjamin-netanyahou-a-mettre-fin-aux-frappes-sur-gaza-et-a-revenir-au-cessez-le-feu","status":"publish","type":"post","link":"https:\/\/www.iceagetv.com\/radiosite\/israel-emmanuel-macron-appelle-benjamin-netanyahou-a-mettre-fin-aux-frappes-sur-gaza-et-a-revenir-au-cessez-le-feu\/","title":{"rendered":"Isra\u00ebl : Emmanuel Macron appelle Benjamin Netanyahou \u00e0 \u00abmettre fin aux frappes sur Gaza et \u00e0 revenir au cessez-le-feu\u00bb"},"content":{"rendered":"\n<p class=\"\">A l\u2019issue d\u2019un entretien t\u00e9l\u00e9phonique avec le Premier ministre isra\u00e9lien Benjamin Netanyahou ce dimanche, le pr\u00e9sident de la R\u00e9publique Emmanuel Macron l\u2019a exhort\u00e9 \u00e0 \u00abmettre fin aux frappes sur Gaza et \u00e0 revenir au cessez-le-feu, que le Hamas doit accepter\u00bb.<\/p>\n\n\n\n<p class=\"\">Emmanuel Macron a appel\u00e9, dimanche lors d&rsquo;un entretien t\u00e9l\u00e9phonique,\u00a0<a href=\"https:\/\/www.cnews.fr\/benjamin-netanyahou\" target=\"_blank\" rel=\"noreferrer noopener\">le Premier ministre isra\u00e9lien Benjamin Netanyahou<\/a>\u00a0\u00e0 \u00abmettre fin aux frappes sur Gaza et \u00e0 revenir au cessez-le-feu\u00bb, au moment o\u00f9 Isra\u00ebl poursuit ses bombardements sur le territoire palestinien.Dernier point abord\u00e9, la question de\u00a0<a href=\"https:\/\/www.cnews.fr\/syrie\" target=\"_blank\" rel=\"noreferrer noopener\">la Syrie<\/a>. \u00abSuite \u00e0 mon \u00e9change t\u00e9l\u00e9phonique de ce vendredi avec le Pr\u00e9sident syrien Al-Charaa, nous avons discut\u00e9 avec le Premier ministre isra\u00e9lien de la stabilisation de la Syrie et de la restauration de sa pleine souverainet\u00e9. Nous continuerons de nous coordonner \u00e9troitement avec les autorit\u00e9s isra\u00e9liennes sur l&rsquo;ensemble de ces sujets prioritaires. Le Moyen-Orient a besoin de stabilit\u00e9. Seule une paix juste et durable peut garantir l\u2019avenir de tous\u00bb, a conclu le pr\u00e9sident de la R\u00e9publique.<\/p>\n","protected":false},"excerpt":{"rendered":"<p>A l\u2019issue d\u2019un entretien t\u00e9l\u00e9phonique avec le Premier ministre isra\u00e9lien Benjamin Netanyahou ce dimanche, le pr\u00e9sident de la R\u00e9publique Emmanuel Macron l\u2019a exhort\u00e9 \u00e0 \u00abmettre fin aux frappes sur Gaza et \u00e0 revenir au cessez-le-feu, que le Hamas doit accepter\u00bb. Emmanuel Macron a appel\u00e9, dimanche lors d&rsquo;un entretien t\u00e9l\u00e9phonique,\u00a0le Premier ministre isra\u00e9lien Benjamin Netanyahou\u00a0\u00e0 \u00abmettre [&hellip;]<\/p>\n","protected":false},"author":2,"featured_media":34309,"comment_status":"open","ping_status":"open","sticky":false,"template":"","format":"standard","meta":{"_jetpack_memberships_contains_paid_content":false,"footnotes":"","jetpack_publicize_message":"","jetpack_publicize_feature_enabled":true,"jetpack_social_post_already_shared":true,"jetpack_social_options":{"image_generator_settings":{"template":"highway","enabled":true,"token":"eyJpbWciOiJodHRwczpcL1wvd3d3LmljZWFnZXR2LmNvbVwvcmFkaW9zaXRlXC93cC1jb250ZW50XC91cGxvYWRzXC8yMDI1XC8wM1wvQ2FwdHVyZS1kZWNyYW4tMjAyNS0wMy0zMC0xOTQ4NTcucG5nIiwidHh0IjoiSXNyYVx1MDBlYmwgOiBFbW1hbnVlbCBNYWNyb24gYXBwZWxsZSBCZW5qYW1pbiBOZXRhbnlhaG91IFx1MDBlMCBcdTAwYWJtZXR0cmUgZmluIGF1eCBmcmFwcGVzIHN1ciBHYXphIGV0IFx1MDBlMCByZXZlbmlyIGF1IGNlc3Nlei1sZS1mZXVcdTAwYmIiLCJ0ZW1wbGF0ZSI6ImhpZ2h3YXkiLCJibG9nX2lkIjoxMTEwMTY0NjF9.kjG7yUPxaQKYf9Ify2SOk0AnCpgdJ37JMTRcjjmIdUcMQ"},"version":2},"_wpas_customize_per_network":false},"categories":[405],"tags":[],"class_list":["post-34308","post","type-post","status-publish","format-standard","has-post-thumbnail","hentry","category-actu-france-monde"],"jetpack_publicize_connections":[],"jetpack_featured_media_url":"https:\/\/i0.wp.com\/www.iceagetv.com\/radiosite\/wp-content\/uploads\/2025\/03\/Capture-decran-2025-03-30-194857.png?fit=881%2C400&ssl=1","jetpack_sharing_enabled":true,"_links":{"self":[{"href":"https:\/\/www.iceagetv.com\/radiosite\/wp-json\/wp\/v2\/posts\/34308","targetHints":{"allow":["GET"]}}],"collection":[{"href":"https:\/\/www.iceagetv.com\/radiosite\/wp-json\/wp\/v2\/posts"}],"about":[{"href":"https:\/\/www.iceagetv.com\/radiosite\/wp-json\/wp\/v2\/types\/post"}],"author":[{"embeddable":true,"href":"https:\/\/www.iceagetv.com\/radiosite\/wp-json\/wp\/v2\/users\/2"}],"replies":[{"embeddable":true,"href":"https:\/\/www.iceagetv.com\/radiosite\/wp-json\/wp\/v2\/comments?post=34308"}],"version-history":[{"count":1,"href":"https:\/\/www.iceagetv.com\/radiosite\/wp-json\/wp\/v2\/posts\/34308\/revisions"}],"predecessor-version":[{"id":34310,"href":"https:\/\/www.iceagetv.com\/radiosite\/wp-json\/wp\/v2\/posts\/34308\/revisions\/34310"}],"wp:featuredmedia":[{"embeddable":true,"href":"https:\/\/www.iceagetv.com\/radiosite\/wp-json\/wp\/v2\/media\/34309"}],"wp:attachment":[{"href":"https:\/\/www.iceagetv.com\/radiosite\/wp-json\/wp\/v2\/media?parent=34308"}],"wp:term":[{"taxonomy":"category","embeddable":true,"href":"https:\/\/www.iceagetv.com\/radiosite\/wp-json\/wp\/v2\/categories?post=34308"},{"taxonomy":"post_tag","embeddable":true,"href":"https:\/\/www.iceagetv.com\/radiosite\/wp-json\/wp\/v2\/tags?post=34308"}],"curies":[{"name":"wp","href":"https:\/\/api.w.org\/{rel}","templated":true}]}}