{"id":34319,"date":"2025-03-31T12:59:37","date_gmt":"2025-03-31T10:59:37","guid":{"rendered":"https:\/\/www.iceagetv.com\/radiosite\/?p=34319"},"modified":"2025-03-31T12:59:41","modified_gmt":"2025-03-31T10:59:41","slug":"marine-le-pen-est-condamnee-a-quatre-ans-de-prison-dont-deux-ans-ferme-et-cinq-ans-dineligibilite-avec-execution-provisoire-marine-le-pen-avait-quitte-la-salle-daudience-avant-le-prononce-de-s","status":"publish","type":"post","link":"https:\/\/www.iceagetv.com\/radiosite\/marine-le-pen-est-condamnee-a-quatre-ans-de-prison-dont-deux-ans-ferme-et-cinq-ans-dineligibilite-avec-execution-provisoire-marine-le-pen-avait-quitte-la-salle-daudience-avant-le-prononce-de-s\/","title":{"rendered":"Marine Le Pen est condamn\u00e9e \u00e0 quatre ans de prison, dont deux ans ferme, et cinq ans d&rsquo;in\u00e9ligibilit\u00e9 avec ex\u00e9cution provisoire &#8211; Marine Le Pen avait quitt\u00e9 la salle d&rsquo;audience avant le prononc\u00e9 de sa peine &#8211; Sa premi\u00e8re r\u00e9action: \u00ab\u00a0Incroyable !\u00a0\u00bb"},"content":{"rendered":"\n<p class=\"\"><strong>\u00a0Marine Le Pen condamn\u00e9e \u00e0 5 ans d&rsquo;in\u00e9ligibilit\u00e9 avec ex\u00e9cution provisoire. 4 ans d&#8217;emprisonnement dont 2 ans avec sursis, 2 ans avec bracelet \u00e0 domicile. 100.000 euros d&rsquo;amende.\u00a0\u00bbJe suis Marine!\u00a0\u00bb, \u00e9crit le Hongrois Orban sur X apr\u00e8s la condamnation de la cheffe de l&rsquo;extr\u00eame droite fran\u00e7aise<\/strong>Bruno Gollnisch : 3 ans d&#8217;emprisonnement dont 2 ans avec sursis, 1 an ferme avec bracelet \u00e9lectronique \u00e0 domicile. 50.000 euros d&rsquo;amende. In\u00e9ligible pendant 5 ans avec ex\u00e9cution provisoireLouis Aliot : 18 mois d&#8217;emprisonnement avec 12 mois avec sursis, 6 mois avec bracelet \u00e9lectronique \u00e0 domicile. 8.000 euros d&rsquo;amende. In\u00e9ligible pendant 3 ans sans ex\u00e9cution provisoireNicolas Bay : 6 mois ferme avec bracelet \u00e9lectronique, 6 mois avec sursis, 8.000 euros d&rsquo;amende. 3 ans in\u00e9ligible avec ex\u00e9cution provisoireYann Le Pen : 12 mois d&#8217;emprisonnement avec sursis, in\u00e9ligible pendant 2 ans avec sursisJulien Odoul : Condamn\u00e9 \u00e0 8 mois d&#8217;emprisonnement avec sursis, in\u00e9ligible sans ex\u00e9cution provisoire pendant 1 an<strong>\u00a0<\/strong>Apr\u00e8s avoir quitt\u00e9 la salle d&rsquo;audience du tribunal correctionnel de Paris avant le prononc\u00e9 de sa peine, Marine Le Pen est arriv\u00e9e au si\u00e8ge du RN<\/p>\n","protected":false},"excerpt":{"rendered":"<p>\u00a0Marine Le Pen condamn\u00e9e \u00e0 5 ans d&rsquo;in\u00e9ligibilit\u00e9 avec ex\u00e9cution provisoire. 4 ans d&#8217;emprisonnement dont 2 ans avec sursis, 2 ans avec bracelet \u00e0 domicile. 100.000 euros d&rsquo;amende.\u00a0\u00bbJe suis Marine!\u00a0\u00bb, \u00e9crit le Hongrois Orban sur X apr\u00e8s la condamnation de la cheffe de l&rsquo;extr\u00eame droite fran\u00e7aiseBruno Gollnisch : 3 ans d&#8217;emprisonnement dont 2 ans avec [&hellip;]<\/p>\n","protected":false},"author":2,"featured_media":34320,"comment_status":"open","ping_status":"open","sticky":false,"template":"","format":"standard","meta":{"_jetpack_memberships_contains_paid_content":false,"footnotes":"","jetpack_publicize_message":"","jetpack_publicize_feature_enabled":true,"jetpack_social_post_already_shared":true,"jetpack_social_options":{"image_generator_settings":{"template":"highway","enabled":true,"token":"eyJpbWciOiJodHRwczpcL1wvd3d3LmljZWFnZXR2LmNvbVwvcmFkaW9zaXRlXC93cC1jb250ZW50XC91cGxvYWRzXC8yMDI1XC8wM1wvQ2FwdHVyZS1kZWNyYW4tMjAyNS0wMy0zMS0xMjU4NDEucG5nIiwidHh0IjoiTWFyaW5lIExlIFBlbiBlc3QgY29uZGFtblx1MDBlOWUgXHUwMGUwIHF1YXRyZSBhbnMgZGUgcHJpc29uLCBkb250IGRldXggYW5zIGZlcm1lLCBldCBjaW5xIGFucyBkJiM4MjE3O2luXHUwMGU5bGlnaWJpbGl0XHUwMGU5IGF2ZWMgZXhcdTAwZTljdXRpb24gcHJvdmlzb2lyZSAmIzgyMTE7IE1hcmluZSBMZSBQZW4gYXZhaXQgcXVpdHRcdTAwZTkgbGEgc2FsbGUgZCYjODIxNzthdWRpZW5jZSBhdmFudCBsZSBwcm9ub25jXHUwMGU5IGRlIHNhIHBlaW5lICYjODIxMTsgU2EgcHJlbWlcdTAwZThyZSByXHUwMGU5YWN0aW9uOiAmIzgyMjA7SW5jcm95YWJsZSAhJiM4MjIxOyIsInRlbXBsYXRlIjoiaGlnaHdheSIsImJsb2dfaWQiOjExMTAxNjQ2MX0.TuVu7SgD1eqlgl74OiIY7M72zQly34IC6dcQSYQGvE8MQ"},"version":2},"_wpas_customize_per_network":false},"categories":[405],"tags":[],"class_list":["post-34319","post","type-post","status-publish","format-standard","has-post-thumbnail","hentry","category-actu-france-monde"],"jetpack_publicize_connections":[],"jetpack_featured_media_url":"https:\/\/i0.wp.com\/www.iceagetv.com\/radiosite\/wp-content\/uploads\/2025\/03\/Capture-decran-2025-03-31-125841.png?fit=620%2C267&ssl=1","jetpack_sharing_enabled":true,"_links":{"self":[{"href":"https:\/\/www.iceagetv.com\/radiosite\/wp-json\/wp\/v2\/posts\/34319","targetHints":{"allow":["GET"]}}],"collection":[{"href":"https:\/\/www.iceagetv.com\/radiosite\/wp-json\/wp\/v2\/posts"}],"about":[{"href":"https:\/\/www.iceagetv.com\/radiosite\/wp-json\/wp\/v2\/types\/post"}],"author":[{"embeddable":true,"href":"https:\/\/www.iceagetv.com\/radiosite\/wp-json\/wp\/v2\/users\/2"}],"replies":[{"embeddable":true,"href":"https:\/\/www.iceagetv.com\/radiosite\/wp-json\/wp\/v2\/comments?post=34319"}],"version-history":[{"count":1,"href":"https:\/\/www.iceagetv.com\/radiosite\/wp-json\/wp\/v2\/posts\/34319\/revisions"}],"predecessor-version":[{"id":34321,"href":"https:\/\/www.iceagetv.com\/radiosite\/wp-json\/wp\/v2\/posts\/34319\/revisions\/34321"}],"wp:featuredmedia":[{"embeddable":true,"href":"https:\/\/www.iceagetv.com\/radiosite\/wp-json\/wp\/v2\/media\/34320"}],"wp:attachment":[{"href":"https:\/\/www.iceagetv.com\/radiosite\/wp-json\/wp\/v2\/media?parent=34319"}],"wp:term":[{"taxonomy":"category","embeddable":true,"href":"https:\/\/www.iceagetv.com\/radiosite\/wp-json\/wp\/v2\/categories?post=34319"},{"taxonomy":"post_tag","embeddable":true,"href":"https:\/\/www.iceagetv.com\/radiosite\/wp-json\/wp\/v2\/tags?post=34319"}],"curies":[{"name":"wp","href":"https:\/\/api.w.org\/{rel}","templated":true}]}}