{"id":34326,"date":"2025-03-31T20:24:24","date_gmt":"2025-03-31T18:24:24","guid":{"rendered":"https:\/\/www.iceagetv.com\/radiosite\/?p=34326"},"modified":"2025-03-31T20:24:28","modified_gmt":"2025-03-31T18:24:28","slug":"marine-le-pen-sur-tf1-la-presidente-a-rendu-une-decision-politique-pour-mempecher-de-me-presenter-et-detre-elue-en-2027-letat-de-droit-a-ete-totalement-viole-par-la-decision-je-ne-va","status":"publish","type":"post","link":"https:\/\/www.iceagetv.com\/radiosite\/marine-le-pen-sur-tf1-la-presidente-a-rendu-une-decision-politique-pour-mempecher-de-me-presenter-et-detre-elue-en-2027-letat-de-droit-a-ete-totalement-viole-par-la-decision-je-ne-va\/","title":{"rendered":"\u00a0Marine Le Pen sur TF1 : \u00ab\u00a0La pr\u00e9sidente a rendu une d\u00e9cision politique pour m&#8217;emp\u00eacher de me pr\u00e9senter et d&rsquo;\u00eatre \u00e9lue en 2027. L&rsquo;Etat de droit a \u00e9t\u00e9 totalement viol\u00e9 par la d\u00e9cision. Je ne vais pas me laisser \u00e9liminer comme \u00e7a !"},"content":{"rendered":"\n<p class=\"\"><strong>Marine Le Pen est sur le plateau du 20h de TF1 pour s&rsquo;exprimer pour la premi\u00e8re fois :<\/strong><\/p>\n\n\n\n<p class=\"\"><strong>\u00ab\u00a0La pr\u00e9sidente a rendu une d\u00e9cision politique pour m&#8217;emp\u00eacher de me pr\u00e9senter et d&rsquo;\u00eatre \u00e9lue en 2027.&nbsp;<\/strong><strong>L&rsquo;Etat de droit a \u00e9t\u00e9 totalement viol\u00e9 par la d\u00e9cision qui a \u00e9t\u00e9 rendue. Ce soir, des millions de Fran\u00e7ais sont indign\u00e9s en voyant que des juges ont mis en place un syst\u00e8me li\u00e9 \u00e0 l&rsquo;Etat dictatorial. Ce lundi 31 mars 2025 est un jour funeste pour notre pays et pour notre d\u00e9mocratie, alors que je suis la candidate favorite \u00e0 la pr\u00e9sidentielle.<\/strong><\/p>\n\n\n\n<p class=\"\"><strong>Soyons clair, je suis \u00e9limin\u00e9e \u00e0 cette heure et c&rsquo;est la voix de millions de Fran\u00e7ais qui sont \u00e9limin\u00e9s.&nbsp;<\/strong>Je n&rsquo;ai pas confiance dans la date de l&rsquo;appel parce que ce n&rsquo;est pas moi qui en est la ma\u00eetrise. Il faut que la justice se h\u00e2te. Il sera trop tard.&nbsp;<strong>Il faut que la justice se h\u00e2te, mais il faut en g\u00e9n\u00e9ral 18 mois \u00e0 deux ans. Mais imaginez que je sois relax\u00e9e apr\u00e8s l&rsquo;\u00e9lection o\u00f9 j&rsquo;ai \u00e9t\u00e9 emp\u00each\u00e9e, quel serait la l\u00e9gitimit\u00e9 de la personne \u00e9lue.<\/strong><\/p>\n\n\n\n<p class=\"\"><strong>Je suis combative et je ne vais pas me laisser \u00e9liminer comme \u00e7a sans rien faire! Ca fait 30 ans que je me bats pour les Fran\u00e7ais et je vais continuer ! Je ne suis pas pr\u00eate \u00e0 me soumettre \u00e0 un d\u00e9ni de d\u00e9mocratie. Aucun juge en peut d\u00e9cider d&rsquo;interf\u00e9rer dans une \u00e9lection pr\u00e9sidentielle.&nbsp;<\/strong><\/p>\n","protected":false},"excerpt":{"rendered":"<p>Marine Le Pen est sur le plateau du 20h de TF1 pour s&rsquo;exprimer pour la premi\u00e8re fois : \u00ab\u00a0La pr\u00e9sidente a rendu une d\u00e9cision politique pour m&#8217;emp\u00eacher de me pr\u00e9senter et d&rsquo;\u00eatre \u00e9lue en 2027.&nbsp;L&rsquo;Etat de droit a \u00e9t\u00e9 totalement viol\u00e9 par la d\u00e9cision qui a \u00e9t\u00e9 rendue. Ce soir, des millions de Fran\u00e7ais sont [&hellip;]<\/p>\n","protected":false},"author":2,"featured_media":34327,"comment_status":"open","ping_status":"open","sticky":false,"template":"","format":"standard","meta":{"_jetpack_memberships_contains_paid_content":false,"footnotes":"","jetpack_publicize_message":"","jetpack_publicize_feature_enabled":true,"jetpack_social_post_already_shared":true,"jetpack_social_options":{"image_generator_settings":{"template":"highway","enabled":true,"token":"eyJpbWciOiJodHRwczpcL1wvd3d3LmljZWFnZXR2LmNvbVwvcmFkaW9zaXRlXC93cC1jb250ZW50XC91cGxvYWRzXC8yMDI1XC8wM1wvQ2FwdHVyZS1kZWNyYW4tMjAyNS0wMy0zMS0yMDIzNDUucG5nIiwidHh0IjoiXHUwMGEwTWFyaW5lIExlIFBlbiBzdXIgVEYxIDogJiM4MjIwO0xhIHByXHUwMGU5c2lkZW50ZSBhIHJlbmR1IHVuZSBkXHUwMGU5Y2lzaW9uIHBvbGl0aXF1ZSBwb3VyIG0mIzgyMTc7ZW1wXHUwMGVhY2hlciBkZSBtZSBwclx1MDBlOXNlbnRlciBldCBkJiM4MjE3O1x1MDBlYXRyZSBcdTAwZTlsdWUgZW4gMjAyNy4gTCYjODIxNztFdGF0IGRlIGRyb2l0IGEgXHUwMGU5dFx1MDBlOSB0b3RhbGVtZW50IHZpb2xcdTAwZTkgcGFyIGxhIGRcdTAwZTljaXNpb24uIEplIG5lIHZhaXMgcGFzIG1lIGxhaXNzZXIgXHUwMGU5bGltaW5lciBjb21tZSBcdTAwZTdhICEiLCJ0ZW1wbGF0ZSI6ImhpZ2h3YXkiLCJibG9nX2lkIjoxMTEwMTY0NjF9.Ot_AdxbRz54GzJVRQJbDjaEEFGzUltcBNNNNgMm_m7wMQ"},"version":2},"_wpas_customize_per_network":false},"categories":[405],"tags":[],"class_list":["post-34326","post","type-post","status-publish","format-standard","has-post-thumbnail","hentry","category-actu-france-monde"],"jetpack_publicize_connections":[],"jetpack_featured_media_url":"https:\/\/i0.wp.com\/www.iceagetv.com\/radiosite\/wp-content\/uploads\/2025\/03\/Capture-decran-2025-03-31-202345.png?fit=572%2C386&ssl=1","jetpack_sharing_enabled":true,"_links":{"self":[{"href":"https:\/\/www.iceagetv.com\/radiosite\/wp-json\/wp\/v2\/posts\/34326","targetHints":{"allow":["GET"]}}],"collection":[{"href":"https:\/\/www.iceagetv.com\/radiosite\/wp-json\/wp\/v2\/posts"}],"about":[{"href":"https:\/\/www.iceagetv.com\/radiosite\/wp-json\/wp\/v2\/types\/post"}],"author":[{"embeddable":true,"href":"https:\/\/www.iceagetv.com\/radiosite\/wp-json\/wp\/v2\/users\/2"}],"replies":[{"embeddable":true,"href":"https:\/\/www.iceagetv.com\/radiosite\/wp-json\/wp\/v2\/comments?post=34326"}],"version-history":[{"count":1,"href":"https:\/\/www.iceagetv.com\/radiosite\/wp-json\/wp\/v2\/posts\/34326\/revisions"}],"predecessor-version":[{"id":34328,"href":"https:\/\/www.iceagetv.com\/radiosite\/wp-json\/wp\/v2\/posts\/34326\/revisions\/34328"}],"wp:featuredmedia":[{"embeddable":true,"href":"https:\/\/www.iceagetv.com\/radiosite\/wp-json\/wp\/v2\/media\/34327"}],"wp:attachment":[{"href":"https:\/\/www.iceagetv.com\/radiosite\/wp-json\/wp\/v2\/media?parent=34326"}],"wp:term":[{"taxonomy":"category","embeddable":true,"href":"https:\/\/www.iceagetv.com\/radiosite\/wp-json\/wp\/v2\/categories?post=34326"},{"taxonomy":"post_tag","embeddable":true,"href":"https:\/\/www.iceagetv.com\/radiosite\/wp-json\/wp\/v2\/tags?post=34326"}],"curies":[{"name":"wp","href":"https:\/\/api.w.org\/{rel}","templated":true}]}}