{"id":34329,"date":"2025-04-01T06:58:01","date_gmt":"2025-04-01T04:58:01","guid":{"rendered":"https:\/\/www.iceagetv.com\/radiosite\/?p=34329"},"modified":"2025-04-01T06:58:05","modified_gmt":"2025-04-01T04:58:05","slug":"il-ne-doit-pas-y-avoir-dexpulsion-une-femme-paraplegique-menacee-de-se-retrouver-a-la-rue-appelle-a-laide-et-au-rassemblement","status":"publish","type":"post","link":"https:\/\/www.iceagetv.com\/radiosite\/il-ne-doit-pas-y-avoir-dexpulsion-une-femme-paraplegique-menacee-de-se-retrouver-a-la-rue-appelle-a-laide-et-au-rassemblement\/","title":{"rendered":"\u00ab\u00a0Il ne doit pas y avoir d\u2019expulsion\u00a0\u00bb : une femme parapl\u00e9gique, menac\u00e9e de se retrouver \u00e0 la rue, appelle \u00e0 l&rsquo;aide et au rassemblement"},"content":{"rendered":"\n<p class=\"\"><strong>Une jeune femme parapl\u00e9gique, \u00e2g\u00e9e de 29 ans, va \u00eatre expuls\u00e9e de son logement. Elle organise un rassemblement, ce mardi 1er avril \u00e0 8h, jour de la fin de la tr\u00eave hivernale, devant la sous-pr\u00e9fecture de Lod\u00e8ve dans l&rsquo;H\u00e9rault.<\/strong>Loubna El Kaddouri, 29 ans, vit \u00e0 Lod\u00e8ve avec ses parents et sa s\u0153ur jumelle. Atteinte de parapl\u00e9gie statique depuis la naissance, elle cherche depuis trois ans un logement accessible. Mais alors que son expulsion est pr\u00e9vue pour ce mardi 1er avril, elle n\u2019a toujours pas trouv\u00e9 de solution.<\/p>\n\n\n\n<p class=\"\">Elle redoute de se retrouver \u00e0 la rue.Des recherches sans succ\u00e8s<\/p>\n\n\n\n<p class=\"\">La jeune femme a d\u2019abord cherch\u00e9 un logement dans le secteur priv\u00e9, en vain. Son p\u00e8re, artisan ma\u00e7on pendant 30 ans, travaillait encore \u00e0 l\u2019\u00e9poque. Mais \u00e0 sa retraite, ses revenus ayant baiss\u00e9, les refus se sont multipli\u00e9s. \u00ab\u00a0<em>M\u00eame en expliquant que nous \u00e9tions plusieurs enfants et que nous avons toujours pay\u00e9 nos loyers, ils ne voulaient pas.\u00a0\u00bb<\/em><\/p>\n\n\n\n<p class=\"\">Face \u00e0 ces difficult\u00e9s, Loubna s\u2019est tourn\u00e9e vers le logement social en f\u00e9vrier 2023. Mais l\u00e0 encore, les refus se sont encha\u00een\u00e9s.\u00a0<em>\u00ab\u00a0On m\u2019a d\u2019abord demand\u00e9 de mettre la demande au nom de mon p\u00e8re. Puis on m\u2019a dit qu\u2019il y avait trop de monde sur la demande, alors j\u2019ai enlev\u00e9 mes deux fr\u00e8res. Ensuite, on m\u2019a expliqu\u00e9 qu\u2019il fallait \u00e9largir la recherche \u00e0 d\u2019autres villes.\u00a0\u00bb<\/em>Un rassemblement pour \u00e9viter l\u2019expulsionLoubna et sa famille ne savent pas o\u00f9 aller. Car elle ne peut pas vivre dans un logement non adapt\u00e9 \u00e0 son handicap. \u00ab\u00a0Je ne peux pas aller n\u2019importe o\u00f9. Mon kin\u00e9, mes soins m\u00e9dicaux, tout est \u00e0 Lod\u00e8ve. M\u00eame pour la S\u00e9curit\u00e9 sociale, c\u2019est compliqu\u00e9 : trop loin, ils n\u2019accordent pas de transport, trop proche, non plus.\u00a0\u00bb.Elle d\u00e9nonce aussi le silence des autorit\u00e9s. \u00ab\u00a0J\u2019ai tent\u00e9 de contacter la sous-pr\u00e9fecture \u00e0 plusieurs reprises, mais ils ont toujours une excuse pour ne pas me recevoir.\u00a0\u00bb<\/p>\n","protected":false},"excerpt":{"rendered":"<p>Une jeune femme parapl\u00e9gique, \u00e2g\u00e9e de 29 ans, va \u00eatre expuls\u00e9e de son logement. Elle organise un rassemblement, ce mardi 1er avril \u00e0 8h, jour de la fin de la tr\u00eave hivernale, devant la sous-pr\u00e9fecture de Lod\u00e8ve dans l&rsquo;H\u00e9rault.Loubna El Kaddouri, 29 ans, vit \u00e0 Lod\u00e8ve avec ses parents et sa s\u0153ur jumelle. Atteinte de [&hellip;]<\/p>\n","protected":false},"author":2,"featured_media":34330,"comment_status":"open","ping_status":"open","sticky":false,"template":"","format":"standard","meta":{"_jetpack_memberships_contains_paid_content":false,"footnotes":"","jetpack_publicize_message":"","jetpack_publicize_feature_enabled":true,"jetpack_social_post_already_shared":true,"jetpack_social_options":{"image_generator_settings":{"template":"highway","enabled":true,"token":"eyJpbWciOiJodHRwczpcL1wvd3d3LmljZWFnZXR2LmNvbVwvcmFkaW9zaXRlXC93cC1jb250ZW50XC91cGxvYWRzXC8yMDI1XC8wNFwvU2NyZWVuc2hvdF8yMDI1MDQwMV8wNjU2NDUuanBnIiwidHh0IjoiJiM4MjIwO0lsIG5lIGRvaXQgcGFzIHkgYXZvaXIgZFx1MjAxOWV4cHVsc2lvbiYjODIyMTsgOiB1bmUgZmVtbWUgcGFyYXBsXHUwMGU5Z2lxdWUsIG1lbmFjXHUwMGU5ZSBkZSBzZSByZXRyb3V2ZXIgXHUwMGUwIGxhIHJ1ZSwgYXBwZWxsZSBcdTAwZTAgbCYjODIxNzthaWRlIGV0IGF1IHJhc3NlbWJsZW1lbnQiLCJ0ZW1wbGF0ZSI6ImhpZ2h3YXkiLCJibG9nX2lkIjoxMTEwMTY0NjF9.onUgwDQxEvA80yf-3Zr3F6osy5y31JFHkpXHXgUNDMMMQ"},"version":2},"_wpas_customize_per_network":false},"categories":[405],"tags":[],"class_list":["post-34329","post","type-post","status-publish","format-standard","has-post-thumbnail","hentry","category-actu-france-monde"],"jetpack_publicize_connections":[],"jetpack_featured_media_url":"https:\/\/i0.wp.com\/www.iceagetv.com\/radiosite\/wp-content\/uploads\/2025\/04\/Screenshot_20250401_065645.jpg?fit=937%2C624&ssl=1","jetpack_sharing_enabled":true,"_links":{"self":[{"href":"https:\/\/www.iceagetv.com\/radiosite\/wp-json\/wp\/v2\/posts\/34329","targetHints":{"allow":["GET"]}}],"collection":[{"href":"https:\/\/www.iceagetv.com\/radiosite\/wp-json\/wp\/v2\/posts"}],"about":[{"href":"https:\/\/www.iceagetv.com\/radiosite\/wp-json\/wp\/v2\/types\/post"}],"author":[{"embeddable":true,"href":"https:\/\/www.iceagetv.com\/radiosite\/wp-json\/wp\/v2\/users\/2"}],"replies":[{"embeddable":true,"href":"https:\/\/www.iceagetv.com\/radiosite\/wp-json\/wp\/v2\/comments?post=34329"}],"version-history":[{"count":1,"href":"https:\/\/www.iceagetv.com\/radiosite\/wp-json\/wp\/v2\/posts\/34329\/revisions"}],"predecessor-version":[{"id":34331,"href":"https:\/\/www.iceagetv.com\/radiosite\/wp-json\/wp\/v2\/posts\/34329\/revisions\/34331"}],"wp:featuredmedia":[{"embeddable":true,"href":"https:\/\/www.iceagetv.com\/radiosite\/wp-json\/wp\/v2\/media\/34330"}],"wp:attachment":[{"href":"https:\/\/www.iceagetv.com\/radiosite\/wp-json\/wp\/v2\/media?parent=34329"}],"wp:term":[{"taxonomy":"category","embeddable":true,"href":"https:\/\/www.iceagetv.com\/radiosite\/wp-json\/wp\/v2\/categories?post=34329"},{"taxonomy":"post_tag","embeddable":true,"href":"https:\/\/www.iceagetv.com\/radiosite\/wp-json\/wp\/v2\/tags?post=34329"}],"curies":[{"name":"wp","href":"https:\/\/api.w.org\/{rel}","templated":true}]}}