{"id":34340,"date":"2025-04-01T17:07:36","date_gmt":"2025-04-01T15:07:36","guid":{"rendered":"https:\/\/www.iceagetv.com\/radiosite\/?p=34340"},"modified":"2025-04-01T17:07:41","modified_gmt":"2025-04-01T15:07:41","slug":"guerre-en-ukraine-pour-la-premiere-fois-depuis-la-seconde-guerre-mondiale-lallemagne-deploie-des-troupes-aux-portes-de-la-russie","status":"publish","type":"post","link":"https:\/\/www.iceagetv.com\/radiosite\/guerre-en-ukraine-pour-la-premiere-fois-depuis-la-seconde-guerre-mondiale-lallemagne-deploie-des-troupes-aux-portes-de-la-russie\/","title":{"rendered":"Guerre en Ukraine\u00a0: pour la premi\u00e8re fois depuis la Seconde Guerre mondiale, l\u2019Allemagne d\u00e9ploie des troupes aux portes de la Russie"},"content":{"rendered":"\n<p class=\"\">L\u2019unit\u00e9, envoy\u00e9e sur le flanc oriental de l\u2019OTAN, dans l\u2019est de la Lituanie, sera pleinement op\u00e9rationnelle d\u2019ici 2027La Bundeswehr, l\u2019arm\u00e9e allemande, a annonc\u00e9 que des troupes allemandes vont \u00eatre stationn\u00e9es le long du flanc oriental de l\u2019OTAN, dans l\u2019est de la Lituanie, et que l\u2019unit\u00e9 sera pleinement op\u00e9rationnelle d\u2019ici 2027.Un \u00e9v\u00e8nement car ce sera la premi\u00e8re fois, depuis la Seconde Guerre mondiale, que des soldats de Berlin prendront part \u00e0 un d\u00e9ploiement \u00e9tranger permanent. Par le pass\u00e9, l\u2019Allemagne avait d\u00e9j\u00e0 envoy\u00e9 des troupes en Afghanistan, mais celles-ci n\u2019y \u00e9taient pas stationn\u00e9es de mani\u00e8re permanente.<em>\u00ab\u00a0Notre mission est claire. Nous devons assurer la protection, la libert\u00e9 et la s\u00e9curit\u00e9 de nos alli\u00e9s lituaniens ici,\u00a0<strong>sur le flanc oriental de l\u2019OTAN<\/strong><\/em><strong>\u00ab\u00a0<\/strong>, a d\u00e9clar\u00e9 le g\u00e9n\u00e9ral Christoph Huber, commandant de la brigade allemande en Lituanie, cit\u00e9 par le\u00a0<a href=\"https:\/\/www.mirror.co.uk\/news\/world-news\/breaking-germany-launches-first-foreign-34972270\" target=\"_blank\" rel=\"noreferrer noopener\"><em>Mirror<\/em><\/a>Limitrophe de l\u2019enclave russe de Kaliningrad et de la Bi\u00e9lorussieLa 45e brigade blind\u00e9e, nouvellement cr\u00e9\u00e9e, comptera 5 000 hommes et femmes. Elle a \u00e9t\u00e9 inaugur\u00e9e lors d\u2019une c\u00e9r\u00e9monie \u00e0 Vilnius. Un quartier g\u00e9n\u00e9ral temporaire a \u00e9t\u00e9 \u00e9tabli dans la capitale lituanienne en attendant que l\u2019unit\u00e9 prenne ses bases dans le quartier g\u00e9n\u00e9ral d\u00e9finitif de R\u016bdninkai d\u2019ici 2027. La brigade est compos\u00e9e d\u2019infanterie de premi\u00e8re ligne et d\u2019unit\u00e9s de soutien, dont un centre m\u00e9dical, une compagnie de transmissions et des \u00e9quipes de soutien au commandement.<\/p>\n","protected":false},"excerpt":{"rendered":"<p>L\u2019unit\u00e9, envoy\u00e9e sur le flanc oriental de l\u2019OTAN, dans l\u2019est de la Lituanie, sera pleinement op\u00e9rationnelle d\u2019ici 2027La Bundeswehr, l\u2019arm\u00e9e allemande, a annonc\u00e9 que des troupes allemandes vont \u00eatre stationn\u00e9es le long du flanc oriental de l\u2019OTAN, dans l\u2019est de la Lituanie, et que l\u2019unit\u00e9 sera pleinement op\u00e9rationnelle d\u2019ici 2027.Un \u00e9v\u00e8nement car ce sera la [&hellip;]<\/p>\n","protected":false},"author":2,"featured_media":34341,"comment_status":"open","ping_status":"open","sticky":false,"template":"","format":"standard","meta":{"_jetpack_memberships_contains_paid_content":false,"footnotes":"","jetpack_publicize_message":"","jetpack_publicize_feature_enabled":true,"jetpack_social_post_already_shared":true,"jetpack_social_options":{"image_generator_settings":{"template":"highway","enabled":true,"token":"eyJpbWciOiJodHRwczpcL1wvd3d3LmljZWFnZXR2LmNvbVwvcmFkaW9zaXRlXC93cC1jb250ZW50XC91cGxvYWRzXC8yMDI1XC8wNFwvaW1hZ2UuanBnIiwidHh0IjoiR3VlcnJlIGVuIFVrcmFpbmVcdTAwYTA6IHBvdXIgbGEgcHJlbWlcdTAwZThyZSBmb2lzIGRlcHVpcyBsYSBTZWNvbmRlIEd1ZXJyZSBtb25kaWFsZSwgbFx1MjAxOUFsbGVtYWduZSBkXHUwMGU5cGxvaWUgZGVzIHRyb3VwZXMgYXV4IHBvcnRlcyBkZSBsYSBSdXNzaWUiLCJ0ZW1wbGF0ZSI6ImhpZ2h3YXkiLCJibG9nX2lkIjoxMTEwMTY0NjF9.fo1X-ydqtmLIGJvgxzmcHbw-qD-OKBwF-zRUEIf-V_MMQ"},"version":2},"_wpas_customize_per_network":false},"categories":[405],"tags":[],"class_list":["post-34340","post","type-post","status-publish","format-standard","has-post-thumbnail","hentry","category-actu-france-monde"],"jetpack_publicize_connections":[],"jetpack_featured_media_url":"https:\/\/i0.wp.com\/www.iceagetv.com\/radiosite\/wp-content\/uploads\/2025\/04\/image.jpg?fit=435%2C325&ssl=1","jetpack_sharing_enabled":true,"_links":{"self":[{"href":"https:\/\/www.iceagetv.com\/radiosite\/wp-json\/wp\/v2\/posts\/34340","targetHints":{"allow":["GET"]}}],"collection":[{"href":"https:\/\/www.iceagetv.com\/radiosite\/wp-json\/wp\/v2\/posts"}],"about":[{"href":"https:\/\/www.iceagetv.com\/radiosite\/wp-json\/wp\/v2\/types\/post"}],"author":[{"embeddable":true,"href":"https:\/\/www.iceagetv.com\/radiosite\/wp-json\/wp\/v2\/users\/2"}],"replies":[{"embeddable":true,"href":"https:\/\/www.iceagetv.com\/radiosite\/wp-json\/wp\/v2\/comments?post=34340"}],"version-history":[{"count":1,"href":"https:\/\/www.iceagetv.com\/radiosite\/wp-json\/wp\/v2\/posts\/34340\/revisions"}],"predecessor-version":[{"id":34342,"href":"https:\/\/www.iceagetv.com\/radiosite\/wp-json\/wp\/v2\/posts\/34340\/revisions\/34342"}],"wp:featuredmedia":[{"embeddable":true,"href":"https:\/\/www.iceagetv.com\/radiosite\/wp-json\/wp\/v2\/media\/34341"}],"wp:attachment":[{"href":"https:\/\/www.iceagetv.com\/radiosite\/wp-json\/wp\/v2\/media?parent=34340"}],"wp:term":[{"taxonomy":"category","embeddable":true,"href":"https:\/\/www.iceagetv.com\/radiosite\/wp-json\/wp\/v2\/categories?post=34340"},{"taxonomy":"post_tag","embeddable":true,"href":"https:\/\/www.iceagetv.com\/radiosite\/wp-json\/wp\/v2\/tags?post=34340"}],"curies":[{"name":"wp","href":"https:\/\/api.w.org\/{rel}","templated":true}]}}