{"id":34360,"date":"2025-04-02T16:42:14","date_gmt":"2025-04-02T14:42:14","guid":{"rendered":"https:\/\/www.iceagetv.com\/radiosite\/?p=34360"},"modified":"2025-04-02T16:42:19","modified_gmt":"2025-04-02T14:42:19","slug":"lanimateur-laurent-boyer-place-en-garde-a-vue-pour-violences-conjugales-et-harcelement-apres-une-plainte-deposee-par-une-ex-compagne-il-sera-juge-en-septembre-2025","status":"publish","type":"post","link":"https:\/\/www.iceagetv.com\/radiosite\/lanimateur-laurent-boyer-place-en-garde-a-vue-pour-violences-conjugales-et-harcelement-apres-une-plainte-deposee-par-une-ex-compagne-il-sera-juge-en-septembre-2025\/","title":{"rendered":"L\u2019animateur Laurent Boyer plac\u00e9 en garde \u00e0 vue pour violences conjugales et harc\u00e8lement apr\u00e8s une plainte d\u00e9pos\u00e9e par une ex-compagne &#8211; Il sera jug\u00e9 en septembre 2025"},"content":{"rendered":"\n<p class=\"\">Selon&nbsp;<a href=\"https:\/\/www.parismatch.com\/People\/info-paris-match-lanimateur-laurent-boyer-renvoye-devant-la-justice-pour-violences-conjugales-et-harcelement-249528\" target=\"_blank\" rel=\"noreferrer noopener\">Paris Match<\/a>, Laurent Boyer a \u00e9t\u00e9 plac\u00e9 en garde \u00e0 vue, vendredi dernier, au commissariat du 17e arrondissement de Paris. Nos confr\u00e8res pr\u00e9cisent que l&rsquo;ex-animateur de M6 \u00e9tait interrog\u00e9 apr\u00e8s une plainte d\u00e9pos\u00e9e par une ex-compagne d\u00e9but 2024.<\/p>\n\n\n\n<p class=\"\">\u00ab\u00a0La plaignante a notamment soutenu que son ex-compagnon avait cr\u00e9\u00e9 un compte Facebook en se faisant passer pour elle avant d\u2019y diffuser une photo d\u2019elle en petite tenue, laissant entrevoir son visage\u00a0\u00bb, explique Paris Match en indiquant que les enqu\u00eateurs ont d\u00e9couvert qu&rsquo;au moment de sa cr\u00e9ation le compte \u00e9tait associ\u00e9 \u00e0 la ligne t\u00e9l\u00e9phonique de Laurent Boyer.<\/p>\n\n\n\n<p class=\"\">En juillet 2024, ce dernier avait \u00e9t\u00e9 entendu par les enqu\u00eateurs et s&rsquo;\u00e9tait d\u00e9fendu en affirmant que son num\u00e9ro de t\u00e9l\u00e9phone avait \u00e9t\u00e9 utilis\u00e9 \u00e0 son insu.<\/p>\n\n\n\n<p class=\"\">Selon nos confr\u00e8res, la plaignante a \u00e9voqu\u00e9 des faits de \u00ab\u00a0violences psychiques et psychologiques\u00a0\u00bb remontant aux ann\u00e9es 2016 et 2017 exerc\u00e9es par son ex-compagnon qu&rsquo;elle qualifiait de \u00ab\u00a0jaloux\u00a0\u00bb, \u00ab\u00a0pervers\u00a0\u00bb et \u00ab\u00a0narcissique\u00a0\u00bb.<\/p>\n\n\n\n<p class=\"\">A la fin de sa garde \u00e0 vue, lors de laquelle il a ni\u00e9 les faits reproch\u00e9s, Laurent Boyer a eu une convocation pour \u00eatre jug\u00e9 en septembre 2025 devant le tribunal judiciaire de Paris pour violences conjugales et harc\u00e8lement.<\/p>\n","protected":false},"excerpt":{"rendered":"<p>Selon&nbsp;Paris Match, Laurent Boyer a \u00e9t\u00e9 plac\u00e9 en garde \u00e0 vue, vendredi dernier, au commissariat du 17e arrondissement de Paris. Nos confr\u00e8res pr\u00e9cisent que l&rsquo;ex-animateur de M6 \u00e9tait interrog\u00e9 apr\u00e8s une plainte d\u00e9pos\u00e9e par une ex-compagne d\u00e9but 2024. \u00ab\u00a0La plaignante a notamment soutenu que son ex-compagnon avait cr\u00e9\u00e9 un compte Facebook en se faisant passer [&hellip;]<\/p>\n","protected":false},"author":2,"featured_media":34361,"comment_status":"open","ping_status":"open","sticky":false,"template":"","format":"standard","meta":{"_jetpack_memberships_contains_paid_content":false,"footnotes":"","jetpack_publicize_message":"","jetpack_publicize_feature_enabled":true,"jetpack_social_post_already_shared":true,"jetpack_social_options":{"image_generator_settings":{"template":"highway","enabled":true,"token":"eyJpbWciOiJodHRwczpcL1wvd3d3LmljZWFnZXR2LmNvbVwvcmFkaW9zaXRlXC93cC1jb250ZW50XC91cGxvYWRzXC8yMDI1XC8wNFwvQ2FwdHVyZS1kZWNyYW4tMjAyNS0wNC0wMi0xNjQxMzMtMTAyNHgzOTkucG5nIiwidHh0IjoiTFx1MjAxOWFuaW1hdGV1ciBMYXVyZW50IEJveWVyIHBsYWNcdTAwZTkgZW4gZ2FyZGUgXHUwMGUwIHZ1ZSBwb3VyIHZpb2xlbmNlcyBjb25qdWdhbGVzIGV0IGhhcmNcdTAwZThsZW1lbnQgYXByXHUwMGU4cyB1bmUgcGxhaW50ZSBkXHUwMGU5cG9zXHUwMGU5ZSBwYXIgdW5lIGV4LWNvbXBhZ25lICYjODIxMTsgSWwgc2VyYSBqdWdcdTAwZTkgZW4gc2VwdGVtYnJlIDIwMjUiLCJ0ZW1wbGF0ZSI6ImhpZ2h3YXkiLCJibG9nX2lkIjoxMTEwMTY0NjF9.txboYBTf9o1DpEUQ2PncE8K-1BvaFOsp58LBQezzz3MMQ"},"version":2},"_wpas_customize_per_network":false},"categories":[405],"tags":[],"class_list":["post-34360","post","type-post","status-publish","format-standard","has-post-thumbnail","hentry","category-actu-france-monde"],"jetpack_publicize_connections":[],"jetpack_featured_media_url":"https:\/\/i0.wp.com\/www.iceagetv.com\/radiosite\/wp-content\/uploads\/2025\/04\/Capture-decran-2025-04-02-164133.png?fit=1056%2C411&ssl=1","jetpack_sharing_enabled":true,"_links":{"self":[{"href":"https:\/\/www.iceagetv.com\/radiosite\/wp-json\/wp\/v2\/posts\/34360","targetHints":{"allow":["GET"]}}],"collection":[{"href":"https:\/\/www.iceagetv.com\/radiosite\/wp-json\/wp\/v2\/posts"}],"about":[{"href":"https:\/\/www.iceagetv.com\/radiosite\/wp-json\/wp\/v2\/types\/post"}],"author":[{"embeddable":true,"href":"https:\/\/www.iceagetv.com\/radiosite\/wp-json\/wp\/v2\/users\/2"}],"replies":[{"embeddable":true,"href":"https:\/\/www.iceagetv.com\/radiosite\/wp-json\/wp\/v2\/comments?post=34360"}],"version-history":[{"count":1,"href":"https:\/\/www.iceagetv.com\/radiosite\/wp-json\/wp\/v2\/posts\/34360\/revisions"}],"predecessor-version":[{"id":34362,"href":"https:\/\/www.iceagetv.com\/radiosite\/wp-json\/wp\/v2\/posts\/34360\/revisions\/34362"}],"wp:featuredmedia":[{"embeddable":true,"href":"https:\/\/www.iceagetv.com\/radiosite\/wp-json\/wp\/v2\/media\/34361"}],"wp:attachment":[{"href":"https:\/\/www.iceagetv.com\/radiosite\/wp-json\/wp\/v2\/media?parent=34360"}],"wp:term":[{"taxonomy":"category","embeddable":true,"href":"https:\/\/www.iceagetv.com\/radiosite\/wp-json\/wp\/v2\/categories?post=34360"},{"taxonomy":"post_tag","embeddable":true,"href":"https:\/\/www.iceagetv.com\/radiosite\/wp-json\/wp\/v2\/tags?post=34360"}],"curies":[{"name":"wp","href":"https:\/\/api.w.org\/{rel}","templated":true}]}}