{"id":34387,"date":"2025-04-03T12:12:59","date_gmt":"2025-04-03T10:12:59","guid":{"rendered":"https:\/\/www.iceagetv.com\/radiosite\/?p=34387"},"modified":"2025-04-03T12:13:04","modified_gmt":"2025-04-03T10:13:04","slug":"la-hongrie-annonce-son-retrait-de-la-cour-penale-internationale","status":"publish","type":"post","link":"https:\/\/www.iceagetv.com\/radiosite\/la-hongrie-annonce-son-retrait-de-la-cour-penale-internationale\/","title":{"rendered":"La Hongrie annonce son retrait de la Cour p\u00e9nale internationale"},"content":{"rendered":"\n<p class=\"\">L\u2019annonce tombe au premier jour d\u2019une visite \u00e0 Budapest du premier ministre isra\u00e9lien Benyamin Netanyahou, vis\u00e9 par un mandat d\u2019arr\u00eat de cette juridiction.<a href=\"https:\/\/www.lefigaro.fr\/international\/la-hongrie-annonce-son-retrait-de-la-cour-penale-internationale-20250403#fig-a11y-skip-main-native_atf\">Passer la publicit\u00e9<\/a><\/p>\n\n\n\n<p class=\"\">https:\/\/b686039420baa509b71a93b8f8b6ad77.safeframe.googlesyndication.com\/safeframe\/1-0-41\/html\/container.html<a href=\"https:\/\/www.lefigaro.fr\/international\/la-hongrie-annonce-son-retrait-de-la-cour-penale-internationale-20250403#fig-a11y-skip-main-pave_atf\">Passer la publicit\u00e9<\/a><\/p>\n\n\n\n<p class=\"\">La Hongrie a annonc\u00e9 jeudi 3 avril 2025 son retrait de la Cour p\u00e9nale internationale (CPI), au premier jour d\u2019une visite \u00e0 Budapest du premier ministre isra\u00e9lien\u00a0<a href=\"http:\/\/www.lefigaro.fr\/international\/israel-agira-contre-le-hamas-avec-une-force-militaire-croissante-a-gaza-benyamin-netanyahou-reprend-la-guerre-20250318\" target=\"_blank\" rel=\"noreferrer noopener\">Benyamin Netanyahou<\/a>, vis\u00e9 par un mandat d\u2019arr\u00eat de cette juridiction.\u00a0<em>\u00abLa Hongrie quitte la CPI. Le gouvernement va entamer la proc\u00e9dure de retrait, en accord avec le cadre international l\u00e9gal\u00bb<\/em>, a annonc\u00e9 sur Facebook Gergely Gulyas, directeur de cabinet du premier ministre nationaliste Viktor Orban.Seuls deux \u00c9tats ont quitt\u00e9 la cour<\/p>\n\n\n\n<p class=\"\">Le retrait d\u2019un \u00c9tat ne prend effet qu\u2019un an apr\u00e8s le d\u00e9p\u00f4t officiel du dossier aupr\u00e8s du secr\u00e9tariat g\u00e9n\u00e9ral de<a href=\"http:\/\/www.lefigaro.fr\/gaza-15-secouristes-retrouves-a-rafah-dans-une-fosse-commune-l-onu-denonce-une-guerre-sans-limite-20250403\" target=\"_blank\" rel=\"noreferrer noopener\">&nbsp;l\u2019ONU<\/a>. Cette annonce intervient alors que Viktor Orban re\u00e7oit son homologue isra\u00e9lien, malgr\u00e9 le mandat d\u2019arr\u00eat \u00e9mis en novembre 2024 par la CPI contre ce dernier. Arriv\u00e9 dans la nuit, Benyamin Netanyahou a \u00e9t\u00e9 re\u00e7u ce jeudi matin avec les honneurs militaires. La Hongrie l\u2019avait invit\u00e9 d\u00e8s la nouvelle de la CPI connue, se disant&nbsp;<em>\u00abchoqu\u00e9 par une d\u00e9cision honteuse\u00bb<\/em>. En retour, Isra\u00ebl a salu\u00e9 la&nbsp;<em>\u00abclart\u00e9 morale\u00bb<\/em>&nbsp;de la Hongrie. La juridiction a rappel\u00e9&nbsp;<em>\u00abl\u2019obligation l\u00e9gale\u00bb<\/em>&nbsp;de Budapest et sa&nbsp;<em>\u00abresponsabilit\u00e9 envers les autres \u00c9tats parties\u00bb<\/em>&nbsp;pour ex\u00e9cuter les d\u00e9cisions.&nbsp;<em>\u00abEn cas d\u2019inqui\u00e9tudes sur leur coop\u00e9ration avec la Cour, les \u00c9tats peuvent la consulter\u00bb<\/em>, pr\u00e9cise son porte-parole Fadi El Abdallah.&nbsp;<em>\u00abMais il ne leur appartient pas de d\u00e9terminer unilat\u00e9ralement le bien-fond\u00e9 des d\u00e9cisions juridiques de la CPI\u00bb<\/em>.<\/p>\n\n\n\n<p class=\"\">La Hongrie a bien sign\u00e9 en 1999&nbsp;<a href=\"https:\/\/www.lefigaro.fr\/flash-actu\/2010\/03\/24\/97001-20100324FILWWW00568-le-bangladesh-ratifie-le-statut-de-rome.php\" target=\"_blank\" rel=\"noreferrer noopener\">le Statut de Rome<\/a>, trait\u00e9 fondateur de la CPI, ratifi\u00e9 deux ans plus tard, au cours du premier mandat de Viktor Orban. Mais elle n\u2019a pas valid\u00e9 la convention associ\u00e9e pour des raisons de constitutionnalit\u00e9 et affirme donc ne pas \u00eatre oblig\u00e9e de se conformer aux d\u00e9cisions de la Cour internationale. \u00c0 ce jour, seuls deux \u00c9tats ont claqu\u00e9 la porte&nbsp;: le Burundi et les Philippines.<\/p>\n\n\n\n<p class=\"\">Fond\u00e9e en 2002, la Cour p\u00e9nale internationale a pour mission de poursuivre les auteurs des crimes les plus graves commis dans le monde, lorsque les pays n\u2019ont pas la volont\u00e9 ou la capacit\u00e9 de le faire eux-m\u00eames.<a href=\"http:\/\/www.lefigaro.fr\/international\/eclats-du-monde-n058-negociations-de-paix-en-ukraine-les-manipulations-de-vladimir-poutine-20250327\" target=\"_blank\" rel=\"noreferrer noopener\">&nbsp;Vladimir Poutine<\/a>&nbsp;est pour sa part vis\u00e9 depuis mars 2023 par un mandat pour le crime de guerre pr\u00e9sum\u00e9 de d\u00e9portation d\u2019enfants ukrainiens vers la Russie. Sur les 60 mandats d\u2019arr\u00eat d\u00e9livr\u00e9s depuis 2002, seuls 21 avaient \u00e9t\u00e9 ex\u00e9cut\u00e9s, avant la r\u00e9cente arrestation de l\u2019ancien pr\u00e9sident des Philippines, Rodrigo Duterte.<\/p>\n","protected":false},"excerpt":{"rendered":"<p>L\u2019annonce tombe au premier jour d\u2019une visite \u00e0 Budapest du premier ministre isra\u00e9lien Benyamin Netanyahou, vis\u00e9 par un mandat d\u2019arr\u00eat de cette juridiction.Passer la publicit\u00e9 https:\/\/b686039420baa509b71a93b8f8b6ad77.safeframe.googlesyndication.com\/safeframe\/1-0-41\/html\/container.htmlPasser la publicit\u00e9 La Hongrie a annonc\u00e9 jeudi 3 avril 2025 son retrait de la Cour p\u00e9nale internationale (CPI), au premier jour d\u2019une visite \u00e0 Budapest du premier ministre isra\u00e9lien\u00a0Benyamin [&hellip;]<\/p>\n","protected":false},"author":2,"featured_media":34388,"comment_status":"open","ping_status":"open","sticky":false,"template":"","format":"standard","meta":{"_jetpack_memberships_contains_paid_content":false,"footnotes":"","jetpack_publicize_message":"","jetpack_publicize_feature_enabled":true,"jetpack_social_post_already_shared":true,"jetpack_social_options":{"image_generator_settings":{"template":"highway","enabled":true,"token":"eyJpbWciOiJodHRwczpcL1wvd3d3LmljZWFnZXR2LmNvbVwvcmFkaW9zaXRlXC93cC1jb250ZW50XC91cGxvYWRzXC8yMDI1XC8wNFwvQ2FwdHVyZS1kZWNyYW4tMjAyNS0wNC0wMy0xMjEyMTEucG5nIiwidHh0IjoiTGEgSG9uZ3JpZSBhbm5vbmNlIHNvbiByZXRyYWl0IGRlIGxhIENvdXIgcFx1MDBlOW5hbGUgaW50ZXJuYXRpb25hbGUiLCJ0ZW1wbGF0ZSI6ImhpZ2h3YXkiLCJibG9nX2lkIjoxMTEwMTY0NjF9.xfjX-MQ__XrJh7HmQeefjlBnEUsG51pnd0xo26Wv514MQ"},"version":2},"_wpas_customize_per_network":false},"categories":[405],"tags":[],"class_list":["post-34387","post","type-post","status-publish","format-standard","has-post-thumbnail","hentry","category-actu-france-monde"],"jetpack_publicize_connections":[],"jetpack_featured_media_url":"https:\/\/i0.wp.com\/www.iceagetv.com\/radiosite\/wp-content\/uploads\/2025\/04\/Capture-decran-2025-04-03-121211.png?fit=617%2C248&ssl=1","jetpack_sharing_enabled":true,"_links":{"self":[{"href":"https:\/\/www.iceagetv.com\/radiosite\/wp-json\/wp\/v2\/posts\/34387","targetHints":{"allow":["GET"]}}],"collection":[{"href":"https:\/\/www.iceagetv.com\/radiosite\/wp-json\/wp\/v2\/posts"}],"about":[{"href":"https:\/\/www.iceagetv.com\/radiosite\/wp-json\/wp\/v2\/types\/post"}],"author":[{"embeddable":true,"href":"https:\/\/www.iceagetv.com\/radiosite\/wp-json\/wp\/v2\/users\/2"}],"replies":[{"embeddable":true,"href":"https:\/\/www.iceagetv.com\/radiosite\/wp-json\/wp\/v2\/comments?post=34387"}],"version-history":[{"count":1,"href":"https:\/\/www.iceagetv.com\/radiosite\/wp-json\/wp\/v2\/posts\/34387\/revisions"}],"predecessor-version":[{"id":34389,"href":"https:\/\/www.iceagetv.com\/radiosite\/wp-json\/wp\/v2\/posts\/34387\/revisions\/34389"}],"wp:featuredmedia":[{"embeddable":true,"href":"https:\/\/www.iceagetv.com\/radiosite\/wp-json\/wp\/v2\/media\/34388"}],"wp:attachment":[{"href":"https:\/\/www.iceagetv.com\/radiosite\/wp-json\/wp\/v2\/media?parent=34387"}],"wp:term":[{"taxonomy":"category","embeddable":true,"href":"https:\/\/www.iceagetv.com\/radiosite\/wp-json\/wp\/v2\/categories?post=34387"},{"taxonomy":"post_tag","embeddable":true,"href":"https:\/\/www.iceagetv.com\/radiosite\/wp-json\/wp\/v2\/tags?post=34387"}],"curies":[{"name":"wp","href":"https:\/\/api.w.org\/{rel}","templated":true}]}}