{"id":34403,"date":"2025-04-04T15:52:47","date_gmt":"2025-04-04T13:52:47","guid":{"rendered":"https:\/\/www.iceagetv.com\/radiosite\/?p=34403"},"modified":"2025-04-04T15:52:52","modified_gmt":"2025-04-04T13:52:52","slug":"epidemie-de-chikungunya-le-plan-blanc-active-au-chu-de-la-reunion","status":"publish","type":"post","link":"https:\/\/www.iceagetv.com\/radiosite\/epidemie-de-chikungunya-le-plan-blanc-active-au-chu-de-la-reunion\/","title":{"rendered":"Epid\u00e9mie de chikungunya\u00a0: le plan blanc activ\u00e9 au CHU de La R\u00e9union"},"content":{"rendered":"\n<p class=\"\"><strong>Ce vendredi 4 avril, le plan blanc a \u00e9t\u00e9 activ\u00e9 au CHU de La R\u00e9union face \u00e0 la progression toujours plus importante de l\u2019\u00e9pid\u00e9mie de chikungunya. Des moyens humains et mat\u00e9riels n\u00e9cessaires seront mobilis\u00e9s. Pour permettre d\u2019accueillir tous les patients, une gestion de crise est d\u00e9sormais en place dans les centres hospitaliers de La R\u00e9union<\/strong>Le plan blanc est activ\u00e9 au CHU de La R\u00e9union, ce vendredi 4 avril. Face \u00e0 l\u2019afflux de plus en plus important de patients atteints du chikungunya, la gestion de crise est enclench\u00e9e dans les centres hospitaliers de l\u2019\u00eele.<\/p>\n\n\n\n<h2 class=\"wp-block-heading\">Mobilisation des moyens humains et mat\u00e9riels<\/h2>\n\n\n\n<p class=\"\">Face \u00e0<a href=\"https:\/\/la1ere.francetvinfo.fr\/reunion\/epidemie-de-chikungunya-a-la-reunion-5-800-nouveaux-cas-14-nouveau-nes-hospitalises-1575004.html\" target=\"_blank\" rel=\"noreferrer noopener\">&nbsp;la propagation du chikungunya,&nbsp;<\/a>l\u2019activation du plan blanc est d\u00e9cid\u00e9e par le CHU de La R\u00e9union en concertation avec l\u2019Agence R\u00e9gionale de Sant\u00e9.<\/p>\n\n\n\n<p class=\"\">Il s\u2019agit d\u2019un&nbsp;dispositif d&rsquo;urgence permettant aux \u00e9tablissements de sant\u00e9 demobiliser l\u2019ensemble des ressources humaines et mat\u00e9rielles n\u00e9cessaires. Toute une logistique d\u2019urgence va se mettre en place.<\/p>\n\n\n\n<h2 class=\"wp-block-heading\">Un dispositif d\u2019urgence<\/h2>\n\n\n\n<p class=\"\">L\u2019accueil, la prise en charge&nbsp;: les services vont s\u2019organiser de mani\u00e8re \u00e0 g\u00e9rer l\u2019afflux important de patients atteints du chikungunya.<\/p>\n\n\n\n<p class=\"\">Le plan blanc est mis en place lors de situation de crise. La derni\u00e8re fois qu\u2019il a \u00e9t\u00e9 d\u00e9clench\u00e9 \u00e0 La R\u00e9union c&rsquo;\u00e9tait en janvier 2022&nbsp;<a href=\"https:\/\/la1ere.francetvinfo.fr\/reunion\/le-plan-blanc-declenche-dans-les-hopitaux-de-la-reunion-face-a-l-afflux-de-patients-atteints-du-covid-19-1207417.html\" target=\"_blank\" rel=\"noreferrer noopener\">lors de l\u2019\u00e9pid\u00e9mie de covid-19.<\/a><\/p>\n\n\n\n<h2 class=\"wp-block-heading\">Pr\u00e8s de 6&nbsp;000 cas par semaine<\/h2>\n\n\n\n<p class=\"\">L\u2019\u00e9pid\u00e9mie de chikungunya progresse de jour en jour \u00e0 La R\u00e9union avec pr\u00e8s de 6&nbsp;000 cas enregistr\u00e9s du 17 au 23 mars. Mais selon l\u2019Agence R\u00e9gionale de Sant\u00e9, il y a peut-\u00eatre entre trois et quatre fois plus de cas \u00e9tant donn\u00e9 que tous les malades ne sont pas d\u00e9pist\u00e9s.<\/p>\n\n\n\n<p class=\"\">Selon le dernier bilan sanitaire en date de mercredi, plus de 20&nbsp;000 cas ont \u00e9t\u00e9 identifi\u00e9s depuis ao\u00fbt 2024. Deux personnes, \u00e2g\u00e9es de 86 et 96 ans, sont officiellement mortes du virus, transmis par le moustique tigre. L&rsquo;ARS a \u00e9galement recens\u00e9 31 cas graves, dont la moiti\u00e9 chez des nourrissons.<\/p>\n\n\n\n<h2 class=\"wp-block-heading\">Le pic \u00e9pid\u00e9mique n\u2019est pas encore atteint<\/h2>\n\n\n\n<p class=\"\">L\u2019\u00e9pid\u00e9mie frappe durement le Sud de l\u2019\u00eele, mais toutes les r\u00e9gions sont concern\u00e9es. Les urgences du CHU Sud sont de plus en plus fr\u00e9quent\u00e9es ces derniers jours. La situation ne va pas s\u2019am\u00e9liorer. Le pic \u00e9pid\u00e9mique est attendu \u00e0 la mi-avril.<\/p>\n\n\n\n<p class=\"\"><a href=\"https:\/\/la1ere.francetvinfo.fr\/chikungunya-a-la-reunion-les-semaines-les-plus-delicates-se-profilent-declare-manuel-valls-1575607.html\" target=\"_blank\" rel=\"noreferrer noopener\"><em>\u00ab\u00a0Les semaines les plus d\u00e9licates se profilent\u00a0\u00bb,&nbsp;<\/em><\/a>a d\u00e9clar\u00e9 ce vendredi 4 avril, le ministre des Outre-mer Manuel Valls, qui arrivera \u00e0 Saint-Denis ce dimanche. Il lancera, lundi 7 avril, la campagne de vaccination avec les 40&nbsp;000 doses de vaccins arriv\u00e9es jeudi dans l\u2019\u00eele.<\/p>\n","protected":false},"excerpt":{"rendered":"<p>Ce vendredi 4 avril, le plan blanc a \u00e9t\u00e9 activ\u00e9 au CHU de La R\u00e9union face \u00e0 la progression toujours plus importante de l\u2019\u00e9pid\u00e9mie de chikungunya. Des moyens humains et mat\u00e9riels n\u00e9cessaires seront mobilis\u00e9s. Pour permettre d\u2019accueillir tous les patients, une gestion de crise est d\u00e9sormais en place dans les centres hospitaliers de La R\u00e9unionLe [&hellip;]<\/p>\n","protected":false},"author":2,"featured_media":34405,"comment_status":"open","ping_status":"open","sticky":false,"template":"","format":"standard","meta":{"_jetpack_memberships_contains_paid_content":false,"footnotes":"","jetpack_publicize_message":"","jetpack_publicize_feature_enabled":true,"jetpack_social_post_already_shared":true,"jetpack_social_options":{"image_generator_settings":{"template":"highway","enabled":true,"token":"eyJpbWciOiJodHRwczpcL1wvd3d3LmljZWFnZXR2LmNvbVwvcmFkaW9zaXRlXC93cC1jb250ZW50XC91cGxvYWRzXC8yMDI1XC8wNFwvU2NyZWVuc2hvdF8yMDI1MDQwNF8xNTUxNDQtMTAyNHg0OTYuanBnIiwidHh0IjoiRXBpZFx1MDBlOW1pZSBkZSBjaGlrdW5ndW55YVx1MDBhMDogbGUgcGxhbiBibGFuYyBhY3Rpdlx1MDBlOSBhdSBDSFUgZGUgTGEgUlx1MDBlOXVuaW9uIiwidGVtcGxhdGUiOiJoaWdod2F5IiwiYmxvZ19pZCI6MTExMDE2NDYxfQ.nlbUeJO9rugiL6P14WnfiZKsh3FUovOOgjTzp-bmAbgMQ"},"version":2},"_wpas_customize_per_network":false},"categories":[2585],"tags":[],"class_list":["post-34403","post","type-post","status-publish","format-standard","has-post-thumbnail","hentry","category-actu-outre-mer"],"jetpack_publicize_connections":[],"jetpack_featured_media_url":"https:\/\/i0.wp.com\/www.iceagetv.com\/radiosite\/wp-content\/uploads\/2025\/04\/Screenshot_20250404_155144.jpg?fit=1063%2C515&ssl=1","jetpack_sharing_enabled":true,"_links":{"self":[{"href":"https:\/\/www.iceagetv.com\/radiosite\/wp-json\/wp\/v2\/posts\/34403","targetHints":{"allow":["GET"]}}],"collection":[{"href":"https:\/\/www.iceagetv.com\/radiosite\/wp-json\/wp\/v2\/posts"}],"about":[{"href":"https:\/\/www.iceagetv.com\/radiosite\/wp-json\/wp\/v2\/types\/post"}],"author":[{"embeddable":true,"href":"https:\/\/www.iceagetv.com\/radiosite\/wp-json\/wp\/v2\/users\/2"}],"replies":[{"embeddable":true,"href":"https:\/\/www.iceagetv.com\/radiosite\/wp-json\/wp\/v2\/comments?post=34403"}],"version-history":[{"count":1,"href":"https:\/\/www.iceagetv.com\/radiosite\/wp-json\/wp\/v2\/posts\/34403\/revisions"}],"predecessor-version":[{"id":34406,"href":"https:\/\/www.iceagetv.com\/radiosite\/wp-json\/wp\/v2\/posts\/34403\/revisions\/34406"}],"wp:featuredmedia":[{"embeddable":true,"href":"https:\/\/www.iceagetv.com\/radiosite\/wp-json\/wp\/v2\/media\/34405"}],"wp:attachment":[{"href":"https:\/\/www.iceagetv.com\/radiosite\/wp-json\/wp\/v2\/media?parent=34403"}],"wp:term":[{"taxonomy":"category","embeddable":true,"href":"https:\/\/www.iceagetv.com\/radiosite\/wp-json\/wp\/v2\/categories?post=34403"},{"taxonomy":"post_tag","embeddable":true,"href":"https:\/\/www.iceagetv.com\/radiosite\/wp-json\/wp\/v2\/tags?post=34403"}],"curies":[{"name":"wp","href":"https:\/\/api.w.org\/{rel}","templated":true}]}}