{"id":34409,"date":"2025-04-05T17:44:39","date_gmt":"2025-04-05T15:44:39","guid":{"rendered":"https:\/\/www.iceagetv.com\/radiosite\/?p=34409"},"modified":"2025-04-05T17:44:42","modified_gmt":"2025-04-05T15:44:42","slug":"nouvelles-difficultes-pour-la-chaine-de-ouest-france-choisie-par-larcom-pour-remplacer-c8-le-milliardaire-francois-pinault-sollicite-en-urgence-pour-apporter-plusieurs-millions-deuros-pour-boucl","status":"publish","type":"post","link":"https:\/\/www.iceagetv.com\/radiosite\/nouvelles-difficultes-pour-la-chaine-de-ouest-france-choisie-par-larcom-pour-remplacer-c8-le-milliardaire-francois-pinault-sollicite-en-urgence-pour-apporter-plusieurs-millions-deuros-pour-boucl\/","title":{"rendered":"Nouvelles difficult\u00e9s pour la cha\u00eene de Ouest France choisie par l&rsquo;ARCOM pour remplacer C8 : Le milliardaire Fran\u00e7ois Pinault sollicit\u00e9 en urgence pour apporter plusieurs millions d&rsquo;euros pour boucler le budget !!"},"content":{"rendered":"\n<p class=\"\">Voil\u00e0 une information qui risque d&rsquo;affaiblir un peu plus encore l&rsquo;ARCOM et remettre une fois de plus en question le choix d&rsquo;avoir ferm\u00e9 C8, premi\u00e8re cha\u00eene de la TNT ! Car selon les informations de Valeurs Actuelles, le choix de Ouest France pour remplacer C8 reste probl\u00e9matique, \u00e0 tel point que&nbsp;<strong>la cha\u00eene g\u00e9n\u00e9raliste qui avait \u00e9t\u00e9 propos\u00e9e par le groupe de presse est encore \u00e0 la recherche de financement \u00e0 quelques semaines de son lancement.&nbsp;Le milliardaire Fran\u00e7ois Pinault aurait m\u00eame \u00e9t\u00e9 sollicit\u00e9&nbsp; en urgence !<\/strong><\/p>\n\n\n\n<p class=\"\">Pour m\u00e9moire, depuis sa validation par l&rsquo;ARCOM, les probl\u00e8mes et les h\u00e9sitations se multiplient du c\u00f4t\u00e9 de Ouest France.<\/p>\n\n\n\n<p class=\"\">Tout d&rsquo;abord les embauches annonc\u00e9es sont diminu\u00e9es de moiti\u00e9.&nbsp;<strong>La direction de Ouest-France \u00e9voque des raisons financi\u00e8res. Les 58 embauches promises lors de l\u2019audition devant l\u2019Arcom ont \u00e9t\u00e9 r\u00e9duites \u00e0 35 postes dans un premier temps. Pour m\u00e9moire, du c\u00f4t\u00e9 de C8 ce sont 400 postes qui ont \u00e9t\u00e9 touch\u00e9s lors de la fermeture<\/strong><\/p>\n\n\n\n<p class=\"\">Mais ce n&rsquo;est pas tout, car les travaux de construction du plateau TV \u00e0 Rennes, qui \u00e9tait un des principaux arguments de la cha\u00eene pour d\u00e9fendre son enracinement r\u00e9gional, ne d\u00e9buteront pas avant 2 ou 3 ans, c&rsquo;est \u00e0 dire en 2026, voire 2027, en raison de leur co\u00fbt important.\u00a0\u00bb<\/p>\n\n\n\n<p class=\"\">Le 16 juillet 2024, cinq dirigeants du groupe Ouest-France avaient en effet d\u00e9fendu face \u00e0 l&rsquo;Arcom un dossier comprenant \u00ab\u00a0cinq piliers\u00a0\u00bb : un talk-show quotidien intitul\u00e9 \u00ab\u00a0Le Talk en vrai\u00a0\u00bb s&rsquo;attachant \u00e0 l&rsquo;humain \u00ab\u00a0avec des gens que l&rsquo;on ne voit pas \u00e0 la t\u00e9l\u00e9vision\u00a0\u00bb, du divertissement, avec l&rsquo;adaptation de formats num\u00e9riques mais aussi des captations de concert et de spectacles d&rsquo;humour, de l&rsquo;information, avec un JT quotidien (\u00ab\u00a0De la commune au monde\u00a0\u00bb), de la fiction, avec deux soir\u00e9es cin\u00e9ma par semaine et accompagn\u00e9es dans certains cas de soir\u00e9es d\u00e9bats. Il pourrait \u00e9galement y avoir des retransmissions de comp\u00e9titions de cyclisme.<\/p>\n\n\n\n<p class=\"\"><strong>\u00c0 ce stade, Ouest-France cherche \u00e0 combler un d\u00e9ficit de financement estim\u00e9 \u00e0 20 millions d\u2019euros pour couvrir ses besoins annuels, \u00e9valu\u00e9s \u00e0 40 millions d\u2019euros.&nbsp;&nbsp;Pour sortir de l\u2019impasse, le pr\u00e9sident du directoire de Ouest-France, Fran\u00e7ois-Xavier Lefranc, aurait donc entam\u00e9 des discussions avec Fran\u00e7ois Pinault d\u2019apr\u00e8s les informations de Valeurs Actuelles.<\/strong><\/p>\n\n\n\n<p class=\"\">Propri\u00e9taire du groupe Kering, du journal Le Point et du Stade Rennais, le milliardaire breton pourrait devenir actionnaire minoritaire (jusqu\u2019\u00e0 49%) de la future cha\u00eene. Mais deux obstacles se dressent.<\/p>\n\n\n\n<p class=\"\">Le premier est la solidit\u00e9 contest\u00e9e du projet . Le second est la conjoncture d\u00e9favorable \u00e0 Kering, dont les r\u00e9sultats ont chut\u00e9 ces derniers mois.<\/p>\n\n\n\n<p class=\"\">Une \u00e9ventuelle prise de participation de Pinault soul\u00e8verait \u00e9galement des interrogations juridiques : le milliardaire pourrait entrer au capital d\u2019une cha\u00eene TNT sans avoir lui-m\u00eame pass\u00e9 d\u2019audition publique devant l\u2019Arcom ?<\/p>\n\n\n\n<p class=\"\">A priori la r\u00e9ponse est non et il faudrait au moins une autorisation de l&rsquo;autorit\u00e9 de r\u00e9gulation qui serait ainsi contrainte de faire entrer un nouvel op\u00e9rateur qu&rsquo;elle n&rsquo;a pas souhait\u00e9 !&nbsp;<\/p>\n","protected":false},"excerpt":{"rendered":"<p>Voil\u00e0 une information qui risque d&rsquo;affaiblir un peu plus encore l&rsquo;ARCOM et remettre une fois de plus en question le choix d&rsquo;avoir ferm\u00e9 C8, premi\u00e8re cha\u00eene de la TNT ! Car selon les informations de Valeurs Actuelles, le choix de Ouest France pour remplacer C8 reste probl\u00e9matique, \u00e0 tel point que&nbsp;la cha\u00eene g\u00e9n\u00e9raliste qui avait [&hellip;]<\/p>\n","protected":false},"author":2,"featured_media":34410,"comment_status":"open","ping_status":"open","sticky":false,"template":"","format":"standard","meta":{"_jetpack_memberships_contains_paid_content":false,"footnotes":"","jetpack_publicize_message":"","jetpack_publicize_feature_enabled":true,"jetpack_social_post_already_shared":true,"jetpack_social_options":{"image_generator_settings":{"template":"highway","enabled":true,"token":"eyJpbWciOiJodHRwczpcL1wvd3d3LmljZWFnZXR2LmNvbVwvcmFkaW9zaXRlXC93cC1jb250ZW50XC91cGxvYWRzXC8yMDI1XC8wNFwvQWN1QmhkbDkuanBnIiwidHh0IjoiTm91dmVsbGVzIGRpZmZpY3VsdFx1MDBlOXMgcG91ciBsYSBjaGFcdTAwZWVuZSBkZSBPdWVzdCBGcmFuY2UgY2hvaXNpZSBwYXIgbCYjODIxNztBUkNPTSBwb3VyIHJlbXBsYWNlciBDOCA6IExlIG1pbGxpYXJkYWlyZSBGcmFuXHUwMGU3b2lzIFBpbmF1bHQgc29sbGljaXRcdTAwZTkgZW4gdXJnZW5jZSBwb3VyIGFwcG9ydGVyIHBsdXNpZXVycyBtaWxsaW9ucyBkJiM4MjE3O2V1cm9zIHBvdXIgYm91Y2xlciBsZSBidWRnZXQgISEiLCJ0ZW1wbGF0ZSI6ImhpZ2h3YXkiLCJibG9nX2lkIjoxMTEwMTY0NjF9.M2AXung7QbKeZEBlzg-uLK4jKeGryNMeb5wEf7DKHysMQ"},"version":2},"_wpas_customize_per_network":false},"categories":[68],"tags":[],"class_list":["post-34409","post","type-post","status-publish","format-standard","has-post-thumbnail","hentry","category-actu-culturelle"],"jetpack_publicize_connections":[],"jetpack_featured_media_url":"https:\/\/i0.wp.com\/www.iceagetv.com\/radiosite\/wp-content\/uploads\/2025\/04\/AcuBhdl9.jpg?fit=679%2C293&ssl=1","jetpack_sharing_enabled":true,"_links":{"self":[{"href":"https:\/\/www.iceagetv.com\/radiosite\/wp-json\/wp\/v2\/posts\/34409","targetHints":{"allow":["GET"]}}],"collection":[{"href":"https:\/\/www.iceagetv.com\/radiosite\/wp-json\/wp\/v2\/posts"}],"about":[{"href":"https:\/\/www.iceagetv.com\/radiosite\/wp-json\/wp\/v2\/types\/post"}],"author":[{"embeddable":true,"href":"https:\/\/www.iceagetv.com\/radiosite\/wp-json\/wp\/v2\/users\/2"}],"replies":[{"embeddable":true,"href":"https:\/\/www.iceagetv.com\/radiosite\/wp-json\/wp\/v2\/comments?post=34409"}],"version-history":[{"count":1,"href":"https:\/\/www.iceagetv.com\/radiosite\/wp-json\/wp\/v2\/posts\/34409\/revisions"}],"predecessor-version":[{"id":34411,"href":"https:\/\/www.iceagetv.com\/radiosite\/wp-json\/wp\/v2\/posts\/34409\/revisions\/34411"}],"wp:featuredmedia":[{"embeddable":true,"href":"https:\/\/www.iceagetv.com\/radiosite\/wp-json\/wp\/v2\/media\/34410"}],"wp:attachment":[{"href":"https:\/\/www.iceagetv.com\/radiosite\/wp-json\/wp\/v2\/media?parent=34409"}],"wp:term":[{"taxonomy":"category","embeddable":true,"href":"https:\/\/www.iceagetv.com\/radiosite\/wp-json\/wp\/v2\/categories?post=34409"},{"taxonomy":"post_tag","embeddable":true,"href":"https:\/\/www.iceagetv.com\/radiosite\/wp-json\/wp\/v2\/tags?post=34409"}],"curies":[{"name":"wp","href":"https:\/\/api.w.org\/{rel}","templated":true}]}}