{"id":34431,"date":"2025-04-06T20:26:43","date_gmt":"2025-04-06T18:26:43","guid":{"rendered":"https:\/\/www.iceagetv.com\/radiosite\/?p=34431"},"modified":"2025-04-06T20:26:48","modified_gmt":"2025-04-06T18:26:48","slug":"gelees-blanches-en-plaine-voici-les-regions-ou-le-risque-est-le-plus-marque-lundi-matin-en-france","status":"publish","type":"post","link":"https:\/\/www.iceagetv.com\/radiosite\/gelees-blanches-en-plaine-voici-les-regions-ou-le-risque-est-le-plus-marque-lundi-matin-en-france\/","title":{"rendered":"Gel\u00e9es blanches en plaine : voici les r\u00e9gions o\u00f9 le risque est le plus marqu\u00e9 lundi matin en France"},"content":{"rendered":"\n<p class=\"\">Avec&nbsp;<a href=\"https:\/\/actu.fr\/meteo\/des-pointes-a-25-c-en-france-des-vendredi-voici-ou-il-va-faire-le-plus-chaud_62461336.html\">ce beau soleil et ces douces temp\u00e9ratures<\/a>, vous avez pass\u00e9 le week-end dehors\u2009? Vous avez eu raison de profiter de&nbsp;<strong>cette m\u00e9t\u00e9o printani\u00e8re<\/strong>\u2009: elle ne va pas durer.&nbsp;Depuis ce dimanche 6&nbsp;avril 2025,&nbsp;<a href=\"https:\/\/actu.fr\/meteo\/on-perd-10-c-d-un-coup-apres-la-douceur-les-temperatures-degringolent-pour-la-fin-du-week-end_62472025.html\">un air froid provenant de Russie et de Scandinavie<\/a>&nbsp;descend sur une partie de la France.<\/p>\n\n\n\n<p class=\"\">Cons\u00e9quence\u2009: le nord-est, l\u2019est et le centre du pays vont subir\u00a0<strong>un rafra\u00eechissement parfois saisissant<\/strong>, apr\u00e8s la chaleur des derniers jours. Certaines r\u00e9gions vont m\u00eame conna\u00eetre des\u00a0<strong>gel\u00e9es blanches<\/strong>\u00a0lundi 7\u00a0avril 2025.Une nuit \u00ab\u2009plus fra\u00eeche\u2009\u00bb et des gel\u00e9es en plaine<\/p>\n\n\n\n<p class=\"\">Dans&nbsp;<a href=\"https:\/\/meteofrance.com\/\">son bulletin dimanche<\/a>, M\u00e9t\u00e9o France \u00e9voque bel et bien de \u00ab\u2009petites&nbsp;<strong>gel\u00e9es<\/strong>&nbsp;possibles, de l\u2019Auvergne au Nord-Est et sur le Nord \u00ab\u2009lundi 7&nbsp;avril 2025 t\u00f4t le matin\u2009\u00bb. Ces gel\u00e9es r\u00e9sultent de cet air&nbsp;<a href=\"https:\/\/actu.fr\/tag\/froid\">froid<\/a>&nbsp;\u00ab\u2009qui descend vers l\u2019Europe centrale et&nbsp;<strong>touche la partie nord-est de la France\u2009\u00bb<\/strong>, observe le m\u00e9t\u00e9orologue Guillaume S\u00e9chet, contact\u00e9 par&nbsp;<em>actu.fr<\/em>.<\/p>\n\n\n\n<p class=\"\">Le\u00a0<a href=\"https:\/\/images.meteociel.fr\/im\/43\/3803\/animifm4.gif\">mod\u00e8le m\u00e9t\u00e9o WRF-NMM<\/a>\u00a0ci-dessous rend visible cette descente d\u2019air froid de dimanche\u00a06 apr\u00e8s-midi \u00e0 lundi 7\u00a0avril midi.Logiquement, en raison de cet air froid, la nuit de dimanche \u00e0 lundi s\u2019annonce\u00a0<strong>\u00ab\u2009plus fra\u00eeche\u2009\u00bb<\/strong>\u00a0sur les trois quarts du pays, avec des\u00a0<strong>gel\u00e9es en plaine<\/strong>\u00a0qui vont se former puis s\u2019\u00e9tendre lundi matin dans certaines r\u00e9gions,O\u00f9 vont appara\u00eetre ces gel\u00e9es blanches\u2009?<\/p>\n\n\n\n<p class=\"\">Concr\u00e8tement, o\u00f9 faut-il craindre l\u2019apparition de ces gel\u00e9es en plaine\u2009? \u00ab\u2009Il fera en g\u00e9n\u00e9ral entre 0 et 3&nbsp;\u00b0C et localement -2 \u00e0 0&nbsp;\u00b0C sur quasi la moiti\u00e9 de la France, \u00e0 savoir&nbsp;<strong>le nord, l\u2019est et le centre. Peut-\u00eatre en \u00cele-de-France aussi\u2009\u00bb<\/strong>, r\u00e9pond Guillaume S\u00e9chet.<\/p>\n\n\n\n<p class=\"\"><a href=\"https:\/\/actualite.lachainemeteo.com\/actualite-meteo\/2025-04-05\/gel-et-gelees-en-plaine-quelles-regions-menacees-en-ce-debut-de-semaine-76861\">La Cha\u00eene M\u00e9t\u00e9o<\/a>&nbsp;indique quant \u00e0 elle que \u00ab\u2009c\u2019est&nbsp;<strong>dans les campagnes<\/strong>, entre les Hauts-de-France, la Normandie, le Grand Est, le centre Val de Loire, la Bourgogne-Franche-Comt\u00e9 et le nord de l\u2019Auvergne, que le risque sera le plus marqu\u00e9\u2009\u00bb.<\/p>\n\n\n\n<p class=\"\">Une tendance visible sur le&nbsp;<a href=\"https:\/\/images.meteociel.fr\/im\/14\/8933\/animycu4.gif\">mod\u00e8le m\u00e9t\u00e9o Arome<\/a>&nbsp;ci-dessous, qui mat\u00e9rialise les territoires o\u00f9 il fera \u00e0 peine positif en bleu clair.<\/p>\n","protected":false},"excerpt":{"rendered":"<p>Avec&nbsp;ce beau soleil et ces douces temp\u00e9ratures, vous avez pass\u00e9 le week-end dehors\u2009? Vous avez eu raison de profiter de&nbsp;cette m\u00e9t\u00e9o printani\u00e8re\u2009: elle ne va pas durer.&nbsp;Depuis ce dimanche 6&nbsp;avril 2025,&nbsp;un air froid provenant de Russie et de Scandinavie&nbsp;descend sur une partie de la France. Cons\u00e9quence\u2009: le nord-est, l\u2019est et le centre du pays vont [&hellip;]<\/p>\n","protected":false},"author":2,"featured_media":34432,"comment_status":"open","ping_status":"open","sticky":false,"template":"","format":"standard","meta":{"_jetpack_memberships_contains_paid_content":false,"footnotes":"","jetpack_publicize_message":"","jetpack_publicize_feature_enabled":true,"jetpack_social_post_already_shared":true,"jetpack_social_options":{"image_generator_settings":{"template":"highway","enabled":true,"token":"eyJpbWciOiJodHRwczpcL1wvd3d3LmljZWFnZXR2LmNvbVwvcmFkaW9zaXRlXC93cC1jb250ZW50XC91cGxvYWRzXC8yMDI1XC8wNFwvR2VsZWVzLWJsYW5jaGVzLWVuLXBsYWluZS5qcGciLCJ0eHQiOiJHZWxcdTAwZTllcyBibGFuY2hlcyBlbiBwbGFpbmUgOiB2b2ljaSBsZXMgclx1MDBlOWdpb25zIG9cdTAwZjkgbGUgcmlzcXVlIGVzdCBsZSBwbHVzIG1hcnF1XHUwMGU5IGx1bmRpIG1hdGluIGVuIEZyYW5jZSIsInRlbXBsYXRlIjoiaGlnaHdheSIsImJsb2dfaWQiOjExMTAxNjQ2MX0.xXtMnYZVRl0GaAtxiPYwVM3U6E7GwKyZdq4QTKIP-1IMQ"},"version":2},"_wpas_customize_per_network":false},"categories":[14],"tags":[],"class_list":["post-34431","post","type-post","status-publish","format-standard","has-post-thumbnail","hentry","category-actu-meteo"],"jetpack_publicize_connections":[],"jetpack_featured_media_url":"https:\/\/i0.wp.com\/www.iceagetv.com\/radiosite\/wp-content\/uploads\/2025\/04\/Gelees-blanches-en-plaine.jpg?fit=702%2C467&ssl=1","jetpack_sharing_enabled":true,"_links":{"self":[{"href":"https:\/\/www.iceagetv.com\/radiosite\/wp-json\/wp\/v2\/posts\/34431","targetHints":{"allow":["GET"]}}],"collection":[{"href":"https:\/\/www.iceagetv.com\/radiosite\/wp-json\/wp\/v2\/posts"}],"about":[{"href":"https:\/\/www.iceagetv.com\/radiosite\/wp-json\/wp\/v2\/types\/post"}],"author":[{"embeddable":true,"href":"https:\/\/www.iceagetv.com\/radiosite\/wp-json\/wp\/v2\/users\/2"}],"replies":[{"embeddable":true,"href":"https:\/\/www.iceagetv.com\/radiosite\/wp-json\/wp\/v2\/comments?post=34431"}],"version-history":[{"count":1,"href":"https:\/\/www.iceagetv.com\/radiosite\/wp-json\/wp\/v2\/posts\/34431\/revisions"}],"predecessor-version":[{"id":34433,"href":"https:\/\/www.iceagetv.com\/radiosite\/wp-json\/wp\/v2\/posts\/34431\/revisions\/34433"}],"wp:featuredmedia":[{"embeddable":true,"href":"https:\/\/www.iceagetv.com\/radiosite\/wp-json\/wp\/v2\/media\/34432"}],"wp:attachment":[{"href":"https:\/\/www.iceagetv.com\/radiosite\/wp-json\/wp\/v2\/media?parent=34431"}],"wp:term":[{"taxonomy":"category","embeddable":true,"href":"https:\/\/www.iceagetv.com\/radiosite\/wp-json\/wp\/v2\/categories?post=34431"},{"taxonomy":"post_tag","embeddable":true,"href":"https:\/\/www.iceagetv.com\/radiosite\/wp-json\/wp\/v2\/tags?post=34431"}],"curies":[{"name":"wp","href":"https:\/\/api.w.org\/{rel}","templated":true}]}}