{"id":34466,"date":"2025-04-09T13:11:18","date_gmt":"2025-04-09T11:11:18","guid":{"rendered":"https:\/\/www.iceagetv.com\/radiosite\/?p=34466"},"modified":"2025-04-09T13:11:22","modified_gmt":"2025-04-09T11:11:22","slug":"le-maire-ecologiste-de-lyon-gregory-doucet-a-ete-place-en-garde-a-vue-aujourdhui-dans-le-cadre-dune-enquete-pour-detournement-de-fonds-publics","status":"publish","type":"post","link":"https:\/\/www.iceagetv.com\/radiosite\/le-maire-ecologiste-de-lyon-gregory-doucet-a-ete-place-en-garde-a-vue-aujourdhui-dans-le-cadre-dune-enquete-pour-detournement-de-fonds-publics\/","title":{"rendered":"Le maire \u00e9cologiste de Lyon Gr\u00e9gory Doucet a \u00e9t\u00e9 plac\u00e9 en garde \u00e0 vue aujourd&rsquo;hui dans le cadre d\u2019une enqu\u00eate pour d\u00e9tournement de fonds publics"},"content":{"rendered":"\n<p class=\"\">Selon le&nbsp;<a href=\"https:\/\/www.lejdd.fr\/politique\/lyon-le-maire-ecologiste-gregory-doucet-en-garde-a-vue-pour-detournement-de-fonds-publics-156875\" target=\"_blank\" rel=\"noreferrer noopener\">JDD<\/a>, Gr\u00e9gory Doucet, maire \u00e9cologiste de Lyon, a \u00e9t\u00e9 plac\u00e9 en garde \u00e0 vue aujourd&rsquo;hui. L&rsquo;\u00e9lu est entendu dans le cadre d\u2019une enqu\u00eate ouverte pour des faits pr\u00e9sum\u00e9s de d\u00e9tournement de fonds publics.<\/p>\n\n\n\n<p class=\"\">\u00ab\u00a0\u00c0 ce stade, les contours de l\u2019affaire restent flous. Ni le parquet, ni les avocats de l\u2019\u00e9lu n\u2019ont encore communiqu\u00e9 sur la nature pr\u00e9cise des soup\u00e7ons\u00a0\u00bb, expliquent nos confr\u00e8res.<\/p>\n\n\n\n<p class=\"\">Gr\u00e9gory Doucet, 51 ans, a \u00e9t\u00e9 \u00e9lu maire de Lyon le 4 juillet 2020. D\u00e8s d\u00e9cembre 2022, Gr\u00e9gory Doucet a affich\u00e9 son souhait de rempiler pour un nouveau mandat \u00e0 la t\u00eate de Lyon. \u00ab\u00a0Notre projet a besoin de deux mandats. Nous avons beaucoup \u00e0 faire pour les cr\u00e8ches, les \u00e9coles, les pistes cyclables. Il nous faut une dur\u00e9e plus longue&nbsp;\u00bb, expliquait-il dans un entretien au Monde.<\/p>\n","protected":false},"excerpt":{"rendered":"<p>Selon le&nbsp;JDD, Gr\u00e9gory Doucet, maire \u00e9cologiste de Lyon, a \u00e9t\u00e9 plac\u00e9 en garde \u00e0 vue aujourd&rsquo;hui. L&rsquo;\u00e9lu est entendu dans le cadre d\u2019une enqu\u00eate ouverte pour des faits pr\u00e9sum\u00e9s de d\u00e9tournement de fonds publics. \u00ab\u00a0\u00c0 ce stade, les contours de l\u2019affaire restent flous. Ni le parquet, ni les avocats de l\u2019\u00e9lu n\u2019ont encore communiqu\u00e9 sur [&hellip;]<\/p>\n","protected":false},"author":2,"featured_media":34467,"comment_status":"open","ping_status":"open","sticky":false,"template":"","format":"standard","meta":{"_jetpack_memberships_contains_paid_content":false,"footnotes":"","jetpack_publicize_message":"","jetpack_publicize_feature_enabled":true,"jetpack_social_post_already_shared":true,"jetpack_social_options":{"image_generator_settings":{"template":"highway","enabled":true,"token":"eyJpbWciOiJodHRwczpcL1wvd3d3LmljZWFnZXR2LmNvbVwvcmFkaW9zaXRlXC93cC1jb250ZW50XC91cGxvYWRzXC8yMDI1XC8wNFwvajVseG1ZaTkuanBnIiwidHh0IjoiTGUgbWFpcmUgXHUwMGU5Y29sb2dpc3RlIGRlIEx5b24gR3JcdTAwZTlnb3J5IERvdWNldCBhIFx1MDBlOXRcdTAwZTkgcGxhY1x1MDBlOSBlbiBnYXJkZSBcdTAwZTAgdnVlIGF1am91cmQmIzgyMTc7aHVpIGRhbnMgbGUgY2FkcmUgZFx1MjAxOXVuZSBlbnF1XHUwMGVhdGUgcG91ciBkXHUwMGU5dG91cm5lbWVudCBkZSBmb25kcyBwdWJsaWNzIiwidGVtcGxhdGUiOiJoaWdod2F5IiwiYmxvZ19pZCI6MTExMDE2NDYxfQ.BpsrAtZ5GS6eewZe4zkDj1uJbnit8S8df9YrjzZLPpMMQ"},"version":2},"_wpas_customize_per_network":false},"categories":[405],"tags":[],"class_list":["post-34466","post","type-post","status-publish","format-standard","has-post-thumbnail","hentry","category-actu-france-monde"],"jetpack_publicize_connections":[],"jetpack_featured_media_url":"https:\/\/i0.wp.com\/www.iceagetv.com\/radiosite\/wp-content\/uploads\/2025\/04\/j5lxmYi9.jpg?fit=679%2C293&ssl=1","jetpack_sharing_enabled":true,"_links":{"self":[{"href":"https:\/\/www.iceagetv.com\/radiosite\/wp-json\/wp\/v2\/posts\/34466","targetHints":{"allow":["GET"]}}],"collection":[{"href":"https:\/\/www.iceagetv.com\/radiosite\/wp-json\/wp\/v2\/posts"}],"about":[{"href":"https:\/\/www.iceagetv.com\/radiosite\/wp-json\/wp\/v2\/types\/post"}],"author":[{"embeddable":true,"href":"https:\/\/www.iceagetv.com\/radiosite\/wp-json\/wp\/v2\/users\/2"}],"replies":[{"embeddable":true,"href":"https:\/\/www.iceagetv.com\/radiosite\/wp-json\/wp\/v2\/comments?post=34466"}],"version-history":[{"count":1,"href":"https:\/\/www.iceagetv.com\/radiosite\/wp-json\/wp\/v2\/posts\/34466\/revisions"}],"predecessor-version":[{"id":34468,"href":"https:\/\/www.iceagetv.com\/radiosite\/wp-json\/wp\/v2\/posts\/34466\/revisions\/34468"}],"wp:featuredmedia":[{"embeddable":true,"href":"https:\/\/www.iceagetv.com\/radiosite\/wp-json\/wp\/v2\/media\/34467"}],"wp:attachment":[{"href":"https:\/\/www.iceagetv.com\/radiosite\/wp-json\/wp\/v2\/media?parent=34466"}],"wp:term":[{"taxonomy":"category","embeddable":true,"href":"https:\/\/www.iceagetv.com\/radiosite\/wp-json\/wp\/v2\/categories?post=34466"},{"taxonomy":"post_tag","embeddable":true,"href":"https:\/\/www.iceagetv.com\/radiosite\/wp-json\/wp\/v2\/tags?post=34466"}],"curies":[{"name":"wp","href":"https:\/\/api.w.org\/{rel}","templated":true}]}}