{"id":34472,"date":"2025-04-09T13:39:29","date_gmt":"2025-04-09T11:39:29","guid":{"rendered":"https:\/\/www.iceagetv.com\/radiosite\/?p=34472"},"modified":"2025-04-09T13:39:33","modified_gmt":"2025-04-09T11:39:33","slug":"mayotte-le-durcissement-du-droit-du-sol-definitivement-adopte-par-le-parlement","status":"publish","type":"post","link":"https:\/\/www.iceagetv.com\/radiosite\/mayotte-le-durcissement-du-droit-du-sol-definitivement-adopte-par-le-parlement\/","title":{"rendered":"Mayotte : le durcissement du droit du sol d\u00e9finitivement adopt\u00e9 par le Parlement"},"content":{"rendered":"\n<p class=\"\">Apr\u00e8s des semaines de d\u00e9bats, le Parlement a d\u00e9finitivement adopt\u00e9 ce mardi une loi pr\u00e9voyant le renforcement des \u00abconditions d\u2019acc\u00e8s \u00e0 la nationalit\u00e9 \u00e0 Mayotte\u00bb.&nbsp;<\/p>\n\n\n\n<p class=\"\">Un texte approuv\u00e9. Ce mardi, le Parlement a adopt\u00e9, par un dernier vote \u00e0 l\u2019Assembl\u00e9e nationale par 339 voix pour contre 174, une proposition de loi visant \u00e0 durcir les restrictions au droit du sol \u00e0 Mayotte, archipel en proie \u00e0 une forte pression migratoire.D\u00e9j\u00e0 adopt\u00e9 au S\u00e9nat, apr\u00e8s un accord sur la version finale entre d\u00e9put\u00e9s et s\u00e9nateurs, le texte port\u00e9 par Les R\u00e9publicains, et soutenu par le gouvernement, a suscit\u00e9 la vive protestation de la gauche, estimant que ce texte ne r\u00e9glera rien \u00e0 la surpopulation li\u00e9e \u00e0 l&rsquo;immigration en provenance des Comores, tout en portant atteinte au principe d&rsquo;\u00e9galit\u00e9 devant la loi.<\/p>\n\n\n\n<p class=\"\">La France insoumise a m\u00eame tent\u00e9 de faire tomber le texte en d\u00e9posant une motion de rejet, vivement d\u00e9nonc\u00e9e par Estelle Youssouffa, d\u00e9put\u00e9e LIOT de Mayotte. L&rsquo;\u00e9lue a accus\u00e9 LFI de \u00abvouloir d\u00e9cider pour Mayotte, sans les Mahorais\u00bb.\u00a0Quels changements concrets ?<\/p>\n\n\n\n<p class=\"\">Le texte renforce une d\u00e9rogation sp\u00e9cifique au droit du sol qui existe \u00e0 Mayotte depuis 2018. Actuellement, les enfants n\u00e9s dans l&rsquo;archipel doivent avoir un parent r\u00e9sidant r\u00e9guli\u00e8rement sur le sol fran\u00e7ais depuis au moins trois mois au moment de leur naissance, pour obtenir plus tard la nationalit\u00e9 fran\u00e7aise.&nbsp;<\/p>\n","protected":false},"excerpt":{"rendered":"<p>Apr\u00e8s des semaines de d\u00e9bats, le Parlement a d\u00e9finitivement adopt\u00e9 ce mardi une loi pr\u00e9voyant le renforcement des \u00abconditions d\u2019acc\u00e8s \u00e0 la nationalit\u00e9 \u00e0 Mayotte\u00bb.&nbsp; Un texte approuv\u00e9. Ce mardi, le Parlement a adopt\u00e9, par un dernier vote \u00e0 l\u2019Assembl\u00e9e nationale par 339 voix pour contre 174, une proposition de loi visant \u00e0 durcir les [&hellip;]<\/p>\n","protected":false},"author":2,"featured_media":34473,"comment_status":"open","ping_status":"open","sticky":false,"template":"","format":"standard","meta":{"_jetpack_memberships_contains_paid_content":false,"footnotes":"","jetpack_publicize_message":"","jetpack_publicize_feature_enabled":true,"jetpack_social_post_already_shared":true,"jetpack_social_options":{"image_generator_settings":{"template":"highway","enabled":true,"token":"eyJpbWciOiJodHRwczpcL1wvd3d3LmljZWFnZXR2LmNvbVwvcmFkaW9zaXRlXC93cC1jb250ZW50XC91cGxvYWRzXC8yMDI1XC8wNFwvbGUtZHVyY2lzc2VtZW50LWR1LWRyb2l0LWR1LXNvbC1kZWZpbml0aXZlbWVudC1hZG9wdGUtcGFyLWxlLVBhcmxlbWVudC5qcGciLCJ0eHQiOiJNYXlvdHRlIDogbGUgZHVyY2lzc2VtZW50IGR1IGRyb2l0IGR1IHNvbCBkXHUwMGU5ZmluaXRpdmVtZW50IGFkb3B0XHUwMGU5IHBhciBsZSBQYXJsZW1lbnQiLCJ0ZW1wbGF0ZSI6ImhpZ2h3YXkiLCJibG9nX2lkIjoxMTEwMTY0NjF9.aei2e1mtjw7d1HllauIr2dEMTChXaP39BtAaf6QTjAQMQ"},"version":2},"_wpas_customize_per_network":false},"categories":[2585],"tags":[],"class_list":["post-34472","post","type-post","status-publish","format-standard","has-post-thumbnail","hentry","category-actu-outre-mer"],"jetpack_publicize_connections":[],"jetpack_featured_media_url":"https:\/\/i0.wp.com\/www.iceagetv.com\/radiosite\/wp-content\/uploads\/2025\/04\/le-durcissement-du-droit-du-sol-definitivement-adopte-par-le-Parlement.jpg?fit=685%2C365&ssl=1","jetpack_sharing_enabled":true,"_links":{"self":[{"href":"https:\/\/www.iceagetv.com\/radiosite\/wp-json\/wp\/v2\/posts\/34472","targetHints":{"allow":["GET"]}}],"collection":[{"href":"https:\/\/www.iceagetv.com\/radiosite\/wp-json\/wp\/v2\/posts"}],"about":[{"href":"https:\/\/www.iceagetv.com\/radiosite\/wp-json\/wp\/v2\/types\/post"}],"author":[{"embeddable":true,"href":"https:\/\/www.iceagetv.com\/radiosite\/wp-json\/wp\/v2\/users\/2"}],"replies":[{"embeddable":true,"href":"https:\/\/www.iceagetv.com\/radiosite\/wp-json\/wp\/v2\/comments?post=34472"}],"version-history":[{"count":1,"href":"https:\/\/www.iceagetv.com\/radiosite\/wp-json\/wp\/v2\/posts\/34472\/revisions"}],"predecessor-version":[{"id":34474,"href":"https:\/\/www.iceagetv.com\/radiosite\/wp-json\/wp\/v2\/posts\/34472\/revisions\/34474"}],"wp:featuredmedia":[{"embeddable":true,"href":"https:\/\/www.iceagetv.com\/radiosite\/wp-json\/wp\/v2\/media\/34473"}],"wp:attachment":[{"href":"https:\/\/www.iceagetv.com\/radiosite\/wp-json\/wp\/v2\/media?parent=34472"}],"wp:term":[{"taxonomy":"category","embeddable":true,"href":"https:\/\/www.iceagetv.com\/radiosite\/wp-json\/wp\/v2\/categories?post=34472"},{"taxonomy":"post_tag","embeddable":true,"href":"https:\/\/www.iceagetv.com\/radiosite\/wp-json\/wp\/v2\/tags?post=34472"}],"curies":[{"name":"wp","href":"https:\/\/api.w.org\/{rel}","templated":true}]}}