{"id":34502,"date":"2025-04-11T13:14:39","date_gmt":"2025-04-11T11:14:39","guid":{"rendered":"https:\/\/www.iceagetv.com\/radiosite\/?p=34502"},"modified":"2025-04-11T13:14:43","modified_gmt":"2025-04-11T11:14:43","slug":"a-escource-petit-village-des-landes-le-pari-des-panneaux-solaires-a-permis-de-reduire-les-factures-et-de-geler-les-impots","status":"publish","type":"post","link":"https:\/\/www.iceagetv.com\/radiosite\/a-escource-petit-village-des-landes-le-pari-des-panneaux-solaires-a-permis-de-reduire-les-factures-et-de-geler-les-impots\/","title":{"rendered":"A Escource, petit village des Landes, le pari des panneaux solaires a permis de r\u00e9duire les factures et de geler les imp\u00f4ts"},"content":{"rendered":"\n<p class=\"\">Il y a quinze ans, la mairie s&rsquo;est lanc\u00e9e dans le d\u00e9veloppement des panneaux solaires dans toute la commune. Un choix payant face \u00e0 la forte augmentation des tarifs de l&rsquo;\u00e9lectricit\u00e9 ces derni\u00e8res ann\u00e9es.Escource, 816\u00a0habitants, pour plus de 900\u00a0m2 de panneaux solaires. Dans ce petit village des Landes, le photovolta\u00efque est partout. On en trouve sur la salle des f\u00eates, les toilettes publiques, l&rsquo;\u00e9cole, le stade de foot ou l&rsquo;ombri\u00e8re du parking, et m\u00eame sur une aile de l&rsquo;\u00e9glise. Un d\u00e9veloppement voulu par l&rsquo;ancien maire, Patrick Sabin (sans \u00e9tiquette), en poste entre 2008 et 2024.\u00a0<em>\u00ab\u00a0Il y a un int\u00e9r\u00eat \u00e9cologique, bien s\u00fbr, qui \u00e9tait notre fil rouge<\/em>, expose celui qui est aujourd&rsquo;hui premier adjoint.\u00a0<em>Mais il y a aussi un int\u00e9r\u00eat \u00e9conomique.\u00a0\u00bb<\/em>Car la commune ne paye plus aucune facture pour son \u00e9clairage public. Une partie des<strong>&nbsp;<\/strong>r\u00e9verb\u00e8res sont directement \u00e9quip\u00e9s de panneaux solaires, l&rsquo;autre est reli\u00e9e \u00e0 des batteries aliment\u00e9es par ceux de la salle des f\u00eates. Sur une ann\u00e9e, le photovolta\u00efque couvre 61% de la consommation \u00e9lectrique des b\u00e2timents communaux. Une aubaine avec&nbsp;<a href=\"https:\/\/www.francetvinfo.fr\/environnement\/energie\/crise-de-l-energie-sixquestions-pour-comprendre-pourquoi-l-electricite-et-le-gaz-sont-devenus-si-chers_5335132.html\">l&rsquo;explosion des prix de l&rsquo;\u00e9nergie provoqu\u00e9s par la guerre en Ukraine<\/a>. En 2008, Escource payait 58&nbsp;000&nbsp;euros pour son \u00e9lectricit\u00e9 et son fioul. Et l&rsquo;an dernier&nbsp;? La commune a limit\u00e9 ses factures \u00e0&#8230; 37&nbsp;000&nbsp;euros.&nbsp;<em>\u00ab\u00a0Si on n&rsquo;avait rien fait entre les nouveaux b\u00e2timents et le prix de l&rsquo;\u00e9lectricit\u00e9 qui a explos\u00e9, aujourd&rsquo;hui, on aurait une facture qui serait multipli\u00e9e par trois\u00a0\u00bb<\/em>, calcule Patrick Sabin.<\/p>\n\n\n\n<h2 class=\"wp-block-heading\">\u00ab\u00a0On m&rsquo;a pris pour un farfelu\u00a0\u00bb<\/h2>\n\n\n\n<p class=\"\">A l&rsquo;origine de ces \u00e9conomies, une catastrophe en 2009. Cette ann\u00e9e-l\u00e0, la temp\u00eate Klaus ravage les Landes. A Escource, comme ailleurs, les pins maritimes sont \u00e0 terre. Une perte de revenus pour la commune, propri\u00e9taire de 600&nbsp;hectares de for\u00eats. Le maire voit d\u00e9filer des promoteurs qui lui proposent de remplacer ses arbres par des champs de panneaux solaires ou des \u00e9oliennes. Mais Patrick Sabin se m\u00e9fie&nbsp;: des fonds de pension sont au capital de ces soci\u00e9t\u00e9s, l&rsquo;une d&rsquo;elles a son si\u00e8ge aux \u00eeles Ca\u00efmans.&nbsp;<em>\u00ab\u00a0\u00c7a a vraiment \u00e9t\u00e9 le d\u00e9clic<\/em>, se souvient-il.&nbsp;<em>On s&rsquo;est dit&nbsp;: &lsquo;Mais qu&rsquo;est-ce qu&rsquo;on fait&nbsp;? Est-ce qu&rsquo;on leur donne toute notre production, tout notre vent, tout notre soleil, et puis l&rsquo;argent va partir ailleurs&nbsp;?'\u00a0\u00bb<\/em><\/p>\n\n\n\n<p class=\"\">Il d\u00e9cide alors de se lancer lui-m\u00eame dans le d\u00e9veloppement des \u00e9nergies renouvelables. D&rsquo;abord, il a fallu isoler les b\u00e2timents publics, puis d\u00e9ployer des panneaux photovolta\u00efques et des batteries. Dans la chaudi\u00e8re communale, qui permet de chauffer presque tous les locaux municipaux, le bois remplace le fioul. Prudent, l&rsquo;\u00e9dile ne communique pas particuli\u00e8rement sur son projet les premi\u00e8res ann\u00e9es.&nbsp;<em>\u00ab\u00a0Il y a des gens qui m&rsquo;ont pris pour un farfelu, pour un \u00e9colo, tout ce que vous voulez. Aujourd&rsquo;hui, on a apport\u00e9 la preuve par A+B que le chemin qu&rsquo;on avait pris \u00e9tait le bon\u00a0\u00bb<\/em>, savoure-t-il.<\/p>\n\n\n\n<h2 class=\"wp-block-heading\">\u00ab\u00a0Mes imp\u00f4ts n&rsquo;ont pas augment\u00e9 depuis 12&nbsp;ans et demi\u00a0\u00bb<\/h2>\n\n\n\n<p class=\"\">Accoud\u00e9 au bar du village, Victor Garcia, 76&nbsp;ans, confesse avoir d&rsquo;abord \u00e9t\u00e9 un peu sceptique.&nbsp;<em>\u00ab\u00a0Il fallait du temps pour rentabiliser l&rsquo;affaire<\/em>, argumente cet habitant du village.&nbsp;<em>Maintenant, je trouve que c&rsquo;est vraiment tr\u00e8s bien.\u00a0\u00bb<\/em>&nbsp;Les panneaux solaires sont d&rsquo;autant plus accept\u00e9s qu&rsquo;ils ont permis de ne pas augmenter les imp\u00f4ts locaux, malgr\u00e9 l&rsquo;envol\u00e9e des prix de l&rsquo;\u00e9nergie.&nbsp;<em>\u00ab\u00a0Mes imp\u00f4ts n&rsquo;ont pas augment\u00e9 depuis 12&nbsp;ans et demi. Pour nous qui sommes \u00e0 la retraite, c&rsquo;est appr\u00e9ciable\u00a0\u00bb<\/em>, t\u00e9moigne Aline Zengarli, 75&nbsp;ans.<\/p>\n\n\n\n<p class=\"\">Les trois commerces du bourg (un restaurant, le bar-tabac-\u00e9picerie et le coiffeur) y trouvent aussi leur compte. Depuis un an, la mairie leur revend son surplus d&rsquo;\u00e9lectricit\u00e9, \u00e0 10&nbsp;centimes le KWh, contre 25 pour le tarif EDF.<em>&nbsp;\u00ab\u00a0Nous avons fait une \u00e9conomie de 150&nbsp;euros par rapport \u00e0 l&rsquo;ann\u00e9e derni\u00e8re sur le mois de f\u00e9vrier, qui n&rsquo;\u00e9tait pas tr\u00e8s ensoleill\u00e9\u00a0\u00bb<\/em>, calcule Val\u00e9rie Geffroy, propri\u00e9taire avec son mari du restaurant Le Plaisir des Mets. Ils ont \u00e9conomis\u00e9 au total un peu plus de 1&nbsp;200&nbsp;euros l&rsquo;ann\u00e9e derni\u00e8re.<em>&nbsp;\u00ab\u00a0\u00c7a nous a permis de passer au mieux la crise\u00a0\u00bb<\/em>, estime Mick\u00e4el Geffroy.<\/p>\n\n\n\n<p class=\"\">Ils ne seront bient\u00f4t plus les seuls \u00e0 en profiter. En 2025, Escource va permettre \u00e0 ses habitants de b\u00e9n\u00e9ficier de cette \u00e9lectricit\u00e9 \u00e0 prix cass\u00e9, via une coop\u00e9rative. La commune compte aussi s&rsquo;\u00e9quiper de v\u00e9hicules de service \u00e0 charge bidirectionnelle, des sortes de \u00ab\u00a0batteries roulantes\u00a0\u00bb capables de r\u00e9injecter l&rsquo;\u00e9lectricit\u00e9 dans le r\u00e9seau lorsqu&rsquo;elles ne roulent pas. Avec ces nouvelles capacit\u00e9s de stockage, la commune fera un pas de plus vers l&rsquo;autonomie \u00e9lectrique.<\/p>\n\n\n\n<hr class=\"wp-block-separator has-alpha-channel-opacity\"\/>\n\n\n\n<p class=\"\"><em>Depuis le XIXe si\u00e8cle, la temp\u00e9rature moyenne de la Terre s&rsquo;est r\u00e9chauff\u00e9e de 1,1\u00b0C. Les scientifiques ont \u00e9tabli avec certitude que cette hausse est due aux activit\u00e9s humaines, consommatrices d&rsquo;\u00e9nergies fossiles (charbon, p\u00e9trole et gaz). Ce r\u00e9chauffement, in\u00e9dit par sa rapidit\u00e9, menace l&rsquo;avenir de nos soci\u00e9t\u00e9s et la biodiversit\u00e9. Mais des solutions \u2013 \u00e9nergies renouvelables, sobri\u00e9t\u00e9, diminution de la consommation de viande \u2013 existent.&nbsp;<\/em><a href=\"https:\/\/www.francetvinfo.fr\/monde\/environnement\/crise-climatique\/changement-climatique-nos-reponses-a-toutes-les-questions-que-vous-vous-posez.html\"><em>D\u00e9couvrez nos r\u00e9ponses \u00e0 vos questions<\/em><\/a>&nbsp;<em>sur la crise climatique.<\/em><\/p>\n","protected":false},"excerpt":{"rendered":"<p>Il y a quinze ans, la mairie s&rsquo;est lanc\u00e9e dans le d\u00e9veloppement des panneaux solaires dans toute la commune. Un choix payant face \u00e0 la forte augmentation des tarifs de l&rsquo;\u00e9lectricit\u00e9 ces derni\u00e8res ann\u00e9es.Escource, 816\u00a0habitants, pour plus de 900\u00a0m2 de panneaux solaires. Dans ce petit village des Landes, le photovolta\u00efque est partout. On en trouve [&hellip;]<\/p>\n","protected":false},"author":2,"featured_media":34503,"comment_status":"open","ping_status":"open","sticky":false,"template":"","format":"standard","meta":{"_jetpack_memberships_contains_paid_content":false,"footnotes":"","jetpack_publicize_message":"","jetpack_publicize_feature_enabled":true,"jetpack_social_post_already_shared":true,"jetpack_social_options":{"image_generator_settings":{"template":"highway","enabled":true,"token":"eyJpbWciOiJodHRwczpcL1wvd3d3LmljZWFnZXR2LmNvbVwvcmFkaW9zaXRlXC93cC1jb250ZW50XC91cGxvYWRzXC8yMDI1XC8wNFwvQS1Fc2NvdXJjZS5qcGciLCJ0eHQiOiJBIEVzY291cmNlLCBwZXRpdCB2aWxsYWdlIGRlcyBMYW5kZXMsIGxlIHBhcmkgZGVzIHBhbm5lYXV4IHNvbGFpcmVzIGEgcGVybWlzIGRlIHJcdTAwZTlkdWlyZSBsZXMgZmFjdHVyZXMgZXQgZGUgZ2VsZXIgbGVzIGltcFx1MDBmNHRzIiwidGVtcGxhdGUiOiJoaWdod2F5IiwiYmxvZ19pZCI6MTExMDE2NDYxfQ.sMSoRvNg8-Mzf041xZQgFd8FwL0yO3xbcVCEnELvLosMQ"},"version":2},"_wpas_customize_per_network":false},"categories":[17],"tags":[],"class_list":["post-34502","post","type-post","status-publish","format-standard","has-post-thumbnail","hentry","category-actu-regions"],"jetpack_publicize_connections":[],"jetpack_featured_media_url":"https:\/\/i0.wp.com\/www.iceagetv.com\/radiosite\/wp-content\/uploads\/2025\/04\/A-Escource.jpg?fit=958%2C378&ssl=1","jetpack_sharing_enabled":true,"_links":{"self":[{"href":"https:\/\/www.iceagetv.com\/radiosite\/wp-json\/wp\/v2\/posts\/34502","targetHints":{"allow":["GET"]}}],"collection":[{"href":"https:\/\/www.iceagetv.com\/radiosite\/wp-json\/wp\/v2\/posts"}],"about":[{"href":"https:\/\/www.iceagetv.com\/radiosite\/wp-json\/wp\/v2\/types\/post"}],"author":[{"embeddable":true,"href":"https:\/\/www.iceagetv.com\/radiosite\/wp-json\/wp\/v2\/users\/2"}],"replies":[{"embeddable":true,"href":"https:\/\/www.iceagetv.com\/radiosite\/wp-json\/wp\/v2\/comments?post=34502"}],"version-history":[{"count":1,"href":"https:\/\/www.iceagetv.com\/radiosite\/wp-json\/wp\/v2\/posts\/34502\/revisions"}],"predecessor-version":[{"id":34504,"href":"https:\/\/www.iceagetv.com\/radiosite\/wp-json\/wp\/v2\/posts\/34502\/revisions\/34504"}],"wp:featuredmedia":[{"embeddable":true,"href":"https:\/\/www.iceagetv.com\/radiosite\/wp-json\/wp\/v2\/media\/34503"}],"wp:attachment":[{"href":"https:\/\/www.iceagetv.com\/radiosite\/wp-json\/wp\/v2\/media?parent=34502"}],"wp:term":[{"taxonomy":"category","embeddable":true,"href":"https:\/\/www.iceagetv.com\/radiosite\/wp-json\/wp\/v2\/categories?post=34502"},{"taxonomy":"post_tag","embeddable":true,"href":"https:\/\/www.iceagetv.com\/radiosite\/wp-json\/wp\/v2\/tags?post=34502"}],"curies":[{"name":"wp","href":"https:\/\/api.w.org\/{rel}","templated":true}]}}