{"id":34511,"date":"2025-04-11T16:12:18","date_gmt":"2025-04-11T14:12:18","guid":{"rendered":"https:\/\/www.iceagetv.com\/radiosite\/?p=34511"},"modified":"2025-04-11T16:12:23","modified_gmt":"2025-04-11T14:12:23","slug":"guerre-commerciale-nouvelle-escalade-entre-pekin-et-washington-lue-dans-lexpectative","status":"publish","type":"post","link":"https:\/\/www.iceagetv.com\/radiosite\/guerre-commerciale-nouvelle-escalade-entre-pekin-et-washington-lue-dans-lexpectative\/","title":{"rendered":"Guerre commerciale: nouvelle escalade entre P\u00e9kin et Washington, l&rsquo;UE dans l&rsquo;expectative"},"content":{"rendered":"\n<p class=\"\">L&rsquo;imposition par les \u00c9tats-Unis de droits de douane anormalement \u00e9lev\u00e9s \u00e0 la Chine constitue une violation grave des r\u00e8gles du commerce international\u00a0\u00bb, a affirm\u00e9 la Commission des droits de douane du Conseil des affaires d&rsquo;\u00c9tat, qui d\u00e9plore une pratique \u00ab\u00a0unilat\u00e9rale d&rsquo;intimidation et de coercition\u00a0\u00bb, selon un communiqu\u00e9 publi\u00e9 vendredi par le minist\u00e8re chinois des Finances.<\/p>\n\n\n\n<p class=\"\">\u00ab\u00a0Comme \u00e0 ce niveau de tarifs douaniers, les produits am\u00e9ricains export\u00e9s vers la Chine n&rsquo;ont plus aucune possibilit\u00e9 d&rsquo;\u00eatre accept\u00e9s sur le march\u00e9\u00a0\u00bb chinois, si Washington continue d&rsquo;augmenter ses droits de douane, \u00ab\u00a0la Chine l&rsquo;ignorera\u00a0\u00bb, est-il ajout\u00e9.<\/p>\n\n\n\n<p class=\"\">L&rsquo;incertitude g\u00e9n\u00e9r\u00e9e par la politique de Donald Trump continue de faire plonger le dollar, qui a atteint vendredi un plus bas face \u00e0 l&rsquo;euro en plus de trois ans.<\/p>\n\n\n\n<p class=\"\">Les march\u00e9s boursiers europ\u00e9ens, qui avaient \u00e9t\u00e9 les seuls \u00e0 r\u00e9sister jeudi, sont repartis dans le rouge apr\u00e8s les annonces de P\u00e9kin, sans retrouver les chutes du d\u00e9but de la semaine. A l&rsquo;inverse, les principaux indices de Wall Street semblaient partis pour ouvrir dans le vert, d&rsquo;apr\u00e8s les \u00e9changes \u00e9lectroniques d&rsquo;avant l&rsquo;ouverture.<\/p>\n\n\n\n<p class=\"\">&#8211; \u00ab\u00a0R\u00e9sister ensemble\u00a0\u00bb &#8211;<\/p>\n\n\n\n<p class=\"\">Mercredi, Donald Trump a annonc\u00e9 le gel pour 90 jours des plus grosses surtaxes punitives qu&rsquo;il venait d&rsquo;imposer \u00e0 60 partenaires commerciaux, le temps de boucler des n\u00e9gociations avec Washington.<\/p>\n\n\n\n<p class=\"\">N\u00e9anmoins, les \u00c9tats-Unis maintiennent depuis d\u00e9but avril un taux plancher de 10% et des surtaxes douani\u00e8res de 25% sur l&rsquo;acier, l&rsquo;aluminium et l&rsquo;automobile, notamment contre l&rsquo;UE.<\/p>\n\n\n\n<p class=\"\">La Chine, elle, a \u00e9t\u00e9 finalement frapp\u00e9e par une surtaxe monumentale \u00e0 145%.<\/p>\n\n\n\n<p class=\"\">Lors d&rsquo;une rencontre vendredi avec le Premier ministre espagnol Pedro Sanchez, le pr\u00e9sident chinois Xi Jinping a appel\u00e9 l&rsquo;Union europ\u00e9enne \u00e0 \u00ab\u00a0r\u00e9sister ensemble\u00a0\u00bb face \u00e0 la guerre commerciale de Donald Trump.<\/p>\n\n\n\n<p class=\"\">\u00ab\u00a0La Chine et l&rsquo;UE doivent assumer leurs responsabilit\u00e9s internationales, prot\u00e9ger conjointement la mondialisation \u00e9conomique et l&rsquo;environnement commercial international et r\u00e9sister ensemble \u00e0 toute coercition unilat\u00e9rale\u00a0\u00bb, a lanc\u00e9 Xi Jinping \u00e0 P\u00e9kin.<\/p>\n\n\n\n<p class=\"\">A l&rsquo;issue de cette rencontre, Pedro Sanchez a indiqu\u00e9 devant la presse que \u00ab\u00a0l&rsquo;Espagne et l&rsquo;Europe [avaient] un d\u00e9ficit commercial important avec la Chine qu'[ils devaient] s&rsquo;efforcer de rectifier\u00a0\u00bb. Mais \u00ab\u00a0nous ne devons pas laisser les tensions commerciales entraver le potentiel de croissance des relations (&#8230;) entre la Chine et l&rsquo;UE\u00a0\u00bb, a-t-il ajouter.<\/p>\n\n\n\n<p class=\"\">&#8211; \u00ab\u00a0Tr\u00e8s intelligent\u00a0\u00bb &#8211;<\/p>\n\n\n\n<p class=\"\">Le pr\u00e9sident fran\u00e7ais Emmanuel Macron a pr\u00e9venu vendredi sur X&nbsp;que le rabaissement des droits de douane am\u00e9ricains \u00e0 10% \u00e9tait \u00ab\u00a0une pause fragile\u00a0\u00bb. \u00ab\u00a0Avec la Commission europ\u00e9enne, nous devons nous montrer forts: l&rsquo;Europe doit continuer de travailler sur toutes les contre-mesures n\u00e9cessaires\u00a0\u00bb, a-t-il estim\u00e9.<\/p>\n\n\n\n<p class=\"\">Dans l&rsquo;imm\u00e9diat, l&rsquo;UE a suspendu sa riposte, ce que Donald Trump a jug\u00e9 \u00ab\u00a0tr\u00e8s intelligent\u00a0\u00bb.&nbsp;<\/p>\n\n\n\n<p class=\"\">Le commissaire europ\u00e9en en charge du commerce, Maros Sefcovic, se rendra lundi \u00e0 Washington pour \u00e9changer sur le sujet, a annonc\u00e9 vendredi un porte-parole de l&rsquo;ex\u00e9cutif europ\u00e9en.<\/p>\n\n\n\n<p class=\"\">Si les discussions avec les \u00c9tats-Unis \u00e9chouent, la Commission europ\u00e9enne pourrait taxer les g\u00e9ants am\u00e9ricains de la tech, a menac\u00e9 sa pr\u00e9sidente Ursula von der Leyen.<\/p>\n\n\n\n<p class=\"\">\u00ab\u00a0Il existe un large \u00e9ventail de contre-mesures\u00a0\u00bb, a-t-elle indiqu\u00e9 dans le Financial Times, citant \u00ab\u00a0une taxe sur les revenus publicitaires des services num\u00e9riques\u00a0\u00bb et le recours \u00e0 l'\u00a0\u00bbinstrument anticoercition\u00a0\u00bb, surnomm\u00e9 \u00ab\u00a0bazooka\u00a0\u00bb et pens\u00e9 comme un outil de dissuasion.<\/p>\n\n\n\n<p class=\"\">De son c\u00f4t\u00e9, la Banque centrale europ\u00e9enne \u00ab\u00a0surveille la situation et est toujours pr\u00eate \u00e0 intervenir\u00a0\u00bb en utilisant les instruments dont elle dispose, a d\u00e9clar\u00e9 vendredi \u00e0 Varsovie sa pr\u00e9sidente Christine Lagarde, sans donner plus de d\u00e9tails.<\/p>\n\n\n\n<p class=\"\">D&rsquo;autres pays asiatiques \u2014 d\u00e9pendants de leurs exportations vers les \u00c9tats-Unis \u2014 font profil bas. A l&rsquo;instar du Vietnam et du Cambodge, producteurs de textiles et membres de l&rsquo;Association des nations d&rsquo;Asie du sud-est (Asean), qui a dit qu&rsquo;elle ne prendrait pas de mesures de r\u00e9torsion.<\/p>\n\n\n\n<p class=\"\">Donald Trump s&rsquo;est montr\u00e9 serein jeudi en jugeant que \u00ab\u00a0la transition aurait un co\u00fbt et poserait des probl\u00e8mes\u00a0\u00bb mais qu&rsquo;en fin de compte, \u00ab\u00a0\u00e7a serait une bonne chose\u00a0\u00bb. Le pr\u00e9sident am\u00e9ricain a encore menac\u00e9 jeudi soir le Mexique de nouveaux droits de douane.<\/p>\n\n\n\n<p class=\"\">Son ministre des Finances Scott Bessent a affirm\u00e9 de son c\u00f4t\u00e9 ne \u00ab\u00a0rien\u00a0\u00bb voir d'\u00a0\u00bbinhabituel\u00a0\u00bb sur les march\u00e9s, alors que des \u00e9lus d\u00e9mocrates ont estim\u00e9 que le pr\u00e9sident r\u00e9publicain les avait peut-\u00eatre ill\u00e9galement manipul\u00e9s en encourageant l&rsquo;achat d&rsquo;actions juste avant sa volte-face mercredi.<\/p>\n","protected":false},"excerpt":{"rendered":"<p>L&rsquo;imposition par les \u00c9tats-Unis de droits de douane anormalement \u00e9lev\u00e9s \u00e0 la Chine constitue une violation grave des r\u00e8gles du commerce international\u00a0\u00bb, a affirm\u00e9 la Commission des droits de douane du Conseil des affaires d&rsquo;\u00c9tat, qui d\u00e9plore une pratique \u00ab\u00a0unilat\u00e9rale d&rsquo;intimidation et de coercition\u00a0\u00bb, selon un communiqu\u00e9 publi\u00e9 vendredi par le minist\u00e8re chinois des Finances. [&hellip;]<\/p>\n","protected":false},"author":2,"featured_media":34512,"comment_status":"open","ping_status":"open","sticky":false,"template":"","format":"standard","meta":{"_jetpack_memberships_contains_paid_content":false,"footnotes":"","jetpack_publicize_message":"","jetpack_publicize_feature_enabled":true,"jetpack_social_post_already_shared":true,"jetpack_social_options":{"image_generator_settings":{"template":"highway","enabled":true,"token":"eyJpbWciOiJodHRwczpcL1wvd3d3LmljZWFnZXR2LmNvbVwvcmFkaW9zaXRlXC93cC1jb250ZW50XC91cGxvYWRzXC8yMDI1XC8wNFwvODEzX2FjdHVfYWZwLW5ld3NfZDdkNmYwYzctMzcwZi00N2NmLTg1ZTMtMmFlYTJiOTk0NGI3LTEwMjR4NDQwLmpwZyIsInR4dCI6Ikd1ZXJyZSBjb21tZXJjaWFsZTogbm91dmVsbGUgZXNjYWxhZGUgZW50cmUgUFx1MDBlOWtpbiBldCBXYXNoaW5ndG9uLCBsJiM4MjE3O1VFIGRhbnMgbCYjODIxNztleHBlY3RhdGl2ZSIsInRlbXBsYXRlIjoiaGlnaHdheSIsImJsb2dfaWQiOjExMTAxNjQ2MX0.KmwJT7_C13xRUp3QysGzlGq6fs6QqPvO9BdJHhjTcs0MQ"},"version":2},"_wpas_customize_per_network":false},"categories":[405],"tags":[],"class_list":["post-34511","post","type-post","status-publish","format-standard","has-post-thumbnail","hentry","category-actu-france-monde"],"jetpack_publicize_connections":[],"jetpack_featured_media_url":"https:\/\/i0.wp.com\/www.iceagetv.com\/radiosite\/wp-content\/uploads\/2025\/04\/813_actu_afp-news_d7d6f0c7-370f-47cf-85e3-2aea2b9944b7.jpg?fit=1280%2C550&ssl=1","jetpack_sharing_enabled":true,"_links":{"self":[{"href":"https:\/\/www.iceagetv.com\/radiosite\/wp-json\/wp\/v2\/posts\/34511","targetHints":{"allow":["GET"]}}],"collection":[{"href":"https:\/\/www.iceagetv.com\/radiosite\/wp-json\/wp\/v2\/posts"}],"about":[{"href":"https:\/\/www.iceagetv.com\/radiosite\/wp-json\/wp\/v2\/types\/post"}],"author":[{"embeddable":true,"href":"https:\/\/www.iceagetv.com\/radiosite\/wp-json\/wp\/v2\/users\/2"}],"replies":[{"embeddable":true,"href":"https:\/\/www.iceagetv.com\/radiosite\/wp-json\/wp\/v2\/comments?post=34511"}],"version-history":[{"count":1,"href":"https:\/\/www.iceagetv.com\/radiosite\/wp-json\/wp\/v2\/posts\/34511\/revisions"}],"predecessor-version":[{"id":34513,"href":"https:\/\/www.iceagetv.com\/radiosite\/wp-json\/wp\/v2\/posts\/34511\/revisions\/34513"}],"wp:featuredmedia":[{"embeddable":true,"href":"https:\/\/www.iceagetv.com\/radiosite\/wp-json\/wp\/v2\/media\/34512"}],"wp:attachment":[{"href":"https:\/\/www.iceagetv.com\/radiosite\/wp-json\/wp\/v2\/media?parent=34511"}],"wp:term":[{"taxonomy":"category","embeddable":true,"href":"https:\/\/www.iceagetv.com\/radiosite\/wp-json\/wp\/v2\/categories?post=34511"},{"taxonomy":"post_tag","embeddable":true,"href":"https:\/\/www.iceagetv.com\/radiosite\/wp-json\/wp\/v2\/tags?post=34511"}],"curies":[{"name":"wp","href":"https:\/\/api.w.org\/{rel}","templated":true}]}}