{"id":34537,"date":"2025-04-13T08:46:19","date_gmt":"2025-04-13T06:46:19","guid":{"rendered":"https:\/\/www.iceagetv.com\/radiosite\/?p=34537"},"modified":"2025-04-13T08:46:23","modified_gmt":"2025-04-13T06:46:23","slug":"apres-les-insultes-contre-yoann-usai-les-attaques-contre-praud-et-morandini-les-propos-anti-cnews-des-militants-dextreme-gauche-masques-ont-violemment-pris-pour-cible-lediteur-fayard","status":"publish","type":"post","link":"https:\/\/www.iceagetv.com\/radiosite\/apres-les-insultes-contre-yoann-usai-les-attaques-contre-praud-et-morandini-les-propos-anti-cnews-des-militants-dextreme-gauche-masques-ont-violemment-pris-pour-cible-lediteur-fayard\/","title":{"rendered":"Apr\u00e8s les insultes contre Yoann Usa\u00ef, les attaques contre Praud et Morandini, les propos anti-CNews&#8230; des militants d\u2019extr\u00eame gauche masqu\u00e9s ont violemment pris pour cible l&rsquo;\u00e9diteur Fayard, Groupe Bollor\u00e9, au Festival du Livre de Paris"},"content":{"rendered":"\n<p class=\"\">Apr\u00e8s les insultes d&rsquo;Aymeric Caron contre le journaliste politique de CNews Yoann Usa\u00ef, apr\u00e8s les attaques contre Pascal Praud ou Jean-Marc Morandini sur les r\u00e9seaux sociaux, apr\u00e8s Eric Coquerel qui demande \u00e0 CNews de changer de ligne \u00e9ditoriale en direct sur la cha\u00eene vendredi,&nbsp;voil\u00e0 qu&rsquo;on apprend qu&rsquo;hier au Festival du Livre de Paris, des militants d\u2019extr\u00eame gauche masqu\u00e9s ont violemment pris pour cible la maison Fayard, faisant partie du Groupe Bollor\u00e9.&nbsp;<\/p>\n\n\n\n<p class=\"\">Ce sont nos confr\u00e8res du JDD qui r\u00e9v\u00e8lent ce matin cette information, que les autres m\u00e9dias n&rsquo;ont pas relay\u00e9s. Le journal du Dimanche affirme en effet :<\/p>\n\n\n\n<p class=\"\"><strong>\u00ab\u00a0Au beau milieu de l\u2019un des \u00e9v\u00e9nements les plus attendus du monde litt\u00e9raire, une dizaine de militants d\u2019extr\u00eame gauche ont d\u00e9lib\u00e9r\u00e9ment pris pour cible le stand de la maison Fayard, propri\u00e9t\u00e9 du groupe Bollor\u00e9. Cris, invectives, jets de peluches ensanglant\u00e9es, slogans hostiles : \u00ab Bollor\u00e9, casse-toi. \u00bb<\/strong><\/p>\n\n\n\n<p class=\"\"><strong>Les \u00e9quipes sur place, visiblement secou\u00e9es, ont d\u00fb faire face \u00e0 une agression aussi spectaculaire qu\u2019injustifiable.\u00a0\u00bb<\/strong><\/p>\n\n\n\n<p class=\"\">Ces attaques sont en train de devenir une habitude de la part de l&rsquo;extr\u00eame gauche avec les Insoumis qui ne cessent d&rsquo;attiser la haine contre tout ce qui n&rsquo;est pas dans leur ligne et en particulier contre CNews, Europe 1 et tout ce qui appartient au Groupe Bollor\u00e9. Mais ce ne sont pas que les marques qui sont prises pour cibles, mais \u00e9galement les personnes qui sont cibl\u00e9es jours apr\u00e8s jours,&nbsp;<\/p>\n","protected":false},"excerpt":{"rendered":"<p>Apr\u00e8s les insultes d&rsquo;Aymeric Caron contre le journaliste politique de CNews Yoann Usa\u00ef, apr\u00e8s les attaques contre Pascal Praud ou Jean-Marc Morandini sur les r\u00e9seaux sociaux, apr\u00e8s Eric Coquerel qui demande \u00e0 CNews de changer de ligne \u00e9ditoriale en direct sur la cha\u00eene vendredi,&nbsp;voil\u00e0 qu&rsquo;on apprend qu&rsquo;hier au Festival du Livre de Paris, des militants [&hellip;]<\/p>\n","protected":false},"author":2,"featured_media":34538,"comment_status":"open","ping_status":"open","sticky":false,"template":"","format":"standard","meta":{"_jetpack_memberships_contains_paid_content":false,"footnotes":"","jetpack_publicize_message":"","jetpack_publicize_feature_enabled":true,"jetpack_social_post_already_shared":true,"jetpack_social_options":{"image_generator_settings":{"template":"highway","enabled":true,"token":"eyJpbWciOiJodHRwczpcL1wvd3d3LmljZWFnZXR2LmNvbVwvcmFkaW9zaXRlXC93cC1jb250ZW50XC91cGxvYWRzXC8yMDI1XC8wNFwvSWhsRFo5SkYuanBnIiwidHh0IjoiQXByXHUwMGU4cyBsZXMgaW5zdWx0ZXMgY29udHJlIFlvYW5uIFVzYVx1MDBlZiwgbGVzIGF0dGFxdWVzIGNvbnRyZSBQcmF1ZCBldCBNb3JhbmRpbmksIGxlcyBwcm9wb3MgYW50aS1DTmV3cyYjODIzMDsgZGVzIG1pbGl0YW50cyBkXHUyMDE5ZXh0clx1MDBlYW1lIGdhdWNoZSBtYXNxdVx1MDBlOXMgb250IHZpb2xlbW1lbnQgcHJpcyBwb3VyIGNpYmxlIGwmIzgyMTc7XHUwMGU5ZGl0ZXVyIEZheWFyZCwgR3JvdXBlIEJvbGxvclx1MDBlOSwgYXUgRmVzdGl2YWwgZHUgTGl2cmUgZGUgUGFyaXMiLCJ0ZW1wbGF0ZSI6ImhpZ2h3YXkiLCJibG9nX2lkIjoxMTEwMTY0NjF9.43SZN1XujCoRdm0psGlYdoMlbwr7p8nyEkPq8WPsftkMQ"},"version":2},"_wpas_customize_per_network":false},"categories":[405],"tags":[],"class_list":["post-34537","post","type-post","status-publish","format-standard","has-post-thumbnail","hentry","category-actu-france-monde"],"jetpack_publicize_connections":[],"jetpack_featured_media_url":"https:\/\/i0.wp.com\/www.iceagetv.com\/radiosite\/wp-content\/uploads\/2025\/04\/IhlDZ9JF.jpg?fit=679%2C293&ssl=1","jetpack_sharing_enabled":true,"_links":{"self":[{"href":"https:\/\/www.iceagetv.com\/radiosite\/wp-json\/wp\/v2\/posts\/34537","targetHints":{"allow":["GET"]}}],"collection":[{"href":"https:\/\/www.iceagetv.com\/radiosite\/wp-json\/wp\/v2\/posts"}],"about":[{"href":"https:\/\/www.iceagetv.com\/radiosite\/wp-json\/wp\/v2\/types\/post"}],"author":[{"embeddable":true,"href":"https:\/\/www.iceagetv.com\/radiosite\/wp-json\/wp\/v2\/users\/2"}],"replies":[{"embeddable":true,"href":"https:\/\/www.iceagetv.com\/radiosite\/wp-json\/wp\/v2\/comments?post=34537"}],"version-history":[{"count":1,"href":"https:\/\/www.iceagetv.com\/radiosite\/wp-json\/wp\/v2\/posts\/34537\/revisions"}],"predecessor-version":[{"id":34539,"href":"https:\/\/www.iceagetv.com\/radiosite\/wp-json\/wp\/v2\/posts\/34537\/revisions\/34539"}],"wp:featuredmedia":[{"embeddable":true,"href":"https:\/\/www.iceagetv.com\/radiosite\/wp-json\/wp\/v2\/media\/34538"}],"wp:attachment":[{"href":"https:\/\/www.iceagetv.com\/radiosite\/wp-json\/wp\/v2\/media?parent=34537"}],"wp:term":[{"taxonomy":"category","embeddable":true,"href":"https:\/\/www.iceagetv.com\/radiosite\/wp-json\/wp\/v2\/categories?post=34537"},{"taxonomy":"post_tag","embeddable":true,"href":"https:\/\/www.iceagetv.com\/radiosite\/wp-json\/wp\/v2\/tags?post=34537"}],"curies":[{"name":"wp","href":"https:\/\/api.w.org\/{rel}","templated":true}]}}