{"id":34555,"date":"2025-04-14T07:20:02","date_gmt":"2025-04-14T05:20:02","guid":{"rendered":"https:\/\/www.iceagetv.com\/radiosite\/?p=34555"},"modified":"2025-04-14T07:20:11","modified_gmt":"2025-04-14T05:20:11","slug":"le-prix-nobel-de-litterature-hispano-peruvien-mario-vargas-llosa-est-decede-a-lima-au-perou-a-lage-de-89-ans-il-vivait-depuis-quelques-mois-en-retrait-de-la-vie-publique","status":"publish","type":"post","link":"https:\/\/www.iceagetv.com\/radiosite\/le-prix-nobel-de-litterature-hispano-peruvien-mario-vargas-llosa-est-decede-a-lima-au-perou-a-lage-de-89-ans-il-vivait-depuis-quelques-mois-en-retrait-de-la-vie-publique\/","title":{"rendered":"Le prix Nobel de litt\u00e9rature hispano-p\u00e9ruvien Mario Vargas Llosa est d\u00e9c\u00e9d\u00e9 \u00e0 Lima au P\u00e9rou \u00e0 l&rsquo;\u00e2ge de 89 ans &#8211; Il vivait depuis quelques mois en retrait de la vie publique"},"content":{"rendered":"\n<p class=\"\">Le prix Nobel de litt\u00e9rature hispano-p\u00e9ruvien Mario Vargas Llosa est d\u00e9c\u00e9d\u00e9 \u00e0 Lima au P\u00e9rou \u00e0 l&rsquo;\u00e2ge de 89 ans, marquant la fin d\u2019une \u00e8re : celle de la g\u00e9n\u00e9ration dor\u00e9e de la litt\u00e9rature latino-am\u00e9ricaine, dont il \u00e9tait le dernier grand repr\u00e9sentant.\u00a0\u00bbC&rsquo;est avec une profonde tristesse, que nous annon\u00e7ons que notre p\u00e8re, Mario Vargas Llosa, est d\u00e9c\u00e9d\u00e9 aujourd&rsquo;hui \u00e0 Lima, entour\u00e9 de sa famille et en paix\u00a0\u00bb, a annonc\u00e9 son fils a\u00een\u00e9 Alvaro dans un message post\u00e9 sur X, \u00e9galement sign\u00e9 par son fr\u00e8re Gonzalo et sa soeur Morgana.Ces derniers mois, les rumeurs sur la d\u00e9t\u00e9rioration de l&rsquo;\u00e9tat de sant\u00e9 de l&rsquo;\u00e9crivain, qui vivait depuis quelques mois en retrait de la vie publique, s&rsquo;\u00e9taient multipli\u00e9es.Il \u00ab\u00a0est \u00e0 l&rsquo;aube de ses 90 ans, un \u00e2ge o\u00f9 il faut r\u00e9duire un peu l&rsquo;intensit\u00e9 de ses activit\u00e9s\u00a0\u00bb, avait d\u00e9clar\u00e9 son fils Alvaro en octobre dernier, sans pr\u00e9ciser l&rsquo;\u00e9tat de sant\u00e9 de son p\u00e8re.Mario Vargas Llosa vivait \u00e0 Lima depuis l&rsquo;ann\u00e9e derni\u00e8re. Quelques jours avant ses 89 ans, qu&rsquo;il avait f\u00eat\u00e9 le 28 mars, il \u00e9tait apparu sur le compte X de son fils Alvaro dans une s\u00e9rie de trois photos prises dans des lieux de la capitale o\u00f9 il a \u00e9crit ses deux derniers romans \u00ab\u00a0Cinco Esquinas\u00a0\u00bb (2016) et \u00ab\u00a0Le Dedico Mi Silencio\u00a0\u00bb (2023).Ce n&rsquo;\u00e9tait pas la premi\u00e8re fois que son fils partageait des photos de lui dans la capitale.Admir\u00e9 pour sa description des r\u00e9alit\u00e9s sociales, l&rsquo;auteur de chefs d&rsquo;\u0153uvre comme \u00ab\u00a0La ville et les chiens\u00a0\u00bb ou \u00ab\u00a0Conversation dans la cath\u00e9drale\u00a0\u00bb \u00e9tait aussi critiqu\u00e9 par les milieux intellectuels sud-am\u00e9ricains pour ses positions conservatrices. N\u00e9 dans une famille de la classe moyenne p\u00e9ruvienne, Mario Vargas Llosa a \u00e9t\u00e9 l&rsquo;un des grands protagonistes du \u00ab\u00a0boom\u00a0\u00bb litt\u00e9raire latino-am\u00e9ricain des ann\u00e9es 1960 et 1970, avec le Colombien Gabriel Garcia Marquez et l&rsquo;Argentin Julio Cortazar.<\/p>\n","protected":false},"excerpt":{"rendered":"<p>Le prix Nobel de litt\u00e9rature hispano-p\u00e9ruvien Mario Vargas Llosa est d\u00e9c\u00e9d\u00e9 \u00e0 Lima au P\u00e9rou \u00e0 l&rsquo;\u00e2ge de 89 ans, marquant la fin d\u2019une \u00e8re : celle de la g\u00e9n\u00e9ration dor\u00e9e de la litt\u00e9rature latino-am\u00e9ricaine, dont il \u00e9tait le dernier grand repr\u00e9sentant.\u00a0\u00bbC&rsquo;est avec une profonde tristesse, que nous annon\u00e7ons que notre p\u00e8re, Mario Vargas Llosa, [&hellip;]<\/p>\n","protected":false},"author":2,"featured_media":34556,"comment_status":"open","ping_status":"open","sticky":false,"template":"","format":"standard","meta":{"_jetpack_memberships_contains_paid_content":false,"footnotes":"","jetpack_publicize_message":"","jetpack_publicize_feature_enabled":true,"jetpack_social_post_already_shared":true,"jetpack_social_options":{"image_generator_settings":{"template":"highway","enabled":true,"token":"eyJpbWciOiJodHRwczpcL1wvd3d3LmljZWFnZXR2LmNvbVwvcmFkaW9zaXRlXC93cC1jb250ZW50XC91cGxvYWRzXC8yMDI1XC8wNFwvbWFyaW9fdmFyZ2FzX2xsb3NhXzAuanBnIiwidHh0IjoiTGUgcHJpeCBOb2JlbCBkZSBsaXR0XHUwMGU5cmF0dXJlIGhpc3Bhbm8tcFx1MDBlOXJ1dmllbiBNYXJpbyBWYXJnYXMgTGxvc2EgZXN0IGRcdTAwZTljXHUwMGU5ZFx1MDBlOSBcdTAwZTAgTGltYSBhdSBQXHUwMGU5cm91IFx1MDBlMCBsJiM4MjE3O1x1MDBlMmdlIGRlIDg5IGFucyAmIzgyMTE7IElsIHZpdmFpdCBkZXB1aXMgcXVlbHF1ZXMgbW9pcyBlbiByZXRyYWl0IGRlIGxhIHZpZSBwdWJsaXF1ZSIsInRlbXBsYXRlIjoiaGlnaHdheSIsImJsb2dfaWQiOjExMTAxNjQ2MX0.6KibNP7dyAl66w7pfsMtawk5nRFom5i38KrSyqM07l8MQ"},"version":2},"_wpas_customize_per_network":false},"categories":[68],"tags":[],"class_list":["post-34555","post","type-post","status-publish","format-standard","has-post-thumbnail","hentry","category-actu-culturelle"],"jetpack_publicize_connections":[],"jetpack_featured_media_url":"https:\/\/i0.wp.com\/www.iceagetv.com\/radiosite\/wp-content\/uploads\/2025\/04\/mario_vargas_llosa_0.jpg?fit=680%2C294&ssl=1","jetpack_sharing_enabled":true,"_links":{"self":[{"href":"https:\/\/www.iceagetv.com\/radiosite\/wp-json\/wp\/v2\/posts\/34555","targetHints":{"allow":["GET"]}}],"collection":[{"href":"https:\/\/www.iceagetv.com\/radiosite\/wp-json\/wp\/v2\/posts"}],"about":[{"href":"https:\/\/www.iceagetv.com\/radiosite\/wp-json\/wp\/v2\/types\/post"}],"author":[{"embeddable":true,"href":"https:\/\/www.iceagetv.com\/radiosite\/wp-json\/wp\/v2\/users\/2"}],"replies":[{"embeddable":true,"href":"https:\/\/www.iceagetv.com\/radiosite\/wp-json\/wp\/v2\/comments?post=34555"}],"version-history":[{"count":1,"href":"https:\/\/www.iceagetv.com\/radiosite\/wp-json\/wp\/v2\/posts\/34555\/revisions"}],"predecessor-version":[{"id":34557,"href":"https:\/\/www.iceagetv.com\/radiosite\/wp-json\/wp\/v2\/posts\/34555\/revisions\/34557"}],"wp:featuredmedia":[{"embeddable":true,"href":"https:\/\/www.iceagetv.com\/radiosite\/wp-json\/wp\/v2\/media\/34556"}],"wp:attachment":[{"href":"https:\/\/www.iceagetv.com\/radiosite\/wp-json\/wp\/v2\/media?parent=34555"}],"wp:term":[{"taxonomy":"category","embeddable":true,"href":"https:\/\/www.iceagetv.com\/radiosite\/wp-json\/wp\/v2\/categories?post=34555"},{"taxonomy":"post_tag","embeddable":true,"href":"https:\/\/www.iceagetv.com\/radiosite\/wp-json\/wp\/v2\/tags?post=34555"}],"curies":[{"name":"wp","href":"https:\/\/api.w.org\/{rel}","templated":true}]}}