{"id":34559,"date":"2025-04-14T13:40:45","date_gmt":"2025-04-14T11:40:45","guid":{"rendered":"https:\/\/www.iceagetv.com\/radiosite\/?p=34559"},"modified":"2025-04-14T13:40:49","modified_gmt":"2025-04-14T11:40:49","slug":"jet-de-bidon-sur-le-cycliste-mathieu-van-der-poel-pendant-le-paris-roubaix-un-suspect-sest-rendu-a-la-police-belge-le-parquet-de-lille-ouvre-une-enquete","status":"publish","type":"post","link":"https:\/\/www.iceagetv.com\/radiosite\/jet-de-bidon-sur-le-cycliste-mathieu-van-der-poel-pendant-le-paris-roubaix-un-suspect-sest-rendu-a-la-police-belge-le-parquet-de-lille-ouvre-une-enquete\/","title":{"rendered":"Jet de bidon sur le cycliste Mathieu van der Poel pendant le Paris-Roubaix: Un suspect s&rsquo;est rendu \u00e0 la police belge &#8211; Le parquet de Lille ouvre une enqu\u00eate"},"content":{"rendered":"\n<p class=\"\"><strong>\u00a0<\/strong>Selon\u00a0<a href=\"https:\/\/www.lesoir.be\/668887\/article\/2025-04-14\/bidon-lance-au-visage-de-mathieu-van-der-poel-le-coupable-ete-identifie-par-la\" target=\"_blank\" rel=\"noreferrer noopener\">Le Soir<\/a>, un suspect s\u2019est rendu \u00e0 la police belge, comme l\u2019a confirm\u00e9 le parquet de Flandre occidentale, indiquent nos confr\u00e8res.<strong>Le parquet de Lille ouvre une enqu\u00eate apr\u00e8s le jet de bidon sur le cycliste Mathieu van der Poel lors du Paris-Roubaix. Un suspect s&rsquo;est rendu \u00e0 la police belge<\/strong>Selon les images de t\u00e9l\u00e9vision, le coureur d\u2019Alpecin a \u00e9t\u00e9 vis\u00e9 semble-t-il d\u00e9lib\u00e9r\u00e9ment par un spectateur qui lui a lanc\u00e9 un bidon \u00e0 la figure dans le secteur pav\u00e9 de Templeuve, \u00e0 environ 33 kilom\u00e8tres de l\u2019arriv\u00e9e \u00e0 Roubaix. Le N\u00e9erlandais avait d\u00e9j\u00e0 \u00e9t\u00e9 vis\u00e9 par des crachats sur d\u2019autres courses.&nbsp;C\u2019est comme recevoir une pierre dans la figure&nbsp;\u00bb: Mathieu van der Poel a d\u00e9clar\u00e9 dimanche qu\u2019il voulait engager des poursuites judiciaires contre le spectateur qui lui a jet\u00e9 un bidon en plein visage pendant Paris-Roubaix qu\u2019il a fini par remporter.<\/p>\n\n\n\n<p class=\"\">\u00ab&nbsp;C\u2019est inacceptable. C\u2019\u00e9tait un bidon plein, il pesait un demi-kilo et je roulais \u00e0 40 km\/h. C\u2019est comme recevoir une pierre dans la figure. Ca m\u2019a fait tr\u00e8s mal. J\u2019esp\u00e8re que nous pourrons identifier le spectateur et engager des poursuites&nbsp;\u00bb, a d\u00e9clar\u00e9 le champion n\u00e9erlandais.<\/p>\n","protected":false},"excerpt":{"rendered":"<p>\u00a0Selon\u00a0Le Soir, un suspect s\u2019est rendu \u00e0 la police belge, comme l\u2019a confirm\u00e9 le parquet de Flandre occidentale, indiquent nos confr\u00e8res.Le parquet de Lille ouvre une enqu\u00eate apr\u00e8s le jet de bidon sur le cycliste Mathieu van der Poel lors du Paris-Roubaix. Un suspect s&rsquo;est rendu \u00e0 la police belgeSelon les images de t\u00e9l\u00e9vision, le [&hellip;]<\/p>\n","protected":false},"author":2,"featured_media":34560,"comment_status":"open","ping_status":"open","sticky":false,"template":"","format":"standard","meta":{"_jetpack_memberships_contains_paid_content":false,"footnotes":"","jetpack_publicize_message":"","jetpack_publicize_feature_enabled":true,"jetpack_social_post_already_shared":true,"jetpack_social_options":{"image_generator_settings":{"template":"highway","enabled":true,"token":"eyJpbWciOiJodHRwczpcL1wvd3d3LmljZWFnZXR2LmNvbVwvcmFkaW9zaXRlXC93cC1jb250ZW50XC91cGxvYWRzXC8yMDI1XC8wNFwvU3plczdNaGguanBnIiwidHh0IjoiSmV0IGRlIGJpZG9uIHN1ciBsZSBjeWNsaXN0ZSBNYXRoaWV1IHZhbiBkZXIgUG9lbCBwZW5kYW50IGxlIFBhcmlzLVJvdWJhaXg6IFVuIHN1c3BlY3QgcyYjODIxNztlc3QgcmVuZHUgXHUwMGUwIGxhIHBvbGljZSBiZWxnZSAmIzgyMTE7IExlIHBhcnF1ZXQgZGUgTGlsbGUgb3V2cmUgdW5lIGVucXVcdTAwZWF0ZSIsInRlbXBsYXRlIjoiaGlnaHdheSIsImJsb2dfaWQiOjExMTAxNjQ2MX0.dapz2S1D-2CM9ICesxsI3LqKpzeoHfX22mniw94Bm5wMQ"},"version":2},"_wpas_customize_per_network":false},"categories":[405],"tags":[],"class_list":["post-34559","post","type-post","status-publish","format-standard","has-post-thumbnail","hentry","category-actu-france-monde"],"jetpack_publicize_connections":[],"jetpack_featured_media_url":"https:\/\/i0.wp.com\/www.iceagetv.com\/radiosite\/wp-content\/uploads\/2025\/04\/Szes7Mhh.jpg?fit=679%2C293&ssl=1","jetpack_sharing_enabled":true,"_links":{"self":[{"href":"https:\/\/www.iceagetv.com\/radiosite\/wp-json\/wp\/v2\/posts\/34559","targetHints":{"allow":["GET"]}}],"collection":[{"href":"https:\/\/www.iceagetv.com\/radiosite\/wp-json\/wp\/v2\/posts"}],"about":[{"href":"https:\/\/www.iceagetv.com\/radiosite\/wp-json\/wp\/v2\/types\/post"}],"author":[{"embeddable":true,"href":"https:\/\/www.iceagetv.com\/radiosite\/wp-json\/wp\/v2\/users\/2"}],"replies":[{"embeddable":true,"href":"https:\/\/www.iceagetv.com\/radiosite\/wp-json\/wp\/v2\/comments?post=34559"}],"version-history":[{"count":1,"href":"https:\/\/www.iceagetv.com\/radiosite\/wp-json\/wp\/v2\/posts\/34559\/revisions"}],"predecessor-version":[{"id":34561,"href":"https:\/\/www.iceagetv.com\/radiosite\/wp-json\/wp\/v2\/posts\/34559\/revisions\/34561"}],"wp:featuredmedia":[{"embeddable":true,"href":"https:\/\/www.iceagetv.com\/radiosite\/wp-json\/wp\/v2\/media\/34560"}],"wp:attachment":[{"href":"https:\/\/www.iceagetv.com\/radiosite\/wp-json\/wp\/v2\/media?parent=34559"}],"wp:term":[{"taxonomy":"category","embeddable":true,"href":"https:\/\/www.iceagetv.com\/radiosite\/wp-json\/wp\/v2\/categories?post=34559"},{"taxonomy":"post_tag","embeddable":true,"href":"https:\/\/www.iceagetv.com\/radiosite\/wp-json\/wp\/v2\/tags?post=34559"}],"curies":[{"name":"wp","href":"https:\/\/api.w.org\/{rel}","templated":true}]}}