{"id":34564,"date":"2025-04-14T16:27:50","date_gmt":"2025-04-14T14:27:50","guid":{"rendered":"https:\/\/www.iceagetv.com\/radiosite\/?p=34564"},"modified":"2025-04-14T16:27:54","modified_gmt":"2025-04-14T14:27:54","slug":"niger-une-suissesse-enlevee-a-agadez-apres-une-autrichienne-en-janvier","status":"publish","type":"post","link":"https:\/\/www.iceagetv.com\/radiosite\/niger-une-suissesse-enlevee-a-agadez-apres-une-autrichienne-en-janvier\/","title":{"rendered":"Niger: une Suissesse enlev\u00e9e \u00e0 Agadez, apr\u00e8s une Autrichienne en janvier"},"content":{"rendered":"\n<p class=\"\"><strong>Une citoyenne suisse a \u00e9t\u00e9 enlev\u00e9e dimanche soir dans le nord du Niger \u00e0 Agadez, trois mois apr\u00e8s l&rsquo;enl\u00e8vement d&rsquo;une Autrichienne dans cette m\u00eame ville, ont indiqu\u00e9 lundi les autorit\u00e9s suisses et nig\u00e9riennes.<\/strong>Ce pays pauvre de la bande sah\u00e9lo-saharienne, dirig\u00e9 par une junte militaire depuis le coup d&rsquo;Etat de juillet 2023 qui a renvers\u00e9 le pr\u00e9sident Mohamed Bazoum, est en proie \u00e0 l&rsquo;ins\u00e9curit\u00e9 et \u00e0 des attaques r\u00e9currentes de groupes arm\u00e9s, dont certains sont affili\u00e9s \u00e0 Al-Qa\u00efda ou \u00e0 l&rsquo;organisation Etat islamique.<\/p>\n\n\n\n<p class=\"\">Selon le m\u00e9dia local A\u00efr-Info, la ressortissante suisse est n\u00e9e au Liban et \u00ab\u00a0s\u2019est install\u00e9e \u00e0 Agadez il y a de cela plusieurs ann\u00e9es apr\u00e8s un s\u00e9jour en Alg\u00e9rie o\u00f9 elle a \u00e9volu\u00e9 dans le tourisme\u00a0\u00bb. Mari\u00e9e \u00e0 un Nig\u00e9rien, cette femme pr\u00e9sent\u00e9e comme \u00ab\u00a0Claudia\u00a0\u00bb a lanc\u00e9 \u00e0 Agadez une association pour apporter de l&rsquo;aide aux artisans, selon la m\u00eame source.<\/p>\n\n\n\n<p class=\"\">Son enl\u00e8vement survient apr\u00e8s celui, \u00e9galement \u00e0 Agadez, de l&rsquo;autrichienne Eva Gretzmacher le 11 janvier.<\/p>\n\n\n\n<p class=\"\">Le minist\u00e8re suisse des Affaires \u00e9trang\u00e8res \u00ab\u00a0a \u00e9t\u00e9 inform\u00e9 de l&rsquo;enl\u00e8vement d&rsquo;une ressortissante suisse au Niger. La repr\u00e9sentation suisse \u00e0 Niamey est en contact avec les autorit\u00e9s locales. Des clarifications sont en cours\u00a0\u00bb, a indiqu\u00e9 le d\u00e9partement dans un courriel, pr\u00e9cisant qu&rsquo;il ne pouvait pour l&rsquo;heure partager aucune autre information.<\/p>\n\n\n\n<p class=\"\">Le gouverneur de la r\u00e9gion d&rsquo;Agadez, le g\u00e9n\u00e9ral de brigade Ibra Boulama Issa, a de son c\u00f4t\u00e9 confirm\u00e9 \u00ab\u00a0l&rsquo;enl\u00e8vement d&rsquo;une \u00e9trang\u00e8re, du nom de Claudia, de nationalit\u00e9 suisse\u00a0\u00bb, \u00e0 son domicile d&rsquo;Agadez dimanche soir \u00ab\u00a0aux environs de 22h\u00a0\u00bb.&nbsp;<\/p>\n\n\n\n<p class=\"\">&#8211; \u00ab\u00a0Comprendre ce qui s&rsquo;est pass\u00e9\u00a0\u00bb &#8211;<\/p>\n\n\n\n<p class=\"\">Il a ajout\u00e9 avoir pr\u00e9sid\u00e9 une r\u00e9union extraordinaire du Conseil r\u00e9gional de s\u00e9curit\u00e9 pour \u00ab\u00a0\u00e9valuer, analyser la situation et envisager les actions \u00e0 prendre pour conna\u00eetre et comprendre ce qui s&rsquo;est r\u00e9ellement pass\u00e9\u00a0\u00bb dans le cadre de cet enl\u00e8vement.<\/p>\n\n\n\n<p class=\"\">Eva Gretzmacher, 73 ans, install\u00e9e \u00e0 Agadez depuis 28 ans o\u00f9 elle conduisait des projets dans les domaines de l&rsquo;\u00e9ducation, de la sant\u00e9, de l&rsquo;autonomie des femmes, de l&rsquo;\u00e9cologie, de la culture et des arts, avait \u00e9t\u00e9 enlev\u00e9e \u00e0 son domicile par des \u00ab\u00a0hommes arm\u00e9s\u00a0\u00bb, selon A\u00efr-Info.<\/p>\n\n\n\n<p class=\"\">Avant ces deux enl\u00e8vements, les derniers kidnappings d&rsquo;Occidentaux dans la r\u00e9gion d&rsquo;Agadez remontaient \u00e0 2010 et avait \u00e9t\u00e9 revendiqu\u00e9s par Al-Qa\u00efda au Maghreb islamique (AQMI).<\/p>\n\n\n\n<p class=\"\">Cinq Fran\u00e7ais, un Togolais et un Malgache, employ\u00e9s du groupe nucl\u00e9aire fran\u00e7ais Areva (devenu Orano) et de son sous-traitant Satom avaient \u00e9t\u00e9 enlev\u00e9s \u00e0 Arlit, \u00e9galement dans le nord du pays.<\/p>\n\n\n\n<p class=\"\">Rel\u00e2ch\u00e9s en plusieurs vagues, leur captivit\u00e9 a dur\u00e9 entre cinq mois et un peu plus de trois ans, pour les derniers lib\u00e9r\u00e9s.<\/p>\n\n\n\n<p class=\"\">Depuis juin, un pr\u00e9fet et quatre militaires de sa d\u00e9l\u00e9gation sont retenus en otage dans le nord du pays par le Front patriotique pour la justice (FPJ), un groupe rebelle hostile au r\u00e9gime militaire au pouvoir.<\/p>\n\n\n\n<p class=\"\">Ils ont \u00e9t\u00e9 kidnapp\u00e9s au cours lors d&rsquo;une embuscade contre leur convoi dans la r\u00e9gion d&rsquo;Agadez, vaste \u00e9tendue d\u00e9sertique frontali\u00e8re de la Libye et de l&rsquo;Alg\u00e9rie.<\/p>\n\n\n\n<p class=\"\">Parall\u00e8lement aux groupes rebelles et au mouvements djihadistes arm\u00e9s, le nord du Niger conna\u00eet ces derni\u00e8res ann\u00e9es une mont\u00e9e de l&rsquo;ins\u00e9curit\u00e9 \u00e0 la faveur d&rsquo;une ru\u00e9e vers les mines d&rsquo;or artisanales dont regorge la r\u00e9gion et qui attirent des milliers des jeunes Nig\u00e9riens, Maliens, Tchadiens, Libyens ou Soudanais.<\/p>\n\n\n\n<p class=\"\">L&rsquo;arm\u00e9e nig\u00e9rienne a r\u00e9cemment lanc\u00e9 l&rsquo;op\u00e9ration antiterroriste \u00ab\u00a0Garkoi\u00a0\u00bb (bouclier, en langue haoussa) pour surveiller les fronti\u00e8res avec la Libye, l&rsquo;Alg\u00e9rie et le Mali. Elle fait r\u00e9guli\u00e8rement \u00e9tat de saisies de drogue, d&rsquo;explosifs, d&rsquo;armes et d&rsquo;interpellations de pr\u00e9sum\u00e9s trafiquants.<\/p>\n","protected":false},"excerpt":{"rendered":"<p>Une citoyenne suisse a \u00e9t\u00e9 enlev\u00e9e dimanche soir dans le nord du Niger \u00e0 Agadez, trois mois apr\u00e8s l&rsquo;enl\u00e8vement d&rsquo;une Autrichienne dans cette m\u00eame ville, ont indiqu\u00e9 lundi les autorit\u00e9s suisses et nig\u00e9riennes.Ce pays pauvre de la bande sah\u00e9lo-saharienne, dirig\u00e9 par une junte militaire depuis le coup d&rsquo;Etat de juillet 2023 qui a renvers\u00e9 le [&hellip;]<\/p>\n","protected":false},"author":2,"featured_media":34565,"comment_status":"open","ping_status":"open","sticky":false,"template":"","format":"standard","meta":{"_jetpack_memberships_contains_paid_content":false,"footnotes":"","jetpack_publicize_message":"","jetpack_publicize_feature_enabled":true,"jetpack_social_post_already_shared":true,"jetpack_social_options":{"image_generator_settings":{"template":"highway","enabled":true,"token":"eyJpbWciOiJodHRwczpcL1wvd3d3LmljZWFnZXR2LmNvbVwvcmFkaW9zaXRlXC93cC1jb250ZW50XC91cGxvYWRzXC8yMDI1XC8wNFwvNDlMZlNxbWcuanBnIiwidHh0IjoiTmlnZXI6IHVuZSBTdWlzc2Vzc2UgZW5sZXZcdTAwZTllIFx1MDBlMCBBZ2FkZXosIGFwclx1MDBlOHMgdW5lIEF1dHJpY2hpZW5uZSBlbiBqYW52aWVyIiwidGVtcGxhdGUiOiJoaWdod2F5IiwiYmxvZ19pZCI6MTExMDE2NDYxfQ.DeFOKger3AkE_5sF82Ak_VJpo3_9fJjKe79LD8vI3pAMQ"},"version":2},"_wpas_customize_per_network":false},"categories":[405],"tags":[],"class_list":["post-34564","post","type-post","status-publish","format-standard","has-post-thumbnail","hentry","category-actu-france-monde"],"jetpack_publicize_connections":[],"jetpack_featured_media_url":"https:\/\/i0.wp.com\/www.iceagetv.com\/radiosite\/wp-content\/uploads\/2025\/04\/49LfSqmg.jpg?fit=680%2C453&ssl=1","jetpack_sharing_enabled":true,"_links":{"self":[{"href":"https:\/\/www.iceagetv.com\/radiosite\/wp-json\/wp\/v2\/posts\/34564","targetHints":{"allow":["GET"]}}],"collection":[{"href":"https:\/\/www.iceagetv.com\/radiosite\/wp-json\/wp\/v2\/posts"}],"about":[{"href":"https:\/\/www.iceagetv.com\/radiosite\/wp-json\/wp\/v2\/types\/post"}],"author":[{"embeddable":true,"href":"https:\/\/www.iceagetv.com\/radiosite\/wp-json\/wp\/v2\/users\/2"}],"replies":[{"embeddable":true,"href":"https:\/\/www.iceagetv.com\/radiosite\/wp-json\/wp\/v2\/comments?post=34564"}],"version-history":[{"count":1,"href":"https:\/\/www.iceagetv.com\/radiosite\/wp-json\/wp\/v2\/posts\/34564\/revisions"}],"predecessor-version":[{"id":34566,"href":"https:\/\/www.iceagetv.com\/radiosite\/wp-json\/wp\/v2\/posts\/34564\/revisions\/34566"}],"wp:featuredmedia":[{"embeddable":true,"href":"https:\/\/www.iceagetv.com\/radiosite\/wp-json\/wp\/v2\/media\/34565"}],"wp:attachment":[{"href":"https:\/\/www.iceagetv.com\/radiosite\/wp-json\/wp\/v2\/media?parent=34564"}],"wp:term":[{"taxonomy":"category","embeddable":true,"href":"https:\/\/www.iceagetv.com\/radiosite\/wp-json\/wp\/v2\/categories?post=34564"},{"taxonomy":"post_tag","embeddable":true,"href":"https:\/\/www.iceagetv.com\/radiosite\/wp-json\/wp\/v2\/tags?post=34564"}],"curies":[{"name":"wp","href":"https:\/\/api.w.org\/{rel}","templated":true}]}}