{"id":34567,"date":"2025-04-14T20:29:03","date_gmt":"2025-04-14T18:29:03","guid":{"rendered":"https:\/\/www.iceagetv.com\/radiosite\/?p=34567"},"modified":"2025-04-14T20:29:08","modified_gmt":"2025-04-14T18:29:08","slug":"emmanuel-macron-a-reaffirme-ce-soir-vouloir-declencher-la-reconnaissance-dun-etat-palestinien-en-juin-il-sentretiendra-demain-a-ce-sujet-avec-le-premier-ministre-israelien","status":"publish","type":"post","link":"https:\/\/www.iceagetv.com\/radiosite\/emmanuel-macron-a-reaffirme-ce-soir-vouloir-declencher-la-reconnaissance-dun-etat-palestinien-en-juin-il-sentretiendra-demain-a-ce-sujet-avec-le-premier-ministre-israelien\/","title":{"rendered":"Emmanuel Macron a r\u00e9affirm\u00e9 ce soir vouloir d\u00e9clencher la reconnaissance d\u2019un \u00c9tat palestinien, en juin &#8211; Il s&rsquo;entretiendra demain \u00e0 ce sujet avec le Premier ministre isra\u00e9lien."},"content":{"rendered":"\n<p class=\"\">Emmanuel Macron a r\u00e9affirm\u00e9 ce soir vouloir d\u00e9clencher une \u00abs\u00e9rie de reconnaissances\u00bb d\u2019un \u00c9tat palestinien et d\u2019Isra\u00ebl, lors de la conf\u00e9rence des Nations unies que la France copr\u00e9sidera avec l\u2019Arabie saoudite en juin \u00e0 New York.<\/p>\n\n\n\n<p class=\"\">\u00abCe que nous voulons d\u00e9clencher c\u2019est une s\u00e9rie d\u2019autres reconnaissances (d\u2019un Etat palestinien, ndlr) mais aussi la reconnaissance d\u2019Isra\u00ebl par des \u00c9tats qui aujourd\u2019hui ne le font pas\u00bb, a-t-il dit lors de la visite d\u2019une exposition consacr\u00e9e \u00e0 Gaza \u00e0 l\u2019Institut du monde arabe, ajoutant qu\u2019il s\u2019entretiendrait \u00e0 ce sujet mardi avec le premier ministre isra\u00e9lien Benyamin Netanyahou.<\/p>\n\n\n\n<p class=\"\">Le Premier ministre isra\u00e9lien Benjamin Netanyahu a jug\u00e9 ce dimanche 13 avril que le pr\u00e9sident fran\u00e7ais Emmanuel Macron faisait une \u00ab\u00a0grave erreur\u00a0\u00bb en promouvant l&rsquo;id\u00e9e d&rsquo;un \u00c9tat palestinien. \u00ab\u00a0Le pr\u00e9sident Macron fait une grave erreur en continuant de promouvoir l&rsquo;id\u00e9e d&rsquo;un \u00c9tat palestinien au coeur de notre terre &#8211; un \u00c9tat dont la seule aspiration est la destruction d&rsquo;Isra\u00ebl\u00a0\u00bb, a \u00e9crit Benjamin Netanyahu sur le r\u00e9seau social X.<\/p>\n\n\n\n<p class=\"\">La semaine derni\u00e8re, le chef de l&rsquo;\u00c9tat fran\u00e7ais s&rsquo;est exprim\u00e9 \u00e0 plusieurs reprises sur la possible reconnaissance d&rsquo;un \u00c9tat palestinien. \u00ab\u00a0Nous ne mettrons pas en p\u00e9ril notre existence pour des illusions d\u00e9connect\u00e9es de la r\u00e9alit\u00e9\u00a0\u00bb, a insist\u00e9 Benjamin Netanyahu.<\/p>\n\n\n\n<p class=\"\">\u00ab\u00a0Nous n&rsquo;accepterons pas de le\u00e7ons de morale sur la cr\u00e9ation d&rsquo;un \u00c9tat palestinien qui mettrait en danger l&rsquo;existence d&rsquo;Isra\u00ebl, de la part de ceux qui s&rsquo;opposent \u00e0 l&rsquo;ind\u00e9pendance de la Corse, de la Nouvelle-Cal\u00e9donie, de la Guyane fran\u00e7aise et d&rsquo;autres territoires, dont l&rsquo;ind\u00e9pendance ne menacerait en rien la France\u00a0\u00bb, a-t-il ajout\u00e9.<\/p>\n","protected":false},"excerpt":{"rendered":"<p>Emmanuel Macron a r\u00e9affirm\u00e9 ce soir vouloir d\u00e9clencher une \u00abs\u00e9rie de reconnaissances\u00bb d\u2019un \u00c9tat palestinien et d\u2019Isra\u00ebl, lors de la conf\u00e9rence des Nations unies que la France copr\u00e9sidera avec l\u2019Arabie saoudite en juin \u00e0 New York. \u00abCe que nous voulons d\u00e9clencher c\u2019est une s\u00e9rie d\u2019autres reconnaissances (d\u2019un Etat palestinien, ndlr) mais aussi la reconnaissance d\u2019Isra\u00ebl [&hellip;]<\/p>\n","protected":false},"author":2,"featured_media":34570,"comment_status":"open","ping_status":"open","sticky":false,"template":"","format":"standard","meta":{"_jetpack_memberships_contains_paid_content":false,"footnotes":"","jetpack_publicize_message":"","jetpack_publicize_feature_enabled":true,"jetpack_social_post_already_shared":true,"jetpack_social_options":{"image_generator_settings":{"template":"highway","enabled":true,"token":"eyJpbWciOiJodHRwczpcL1wvd3d3LmljZWFnZXR2LmNvbVwvcmFkaW9zaXRlXC93cC1jb250ZW50XC91cGxvYWRzXC8yMDI1XC8wNFwvNUxndVVNWTYuanBnIiwidHh0IjoiRW1tYW51ZWwgTWFjcm9uIGEgclx1MDBlOWFmZmlybVx1MDBlOSBjZSBzb2lyIHZvdWxvaXIgZFx1MDBlOWNsZW5jaGVyIGxhIHJlY29ubmFpc3NhbmNlIGRcdTIwMTl1biBcdTAwYzl0YXQgcGFsZXN0aW5pZW4sIGVuIGp1aW4gJiM4MjExOyBJbCBzJiM4MjE3O2VudHJldGllbmRyYSBkZW1haW4gXHUwMGUwIGNlIHN1amV0IGF2ZWMgbGUgUHJlbWllciBtaW5pc3RyZSBpc3JhXHUwMGU5bGllbi4iLCJ0ZW1wbGF0ZSI6ImhpZ2h3YXkiLCJibG9nX2lkIjoxMTEwMTY0NjF9.3u7v-QrZlvyXMK0MdWVFmPpOAQxTU_sFxo3gu2g5tGIMQ"},"version":2},"_wpas_customize_per_network":false},"categories":[405],"tags":[],"class_list":["post-34567","post","type-post","status-publish","format-standard","has-post-thumbnail","hentry","category-actu-france-monde"],"jetpack_publicize_connections":[],"jetpack_featured_media_url":"https:\/\/i0.wp.com\/www.iceagetv.com\/radiosite\/wp-content\/uploads\/2025\/04\/5LguUMY6.jpg?fit=679%2C293&ssl=1","jetpack_sharing_enabled":true,"_links":{"self":[{"href":"https:\/\/www.iceagetv.com\/radiosite\/wp-json\/wp\/v2\/posts\/34567","targetHints":{"allow":["GET"]}}],"collection":[{"href":"https:\/\/www.iceagetv.com\/radiosite\/wp-json\/wp\/v2\/posts"}],"about":[{"href":"https:\/\/www.iceagetv.com\/radiosite\/wp-json\/wp\/v2\/types\/post"}],"author":[{"embeddable":true,"href":"https:\/\/www.iceagetv.com\/radiosite\/wp-json\/wp\/v2\/users\/2"}],"replies":[{"embeddable":true,"href":"https:\/\/www.iceagetv.com\/radiosite\/wp-json\/wp\/v2\/comments?post=34567"}],"version-history":[{"count":1,"href":"https:\/\/www.iceagetv.com\/radiosite\/wp-json\/wp\/v2\/posts\/34567\/revisions"}],"predecessor-version":[{"id":34571,"href":"https:\/\/www.iceagetv.com\/radiosite\/wp-json\/wp\/v2\/posts\/34567\/revisions\/34571"}],"wp:featuredmedia":[{"embeddable":true,"href":"https:\/\/www.iceagetv.com\/radiosite\/wp-json\/wp\/v2\/media\/34570"}],"wp:attachment":[{"href":"https:\/\/www.iceagetv.com\/radiosite\/wp-json\/wp\/v2\/media?parent=34567"}],"wp:term":[{"taxonomy":"category","embeddable":true,"href":"https:\/\/www.iceagetv.com\/radiosite\/wp-json\/wp\/v2\/categories?post=34567"},{"taxonomy":"post_tag","embeddable":true,"href":"https:\/\/www.iceagetv.com\/radiosite\/wp-json\/wp\/v2\/tags?post=34567"}],"curies":[{"name":"wp","href":"https:\/\/api.w.org\/{rel}","templated":true}]}}