{"id":34589,"date":"2025-04-15T20:47:02","date_gmt":"2025-04-15T18:47:02","guid":{"rendered":"https:\/\/www.iceagetv.com\/radiosite\/?p=34589"},"modified":"2025-04-15T20:47:06","modified_gmt":"2025-04-15T18:47:06","slug":"ce-que-lon-sait-des-attaques-qui-ont-vise-plusieurs-prisons-francaises-depuis-deux-nuits","status":"publish","type":"post","link":"https:\/\/www.iceagetv.com\/radiosite\/ce-que-lon-sait-des-attaques-qui-ont-vise-plusieurs-prisons-francaises-depuis-deux-nuits\/","title":{"rendered":"Ce que l&rsquo;on sait des attaques qui ont vis\u00e9 plusieurs prisons fran\u00e7aises depuis deux nuits"},"content":{"rendered":"\n<p class=\"\">Du jamais-vu en France. Neuf&nbsp;\u00e9tablissements p\u00e9nitentiaires ont \u00e9t\u00e9 vis\u00e9s par des attaques depuis la nuit du dimanche 13 au mardi 15 avril. V\u00e9hicules incendi\u00e9s, tirs \u00e0 l&rsquo;arme de guerre, tags&#8230; Le ministre de la Justice, G\u00e9rald Darmanin, s&rsquo;est rendu au centre p\u00e9nitentiaire de Toulon (Var) mardi apr\u00e8s-midi.&nbsp;<a href=\"https:\/\/x.com\/gdarmanin\/status\/1912064763720327313?s=46&amp;t=Qo4fve4-jZGOyZB-51VS_A\" target=\"_blank\" rel=\"noreferrer noopener\">Sur X(Nouvelle fen\u00eatre)<\/a>, il a \u00e9tabli un possible lien entre ces faits et la politique de lutte actuelle contre le narcotrafic.&nbsp;<em>\u00ab\u00a0Il y a manifestement des actes d&rsquo;intimidation contre les agents p\u00e9nitentiaires. Mais la R\u00e9publique ne reculera pas\u00a0\u00bb<\/em>, a d\u00e9clar\u00e9 le garde des Sceaux en fin de journ\u00e9e. Le Parquet national antiterroriste (Pnat) a annonc\u00e9 mardi l&rsquo;ouverture d&rsquo;une enqu\u00eate. Voici ce que l&rsquo;on sait des \u00e9v\u00e8nements \u00e0 ce stade.&nbsp;<\/p>\n\n\n\n<h2 class=\"wp-block-heading\">Des v\u00e9hicules ont \u00e9t\u00e9 incendi\u00e9s pr\u00e8s d&rsquo;une \u00e9cole de surveillants<\/h2>\n\n\n\n<p class=\"\">Dans la nuit de dimanche \u00e0 lundi, sept v\u00e9hicules ont \u00e9t\u00e9&nbsp;<em>\u00ab\u00a0d\u00e9truits ou d\u00e9grad\u00e9s en raison d&rsquo;un incendie\u00a0\u00bb<\/em>&nbsp;sur le parking de l&rsquo;Ecole nationale d&rsquo;administration p\u00e9nitentiaire \u00e0 Agen, selon le parquet du Lot-et-Garonne. L&rsquo;alerte a \u00e9t\u00e9 donn\u00e9e \u00e0 23h05, rapporte&nbsp;<a href=\"https:\/\/france3-regions.francetvinfo.fr\/nouvelle-aquitaine\/lot-et-garonne\/agen\/ils-sont-arrives-en-voiture-ont-crie-avant-de-mettre-le-feu-incendie-1-000-eleves-evacues-que-s-est-il-passe-a-l-enap-d-agen-3138166.html\" target=\"_blank\" rel=\"noreferrer noopener\">France 3 Nouvelle Aquitaine(Nouvelle fen\u00eatre)<\/a>. L&rsquo;intervention rapide des pompiers a \u00e9vit\u00e9 que le feu ne se propage et des centaines d&rsquo;\u00e9l\u00e8ves ont \u00e9t\u00e9 \u00e9vacu\u00e9s temporairement.<\/p>\n\n\n\n<p class=\"\">Sur&nbsp;<a href=\"https:\/\/www.facebook.com\/SyndicatFoJustice\/posts\/951862657146756?ref=embed_post\" target=\"_blank\" rel=\"noreferrer noopener\">Facebook(Nouvelle fen\u00eatre)<\/a>, le syndicat Force ouvri\u00e8re a diffus\u00e9 des images des d\u00e9g\u00e2ts de l&rsquo;incendie.&nbsp;<em>\u00ab\u00a0C&rsquo;est une premi\u00e8re dans l&rsquo;histoire de l&rsquo;Ecole nationale d&rsquo;administration p\u00e9nitentiaire\u00a0\u00bb<\/em>, a r\u00e9agi Fouad Tabaza, le repr\u00e9sentant des \u00e9l\u00e8ves, aupr\u00e8s de France&nbsp;3.&nbsp;Selon le procureur de la R\u00e9publique d&rsquo;Agen, un homme a \u00e9t\u00e9 interpell\u00e9 apr\u00e8s l&rsquo;incendie, mais sa garde \u00e0 vue a \u00e9t\u00e9 lev\u00e9e apr\u00e8s des v\u00e9rifications.<\/p>\n\n\n\n<h2 class=\"wp-block-heading\">D&rsquo;autres prisons ont \u00e9t\u00e9 prises pour cible partout en France<\/h2>\n\n\n\n<p class=\"\">Dans la nuit de dimanche \u00e0 lundi, \u00e0 R\u00e9au (Seine-et-Marne), le v\u00e9hicule d&rsquo;une surveillante a aussi \u00e9t\u00e9 incendi\u00e9 et des traces d&rsquo;hydrocarbures ont \u00e9t\u00e9 retrouv\u00e9es sur trois autres v\u00e9hicules, selon une source polici\u00e8re \u00e0 France T\u00e9l\u00e9visions.<\/p>\n\n\n\n<p class=\"\">La nuit suivante, sept autres \u00e9tablissements ont \u00e9t\u00e9 vis\u00e9s par des attaques. Un v\u00e9hicule a \u00e9t\u00e9 incendi\u00e9 devant la maison d\u2019arr\u00eat de N\u00eemes (Gard). Les premiers \u00e9l\u00e9ments de vid\u00e9osurveillance r\u00e9colt\u00e9s par les enqu\u00eateurs montrent trois suspects en train de mettre le feu au v\u00e9hicule \u00e0 l\u2019aide de bidons d\u2019essence, selon une source proche du dossier \u00e0 franceinfo.\u00a0Au centre p\u00e9nitentiaire de Toulon-La Farl\u00e8de (Var), plusieurs personnes ont tir\u00e9 \u00e0 l&rsquo;arme lourde sur la porte de l&rsquo;\u00e9tablissement vers 0h40, selon Samuel Finielz, le procureur de Toulon.\u00a0Quinze\u00a0<em>\u00ab\u00a0impacts ont \u00e9t\u00e9 relev\u00e9s\u00a0\u00bb<\/em>, a d\u00e9nonc\u00e9 Force ouvri\u00e8re\u00a0<a href=\"https:\/\/www.francetvinfo.fr\/SyndFoJustice\/status\/1912038162077004223?ref_src=twsrc%5Etfw%7Ctwcamp%5Etweetembed%7Ctwterm%5E1912038162077004223%7Ctwgr%5E82ea27ec56f7d5e81fd950a3bcab73f319114223%7Ctwcon%5Es1_&amp;ref_url=https%3A%2F%2Fwww.francetvinfo.fr%2Fsociete%2Fprisons%2Fvehicules-incendies-tags-tirs-plusieurs-prisons-francaises-visees-par-une-attaque-coordonnee-dans-la-nuit_7190901.html\" target=\"_blank\" rel=\"noreferrer noopener\">sur le r\u00e9seau social X(Nouvelle fen\u00eatre)<\/a>.\u00a0En r\u00e9gion parisienne, des v\u00e9hicules ont aussi \u00e9t\u00e9 incendi\u00e9s \u00e0 la maison d&rsquo;arr\u00eat de Villepinte (Seine-Saint-Denis) et \u00e0 celle de Nanterre (Hauts-de-Seine).<strong>&nbsp;<\/strong>Selon une source polici\u00e8re \u00e0 France T\u00e9l\u00e9visions, des individus ont \u00e9t\u00e9 vus en train de mettre le feu aux voitures d&#8217;employ\u00e9s sur les parkings de ces deux \u00e9tablissements et des bidons d&rsquo;essence ont \u00e9t\u00e9 retrouv\u00e9s sur place.<\/p>\n\n\n\n<p class=\"\">Au centre p\u00e9nitentiaire d&rsquo;Aix-Luynes, \u00e0 Aix-en-Provence (Bouche-du-Rh\u00f4ne), deux v\u00e9hicules ont \u00e9t\u00e9 incendi\u00e9s et le portail des \u00e9quipes r\u00e9gionales d&rsquo;intervention et de s\u00e9curit\u00e9 a \u00e9t\u00e9 pris pour cible, d\u00e9plore FO. A&nbsp;Marseille, des v\u00e9hicules ont \u00e9t\u00e9 tagu\u00e9s et un autre incendi\u00e9 pr\u00e8s de locaux de la protection judiciaire de la jeunesse sur le parking d&rsquo;une r\u00e9sidence de logements sociaux occup\u00e9s par de nombreux agents de l&rsquo;administration p\u00e9nitentiaire.<\/p>\n\n\n\n<p class=\"\"><em>\u00ab\u00a0Dix v\u00e9hicules p\u00e9nitentiaires ont \u00e9t\u00e9 tagu\u00e9s de l&rsquo;inscription &lsquo;DDPF&rsquo; (Droits des prisonniers fran\u00e7ais). C&rsquo;est une honte absolue. Je r\u00e9affirme mon soutien aux agents p\u00e9nitentiaires pour leur courage\u00a0\u00bb<\/em>, a \u00e9crit la pr\u00e9sidente du d\u00e9partement des Bouches-du-Rh\u00f4ne, Martine Vassal, sur X, en postant une photo de v\u00e9hicules tagu\u00e9s.Deux voitures de surveillants ont aussi \u00e9t\u00e9 incendi\u00e9es devant le centre p\u00e9nitentiaire de Valence (Dr\u00f4me), rapporte&nbsp;<a href=\"https:\/\/www.francebleu.fr\/infos\/faits-divers-justice\/deux-voitures-de-surveillants-incendies-devant-la-prison-de-valence-dans-la-drome-3418347\" target=\"_blank\" rel=\"noreferrer noopener\">\u00ab\u00a0ici Dr\u00f4me Ard\u00e8che\u00a0\u00bb(Nouvelle fen\u00eatre)<\/a>&nbsp;(ex-France Bleu) mardi matin. L&rsquo;Ufap-Unsa a affirm\u00e9 sur la radio locale qu&rsquo;un individu encagoul\u00e9, venu en trottinette, a r\u00e9pandu un liquide sur les v\u00e9hicules avant de les enflammer. Le ministre de la Justice a indiqu\u00e9 mardi soir que les<em>&nbsp;\u00ab\u00a0lieux de domicile d&rsquo;agents\u00a0\u00bb<\/em>&nbsp;avaient \u00e9galement \u00e9t\u00e9&nbsp;<em>\u00ab\u00a0menac\u00e9s\u00a0\u00bb<\/em>.<\/p>\n\n\n\n<h2 class=\"wp-block-heading\">Le Parquet national antiterroriste ouvre une enqu\u00eate<\/h2>\n\n\n\n<p class=\"\">Des enqu\u00eates ont d&rsquo;abord \u00e9t\u00e9 ouvertes par les parquets locaux. Le Parquet national antiterroriste (Pnat) a ensuite annonc\u00e9 \u00e0 la mi-journ\u00e9e qu&rsquo;il se saisissait de l&rsquo;enqu\u00eate, confi\u00e9e \u00e0 la sous-direction antiterroriste de la police judiciaire, aux directions zonales de la police nationale concern\u00e9es et \u00e0 la Direction g\u00e9n\u00e9rale de la s\u00e9curit\u00e9 int\u00e9rieure (DGSI). Le Pnat cite les chefs d'\u00a0\u00bbassociation de malfaiteurs terroristes en vue de la pr\u00e9paration d&rsquo;un ou plusieurs crimes d&rsquo;atteinte \u00e0 la personne\u00a0\u00bb et \u00ab\u00a0d\u00e9gradation ou d\u00e9t\u00e9rioration en bande organis\u00e9e du bien d&rsquo;autrui\u00a0\u00bb pour les neuf \u00e9tablissements cibl\u00e9s. A Toulon, l&rsquo;enqu\u00eate concerne aussi \u00ab\u00a0une tentative d&rsquo;assassinat en relation avec une entreprise terroriste commise sur une personne d\u00e9positaire de l&rsquo;autorit\u00e9 publique\u00a0\u00bb, pr\u00e9cise le parquet.<\/p>\n\n\n\n<p class=\"\">G\u00e9rald Darmanin a pr\u00e9cis\u00e9 lors de son point presse qu&rsquo;aucune revendication n&rsquo;a \u00e9t\u00e9 faite.&nbsp;Selon une source proche du dossier \u00e0 franceinfo, il s&rsquo;agit d&rsquo;une&nbsp;<em>\u00ab\u00a0attaque coordonn\u00e9e\u00a0\u00bb<\/em>. Cette m\u00eame source s&rsquo;interroge sur un lien possible entre ces attaques et l&rsquo;instauration de prisons de haute s\u00e9curit\u00e9 d\u00e9di\u00e9es aux d\u00e9tenus les plus dangereux provenant de la criminalit\u00e9 organis\u00e9e. Les prisons de Vendin-le-Vieil (Pas-de-Calais) et de&nbsp;Cond\u00e9-sur-Sarthe (Orne)&nbsp;<a href=\"https:\/\/www.francetvinfo.fr\/societe\/prisons\/la-prison-de-vendin-le-vieil-commence-a-etre-videe-de-ses-occupants-pour-accueillir-une-partie-des-narcotrafiquants-les-plus-dangereux_7176231.html\">se pr\u00e9parent<\/a>&nbsp;en effet pour accueillir, dans quelques mois, les 200 narcotrafiquants d\u00e9tenus jug\u00e9s les plus dangereux.<\/p>\n\n\n\n<p class=\"\">Le garde des Sceaux n&rsquo;a pas tard\u00e9 \u00e0 \u00e9tablir ce lien.<em>\u00a0\u00ab\u00a0Le gouvernement a pris depuis plusieurs mois des mesures extr\u00eament fermes\u00a0\u00bb<\/em>\u00a0face\u00a0<em>\u00ab\u00a0aux moyens de communication\u00a0\u00bb<\/em>\u00a0depuis les prisons\u00a0<em>\u00ab\u00a0avec l&rsquo;ext\u00e9rieur\u00a0\u00bb<\/em>, s&rsquo;est-il f\u00e9licit\u00e9.<em>\u00a0\u00ab\u00a0Je ne sais pas si ces faits extr\u00eamement graves ont un rapport \u00e0 avec la lutte que nous menons contre le d\u00e9sordre en prison\u00a0\u00bb\u00a0<\/em>mais<em>\u00a0\u00ab\u00a0on a touch\u00e9 l\u00e0 o\u00f9 \u00e7a fait mal\u00a0\u00bb<\/em>, a-t-il relev\u00e9 depuis Toulon. Interrog\u00e9 sur les grafitis retrouv\u00e9s sur les v\u00e9hicules et la piste de l&rsquo;ultra-gauche \u00e9voqu\u00e9e par certains, G\u00e9rald Darmanin a affirm\u00e9 ignorer leur signification. Selon lui, cela\u00a0<em>\u00ab\u00a0ressemble \u00e0 des gens qui sont pay\u00e9s quelques centaines de milliers d&rsquo;euros qui vont remplir quelques contrats pour intimider\u00a0\u00bb<\/em>.Les surveillants de prisons s&rsquo;inqui\u00e8tent face \u00e0 cette ins\u00e9curit\u00e9&nbsp;<\/p>\n\n\n\n<p class=\"\">D\u00e9j\u00e0 \u00e9prouv\u00e9 par l&rsquo;attaque meurtri\u00e8re d&rsquo;un fourgon il y a pr\u00e8s d&rsquo;un an lors de l&rsquo;\u00e9vasion de Mohamed Amra, le personnel p\u00e9nitentiaire a manifest\u00e9 son inqui\u00e9tude.&nbsp;Le&nbsp;21 mars, trois v\u00e9hicules avaient d\u00e9j\u00e0 \u00e9t\u00e9 incendi\u00e9s devant la prison de Gradignan.&nbsp;<em>\u00ab\u00a0Les coll\u00e8gues sont assez d\u00e9pit\u00e9s. Ce sont leurs voitures personnelles\u00a0\u00bb<\/em>, avait r\u00e9agi Ga\u00e9tan Petit, d\u00e9l\u00e9gu\u00e9 r\u00e9gional adjoint du Syndicat p\u00e9nitentiaire des surveillants, aupr\u00e8s de&nbsp;<a href=\"https:\/\/france3-regions.francetvinfo.fr\/nouvelle-aquitaine\/gironde\/bordeaux\/plusieurs-vehicules-incendies-a-la-prison-de-gradignan-une-enquete-ouverte-3126691.html\" target=\"_blank\" rel=\"noreferrer noopener\">France 3 Nouvelle Aquitaine(Nouvelle fen\u00eatre)<\/a>.<em>&nbsp;\u00ab\u00a0Il y a d\u00e9j\u00e0 de l&rsquo;ins\u00e9curit\u00e9 \u00e0 l&rsquo;int\u00e9rieur des prisons et l\u00e0, les coll\u00e8gues se rendent comptent que, m\u00eame \u00e0 l&rsquo;ext\u00e9rieur, ils sont en ins\u00e9curit\u00e9 aussi.\u00a0\u00bb<\/em><\/p>\n\n\n\n<p class=\"\">Apr\u00e8s la vague d&rsquo;attaques de dimanche et lundi, Force ouvri\u00e8re a d\u00e9nonc\u00e9 des<em>&nbsp;\u00ab\u00a0actes criminels\u00a0\u00bb<\/em>&nbsp;et&nbsp;<em>\u00ab\u00a0une attaque frontale contre notre institution, contre la R\u00e9publique, et contre les agents qui la servent au quotidien\u00a0\u00bb<\/em>. La banche Justice du syndicat a exig\u00e9&nbsp;<em>\u00ab\u00a0une r\u00e9ponse forte, imm\u00e9diate et sans ambigu\u00eft\u00e9 de l&rsquo;Etat\u00a0\u00bb.<\/em><\/p>\n\n\n\n<p class=\"\"><em>\u00ab\u00a0On attend une action coordonn\u00e9e par les ministres de la Justice et de l&rsquo;Int\u00e9rieur\u00a0\u00bb<\/em>, a de son c\u00f4t\u00e9 d\u00e9clar\u00e9 Wilfried Fonck, secr\u00e9taire national de l&rsquo;Ufap-Unsa Justice, \u00e0 l&rsquo;AFP. Et le syndicaliste de souligner que l&rsquo;administration p\u00e9nitentiaire n&rsquo;a&nbsp;<em>\u00ab\u00a0pas les forces humaines pour assurer la s\u00e9curisation aux abords des \u00e9tablissements 24h\/24\u00a0\u00bb<\/em>. G\u00e9rald Darmanin a d\u00e9clar\u00e9 avoir<em>&nbsp;\u00ab\u00a0demand\u00e9 au minist\u00e8re de l&rsquo;Int\u00e9rieur\u00a0\u00bb<\/em>&nbsp;une pr\u00e9sence polici\u00e8re permanente devant les \u00e9tablissements. Un peu plus t\u00f4t, le ministre de l&rsquo;Int\u00e9rieur, Bruno Retailleau, avait d\u00e9nonc\u00e9&nbsp;<a href=\"https:\/\/x.com\/BrunoRetailleau\/status\/1912068870396870837\" target=\"_blank\" rel=\"noreferrer noopener\">sur le r\u00e9seau social(Nouvelle fen\u00eatre)(Nouvelle fen\u00eatre)<\/a>&nbsp;<em>\u00ab\u00a0plusieurs attaques inacceptables\u00a0\u00bb&nbsp;<\/em>et annonc\u00e9 le renforcement de&nbsp;<em>\u00ab\u00a0la protection des agents et des \u00e9tablissements\u00a0\u00bb&nbsp;<\/em>p\u00e9nitentiaires.<\/p>\n","protected":false},"excerpt":{"rendered":"<p>Du jamais-vu en France. Neuf&nbsp;\u00e9tablissements p\u00e9nitentiaires ont \u00e9t\u00e9 vis\u00e9s par des attaques depuis la nuit du dimanche 13 au mardi 15 avril. V\u00e9hicules incendi\u00e9s, tirs \u00e0 l&rsquo;arme de guerre, tags&#8230; Le ministre de la Justice, G\u00e9rald Darmanin, s&rsquo;est rendu au centre p\u00e9nitentiaire de Toulon (Var) mardi apr\u00e8s-midi.&nbsp;Sur X(Nouvelle fen\u00eatre), il a \u00e9tabli un possible lien [&hellip;]<\/p>\n","protected":false},"author":2,"featured_media":34590,"comment_status":"open","ping_status":"open","sticky":false,"template":"","format":"standard","meta":{"_jetpack_memberships_contains_paid_content":false,"footnotes":"","jetpack_publicize_message":"","jetpack_publicize_feature_enabled":true,"jetpack_social_post_already_shared":true,"jetpack_social_options":{"image_generator_settings":{"template":"highway","enabled":true,"token":"eyJpbWciOiJodHRwczpcL1wvd3d3LmljZWFnZXR2LmNvbVwvcmFkaW9zaXRlXC93cC1jb250ZW50XC91cGxvYWRzXC8yMDI1XC8wNFwvQ2UtcXVlLWxvbi1zYWl0LWRlcy1hdHRhcXVlcy1xdWktb250LXZpc2UtcGx1c2lldXJzLXByaXNvbnMtZnJhbmNhaXNlcy1kZXB1aXMtZGV1eC1udWl0cy5qcGciLCJ0eHQiOiJDZSBxdWUgbCYjODIxNztvbiBzYWl0IGRlcyBhdHRhcXVlcyBxdWkgb250IHZpc1x1MDBlOSBwbHVzaWV1cnMgcHJpc29ucyBmcmFuXHUwMGU3YWlzZXMgZGVwdWlzIGRldXggbnVpdHMiLCJ0ZW1wbGF0ZSI6ImhpZ2h3YXkiLCJibG9nX2lkIjoxMTEwMTY0NjF9.nKiIbMSOIlo0yLi08r2BPBxlEPs78Fiz8O_4YUT3usIMQ"},"version":2},"_wpas_customize_per_network":false},"categories":[405],"tags":[],"class_list":["post-34589","post","type-post","status-publish","format-standard","has-post-thumbnail","hentry","category-actu-france-monde"],"jetpack_publicize_connections":[],"jetpack_featured_media_url":"https:\/\/i0.wp.com\/www.iceagetv.com\/radiosite\/wp-content\/uploads\/2025\/04\/Ce-que-lon-sait-des-attaques-qui-ont-vise-plusieurs-prisons-francaises-depuis-deux-nuits.jpg?fit=838%2C463&ssl=1","jetpack_sharing_enabled":true,"_links":{"self":[{"href":"https:\/\/www.iceagetv.com\/radiosite\/wp-json\/wp\/v2\/posts\/34589","targetHints":{"allow":["GET"]}}],"collection":[{"href":"https:\/\/www.iceagetv.com\/radiosite\/wp-json\/wp\/v2\/posts"}],"about":[{"href":"https:\/\/www.iceagetv.com\/radiosite\/wp-json\/wp\/v2\/types\/post"}],"author":[{"embeddable":true,"href":"https:\/\/www.iceagetv.com\/radiosite\/wp-json\/wp\/v2\/users\/2"}],"replies":[{"embeddable":true,"href":"https:\/\/www.iceagetv.com\/radiosite\/wp-json\/wp\/v2\/comments?post=34589"}],"version-history":[{"count":1,"href":"https:\/\/www.iceagetv.com\/radiosite\/wp-json\/wp\/v2\/posts\/34589\/revisions"}],"predecessor-version":[{"id":34591,"href":"https:\/\/www.iceagetv.com\/radiosite\/wp-json\/wp\/v2\/posts\/34589\/revisions\/34591"}],"wp:featuredmedia":[{"embeddable":true,"href":"https:\/\/www.iceagetv.com\/radiosite\/wp-json\/wp\/v2\/media\/34590"}],"wp:attachment":[{"href":"https:\/\/www.iceagetv.com\/radiosite\/wp-json\/wp\/v2\/media?parent=34589"}],"wp:term":[{"taxonomy":"category","embeddable":true,"href":"https:\/\/www.iceagetv.com\/radiosite\/wp-json\/wp\/v2\/categories?post=34589"},{"taxonomy":"post_tag","embeddable":true,"href":"https:\/\/www.iceagetv.com\/radiosite\/wp-json\/wp\/v2\/tags?post=34589"}],"curies":[{"name":"wp","href":"https:\/\/api.w.org\/{rel}","templated":true}]}}