{"id":34609,"date":"2025-04-16T16:53:54","date_gmt":"2025-04-16T14:53:54","guid":{"rendered":"https:\/\/www.iceagetv.com\/radiosite\/?p=34609"},"modified":"2025-04-16T16:53:58","modified_gmt":"2025-04-16T14:53:58","slug":"essonne-la-ville-de-viry-chatillon-instaurera-a-partir-de-samedi-un-couvre-feu-de-22h-a-6h-du-matin-pour-les-mineurs-de-moins-de-13-ans-notamment-pour-responsabiliser-les-parents","status":"publish","type":"post","link":"https:\/\/www.iceagetv.com\/radiosite\/essonne-la-ville-de-viry-chatillon-instaurera-a-partir-de-samedi-un-couvre-feu-de-22h-a-6h-du-matin-pour-les-mineurs-de-moins-de-13-ans-notamment-pour-responsabiliser-les-parents\/","title":{"rendered":"Essonne: La ville de Viry-Ch\u00e2tillon instaurera \u00e0 partir de samedi un couvre-feu de 22h \u00e0 6h du matin pour les mineurs de moins de 13 ans, notamment pour \u00ab\u00a0responsabiliser les parents\u00a0\u00bb"},"content":{"rendered":"\n<p class=\"\">La ville de Viry-Ch\u00e2tillon (Essonne) instaurera \u00e0 partir de ce samedi 19 avril un couvre-feu de 22h \u00e0 6h du matin pour les mineurs de moins de 13 ans, a indiqu\u00e9 la municipalit\u00e9 dans un communiqu\u00e9.<\/p>\n\n\n\n<p class=\"\">\u00ab\u00a0Cet arr\u00eat\u00e9 permettra non seulement de prot\u00e9ger ces mineurs en ne les laissant pas divaguer dans les rues, mais aussi de responsabiliser les parents puisque l&rsquo;enfant sera syst\u00e9matiquement reconduit \u00e0 son domicile\u00a0\u00bb, d\u00e9taille dans ce document Jean-Marie Vilain (Les Centristes).<\/p>\n\n\n\n<p class=\"\">Contact\u00e9 par l&rsquo;AFP, le maire pr\u00e9cise qu&rsquo;il est aussi possible que les enfants soient emmen\u00e9s temporairement au commissariat. \u00abSi les parents sont amen\u00e9s \u00e0 venir (y) chercher leurs enfants, peut-\u00eatre que \u00e7a va les faire r\u00e9fl\u00e9chir un peu\u00bb, note-t-il, soulignant \u00abqu&rsquo;il n&rsquo;y a pas de sanction pr\u00e9vue\u00bb.<\/p>\n\n\n\n<p class=\"\">L&rsquo;\u00e9dile indique \u00abne pas avoir de chiffres\u00bb concernant les faits d\u00e9lictueux commis par des mineurs de moins de 13 ans dans les rues de sa commune. Mais cette derni\u00e8re avait \u00e9t\u00e9 \u00abtr\u00e8s marqu\u00e9e\u00bb, rappelle-t-il, par la mort en avril 2024 de Shemseddine, pass\u00e9 \u00e0 tabac \u00e0 15 ans pr\u00e8s de son coll\u00e8ge par trois mineurs et un majeur, drame qui avait suscit\u00e9 une immense \u00e9motion. \u00abJ&rsquo;ai surtout de l&rsquo;inqui\u00e9tude pour les enfants, ce n&rsquo;est pas une question de r\u00e9pression\u00bb, assure Jean-Marie Vilain, rappelant \u00ables ph\u00e9nom\u00e8nes de rixes\u00bb qui touchent le d\u00e9partement.<\/p>\n\n\n\n<p class=\"\">L&rsquo;Essonne, d\u00e9partement du sud de l&rsquo;\u00cele-de-France peupl\u00e9 d&rsquo;1,3 millions d&rsquo;habitants, est r\u00e9guli\u00e8rement le th\u00e9\u00e2tre d&rsquo;affrontements entre bandes de jeunes adolescents venus de quartiers rivaux. Un quart des rixes recens\u00e9es en France ont lieu dans ce d\u00e9partement, avaient r\u00e9v\u00e9l\u00e9 des responsables politiques au cours d\u2019une conf\u00e9rence. Pour \u00abrenforcer la tranquillit\u00e9 publique\u00bb, la ville de 31.000 habitants g\u00e9n\u00e9ralise par cet arr\u00eat\u00e9 une mesure qu&rsquo;elle avait d&rsquo;abord mise en place sur la p\u00e9riode estivale depuis 2017.<\/p>\n\n\n\n<p class=\"\">Les feux en plein air, barbecues et la consommation de narguil\u00e9 dans l&rsquo;espace public seront \u00e9galement interdits \u00e0 compter de samedi. Le communiqu\u00e9 mentionne \u00e9galement de nouvelles restrictions concernant la vente au d\u00e9tail de boissons alcoolis\u00e9es dans la commune mises en place depuis le 24 mars.<\/p>\n\n\n\n<p class=\"\">Des mesures de couvre-feu pour les mineurs ont d\u00e9j\u00e0 \u00e9t\u00e9 adopt\u00e9es en 2024 dans d&rsquo;autres communes comme \u00e0 Nice, B\u00e9ziers ou Limoges. \u00c0 Nice, le maire Christian Estrosi (Horizons) avait plaid\u00e9 pour une mesure de \u00abbon sens\u00bb. Le maire de B\u00e9ziers Robert M\u00e9nard avait lui justifi\u00e9 cet arr\u00eat\u00e9 par le \u00abnombre croissant de jeunes mineurs livr\u00e9s \u00e0 eux-m\u00eames en pleine nuit\u00bb et une \u00abaggravation du nombre\u00bb de d\u00e9lits.<\/p>\n","protected":false},"excerpt":{"rendered":"<p>La ville de Viry-Ch\u00e2tillon (Essonne) instaurera \u00e0 partir de ce samedi 19 avril un couvre-feu de 22h \u00e0 6h du matin pour les mineurs de moins de 13 ans, a indiqu\u00e9 la municipalit\u00e9 dans un communiqu\u00e9. \u00ab\u00a0Cet arr\u00eat\u00e9 permettra non seulement de prot\u00e9ger ces mineurs en ne les laissant pas divaguer dans les rues, mais [&hellip;]<\/p>\n","protected":false},"author":2,"featured_media":34610,"comment_status":"open","ping_status":"open","sticky":false,"template":"","format":"standard","meta":{"_jetpack_memberships_contains_paid_content":false,"footnotes":"","jetpack_publicize_message":"","jetpack_publicize_feature_enabled":true,"jetpack_social_post_already_shared":true,"jetpack_social_options":{"image_generator_settings":{"template":"highway","enabled":true,"token":"eyJpbWciOiJodHRwczpcL1wvd3d3LmljZWFnZXR2LmNvbVwvcmFkaW9zaXRlXC93cC1jb250ZW50XC91cGxvYWRzXC8yMDI1XC8wNFwvbVU2eHNXbkUuanBnIiwidHh0IjoiRXNzb25uZTogTGEgdmlsbGUgZGUgVmlyeS1DaFx1MDBlMnRpbGxvbiBpbnN0YXVyZXJhIFx1MDBlMCBwYXJ0aXIgZGUgc2FtZWRpIHVuIGNvdXZyZS1mZXUgZGUgMjJoIFx1MDBlMCA2aCBkdSBtYXRpbiBwb3VyIGxlcyBtaW5ldXJzIGRlIG1vaW5zIGRlIDEzIGFucywgbm90YW1tZW50IHBvdXIgJiM4MjIwO3Jlc3BvbnNhYmlsaXNlciBsZXMgcGFyZW50cyYjODIyMTsiLCJ0ZW1wbGF0ZSI6ImhpZ2h3YXkiLCJibG9nX2lkIjoxMTEwMTY0NjF9.BnfsTD991M5EzEqzIBeVnbVKyUmMPza9TZJglQndU4oMQ"},"version":2},"_wpas_customize_per_network":false},"categories":[405],"tags":[],"class_list":["post-34609","post","type-post","status-publish","format-standard","has-post-thumbnail","hentry","category-actu-france-monde"],"jetpack_publicize_connections":[],"jetpack_featured_media_url":"https:\/\/i0.wp.com\/www.iceagetv.com\/radiosite\/wp-content\/uploads\/2025\/04\/mU6xsWnE.jpg?fit=679%2C293&ssl=1","jetpack_sharing_enabled":true,"_links":{"self":[{"href":"https:\/\/www.iceagetv.com\/radiosite\/wp-json\/wp\/v2\/posts\/34609","targetHints":{"allow":["GET"]}}],"collection":[{"href":"https:\/\/www.iceagetv.com\/radiosite\/wp-json\/wp\/v2\/posts"}],"about":[{"href":"https:\/\/www.iceagetv.com\/radiosite\/wp-json\/wp\/v2\/types\/post"}],"author":[{"embeddable":true,"href":"https:\/\/www.iceagetv.com\/radiosite\/wp-json\/wp\/v2\/users\/2"}],"replies":[{"embeddable":true,"href":"https:\/\/www.iceagetv.com\/radiosite\/wp-json\/wp\/v2\/comments?post=34609"}],"version-history":[{"count":1,"href":"https:\/\/www.iceagetv.com\/radiosite\/wp-json\/wp\/v2\/posts\/34609\/revisions"}],"predecessor-version":[{"id":34611,"href":"https:\/\/www.iceagetv.com\/radiosite\/wp-json\/wp\/v2\/posts\/34609\/revisions\/34611"}],"wp:featuredmedia":[{"embeddable":true,"href":"https:\/\/www.iceagetv.com\/radiosite\/wp-json\/wp\/v2\/media\/34610"}],"wp:attachment":[{"href":"https:\/\/www.iceagetv.com\/radiosite\/wp-json\/wp\/v2\/media?parent=34609"}],"wp:term":[{"taxonomy":"category","embeddable":true,"href":"https:\/\/www.iceagetv.com\/radiosite\/wp-json\/wp\/v2\/categories?post=34609"},{"taxonomy":"post_tag","embeddable":true,"href":"https:\/\/www.iceagetv.com\/radiosite\/wp-json\/wp\/v2\/tags?post=34609"}],"curies":[{"name":"wp","href":"https:\/\/api.w.org\/{rel}","templated":true}]}}