{"id":34613,"date":"2025-04-16T17:36:01","date_gmt":"2025-04-16T15:36:01","guid":{"rendered":"https:\/\/www.iceagetv.com\/radiosite\/?p=34613"},"modified":"2025-04-16T17:36:06","modified_gmt":"2025-04-16T15:36:06","slug":"les-deux-departements-de-la-corse-places-en-vigilance-orange-pour-pluie-inondation-la-savoie-pour-des-risques-davalanches-annonce-meteo-france","status":"publish","type":"post","link":"https:\/\/www.iceagetv.com\/radiosite\/les-deux-departements-de-la-corse-places-en-vigilance-orange-pour-pluie-inondation-la-savoie-pour-des-risques-davalanches-annonce-meteo-france\/","title":{"rendered":"Les deux d\u00e9partements de la Corse plac\u00e9s en vigilance orange pour \u00ab\u00a0pluie-inondation\u00a0\u00bb, la Savoie pour des risques d&rsquo;avalanches, annonce M\u00e9t\u00e9o-France"},"content":{"rendered":"\n<p class=\"\">L&rsquo;organisme met en garde contre \u00ab\u00a0une activit\u00e9 avalancheuse remarquable\u00a0\u00bb sur les massifs savoyards, et des pr\u00e9cipitations sur l&rsquo;ile de Beaut\u00e9.En pr\u00e9vision d&rsquo;<em>\u00ab\u00a0une activit\u00e9 avalancheuse remarquable sur les massifs de Haute-Maurienne et Haute-Tarentaise\u00a0\u00bb,&nbsp;<\/em>M\u00e9t\u00e9o-France a d\u00e9cid\u00e9 de placer le d\u00e9partement de la&nbsp;Savoie en vigilance orange pour de possibles avalanches, d\u00e8s 20 heures mercredi 16 avril.&nbsp;<em>\u00ab\u00a0<\/em><em>Le risque sera m\u00eame tr\u00e8s fort en altitude en Haute-Maurienne o\u00f9 les cumuls sont plus importants et pourraient d\u00e9passer 1,50 \u00e0 2 m proche de la fronti\u00e8re,<\/em>&nbsp;\u00e9crit l&rsquo;organisme&nbsp;<a href=\"https:\/\/vigilance.meteofrance.fr\/fr\" target=\"_blank\" rel=\"noreferrer noopener\">dans son bulletin(Nouvelle fen\u00eatre)<\/a>.&nbsp;<em>En altitude, de nombreuses grandes avalanches vont se produire au fil des chutes de neige et pourront atteindre des infrastructures de montagne ou refuges d&rsquo;altitude.\u00a0\u00bb<\/em><\/p>\n\n\n\n<p class=\"\">M\u00e9t\u00e9o-France a \u00e9galement plac\u00e9 les deux d\u00e9partements de la Corse en vigilance orange, cette fois pour des risques de pluies et d&rsquo;inondations, \u00e0 partir de 22 heures<em>. \u00ab\u00a0En lien avec la d\u00e9pression Hans, des pr\u00e9cipitati<\/em><em>ons sont en place sur la Corse et s&rsquo;intensifient la nuit de mercredi \u00e0 jeudi\u00a0\u00bb,<\/em>&nbsp;pr\u00e9cise l&rsquo;organisme.<\/p>\n","protected":false},"excerpt":{"rendered":"<p>L&rsquo;organisme met en garde contre \u00ab\u00a0une activit\u00e9 avalancheuse remarquable\u00a0\u00bb sur les massifs savoyards, et des pr\u00e9cipitations sur l&rsquo;ile de Beaut\u00e9.En pr\u00e9vision d&rsquo;\u00ab\u00a0une activit\u00e9 avalancheuse remarquable sur les massifs de Haute-Maurienne et Haute-Tarentaise\u00a0\u00bb,&nbsp;M\u00e9t\u00e9o-France a d\u00e9cid\u00e9 de placer le d\u00e9partement de la&nbsp;Savoie en vigilance orange pour de possibles avalanches, d\u00e8s 20 heures mercredi 16 avril.&nbsp;\u00ab\u00a0Le risque sera [&hellip;]<\/p>\n","protected":false},"author":2,"featured_media":34615,"comment_status":"open","ping_status":"open","sticky":false,"template":"","format":"standard","meta":{"_jetpack_memberships_contains_paid_content":false,"footnotes":"","jetpack_publicize_message":"","jetpack_publicize_feature_enabled":true,"jetpack_social_post_already_shared":true,"jetpack_social_options":{"image_generator_settings":{"template":"highway","enabled":true,"token":"eyJpbWciOiJodHRwczpcL1wvd3d3LmljZWFnZXR2LmNvbVwvcmFkaW9zaXRlXC93cC1jb250ZW50XC91cGxvYWRzXC8yMDI1XC8wNFwvTGVzLWRldXgtZGVwYXJ0ZW1lbnRzLWRlLWxhLUNvcnNlLXBsYWNlcy1lbi12aWdpbGFuY2Utb3JhbmdlLmpwZyIsInR4dCI6IkxlcyBkZXV4IGRcdTAwZTlwYXJ0ZW1lbnRzIGRlIGxhIENvcnNlIHBsYWNcdTAwZTlzIGVuIHZpZ2lsYW5jZSBvcmFuZ2UgcG91ciAmIzgyMjA7cGx1aWUtaW5vbmRhdGlvbiYjODIyMTssIGxhIFNhdm9pZSBwb3VyIGRlcyByaXNxdWVzIGQmIzgyMTc7YXZhbGFuY2hlcywgYW5ub25jZSBNXHUwMGU5dFx1MDBlOW8tRnJhbmNlIiwidGVtcGxhdGUiOiJoaWdod2F5IiwiYmxvZ19pZCI6MTExMDE2NDYxfQ.CfpDJYpxSgkAz5obMCHBMR4vgoty6pAKV-6pwxIsoqIMQ"},"version":2},"_wpas_customize_per_network":false},"categories":[14],"tags":[],"class_list":["post-34613","post","type-post","status-publish","format-standard","has-post-thumbnail","hentry","category-actu-meteo"],"jetpack_publicize_connections":[],"jetpack_featured_media_url":"https:\/\/i0.wp.com\/www.iceagetv.com\/radiosite\/wp-content\/uploads\/2025\/04\/Les-deux-departements-de-la-Corse-places-en-vigilance-orange.jpg?fit=600%2C313&ssl=1","jetpack_sharing_enabled":true,"_links":{"self":[{"href":"https:\/\/www.iceagetv.com\/radiosite\/wp-json\/wp\/v2\/posts\/34613","targetHints":{"allow":["GET"]}}],"collection":[{"href":"https:\/\/www.iceagetv.com\/radiosite\/wp-json\/wp\/v2\/posts"}],"about":[{"href":"https:\/\/www.iceagetv.com\/radiosite\/wp-json\/wp\/v2\/types\/post"}],"author":[{"embeddable":true,"href":"https:\/\/www.iceagetv.com\/radiosite\/wp-json\/wp\/v2\/users\/2"}],"replies":[{"embeddable":true,"href":"https:\/\/www.iceagetv.com\/radiosite\/wp-json\/wp\/v2\/comments?post=34613"}],"version-history":[{"count":1,"href":"https:\/\/www.iceagetv.com\/radiosite\/wp-json\/wp\/v2\/posts\/34613\/revisions"}],"predecessor-version":[{"id":34616,"href":"https:\/\/www.iceagetv.com\/radiosite\/wp-json\/wp\/v2\/posts\/34613\/revisions\/34616"}],"wp:featuredmedia":[{"embeddable":true,"href":"https:\/\/www.iceagetv.com\/radiosite\/wp-json\/wp\/v2\/media\/34615"}],"wp:attachment":[{"href":"https:\/\/www.iceagetv.com\/radiosite\/wp-json\/wp\/v2\/media?parent=34613"}],"wp:term":[{"taxonomy":"category","embeddable":true,"href":"https:\/\/www.iceagetv.com\/radiosite\/wp-json\/wp\/v2\/categories?post=34613"},{"taxonomy":"post_tag","embeddable":true,"href":"https:\/\/www.iceagetv.com\/radiosite\/wp-json\/wp\/v2\/tags?post=34613"}],"curies":[{"name":"wp","href":"https:\/\/api.w.org\/{rel}","templated":true}]}}