{"id":34618,"date":"2025-04-17T08:37:54","date_gmt":"2025-04-17T06:37:54","guid":{"rendered":"https:\/\/www.iceagetv.com\/radiosite\/?p=34618"},"modified":"2025-04-17T08:37:58","modified_gmt":"2025-04-17T06:37:58","slug":"exclusif-les-agences-immobilieres-stephane-plaza-vont-savoir-aujourdhui-en-fin-dapres-midi-si-elles-vont-devoir-changer-de-nom-apres-la-condamnation-en-justice-de-lanimateur-vedette","status":"publish","type":"post","link":"https:\/\/www.iceagetv.com\/radiosite\/exclusif-les-agences-immobilieres-stephane-plaza-vont-savoir-aujourdhui-en-fin-dapres-midi-si-elles-vont-devoir-changer-de-nom-apres-la-condamnation-en-justice-de-lanimateur-vedette\/","title":{"rendered":"EXCLUSIF : Les agences immobili\u00e8res St\u00e9phane Plaza vont savoir aujourd&rsquo;hui en fin d&rsquo;apr\u00e8s-midi si elles vont devoir changer de nom apr\u00e8s la condamnation en justice de l&rsquo;animateur vedette"},"content":{"rendered":"\n<p class=\"\"><strong>Selon nos informations exclusives<\/strong>, c&rsquo;est en fin d&rsquo;apr\u00e8s-midi que les 568 agences immobili\u00e8res \u00ab\u00a0St\u00e9phane Plaza\u00a0\u00bb vont savoir si elles doivent changer de nom ou pas pour faire oublier le nom de l&rsquo;animateur vedette d&rsquo;M6.&nbsp;La condamnation de St\u00e9phane Plaza&nbsp;pour violences conjugales, qui a fait appel de la d\u00e9cision de justice&nbsp; et qui est donc pr\u00e9sum\u00e9 innocent, a plong\u00e9 certains membres du r\u00e9seau dans l\u2019incertitude.<\/p>\n\n\n\n<p class=\"\">En f\u00e9vrier dernier, durant \u00abun peu plus d\u2019une heure\u00bb, la direction du r\u00e9seau avait fait face \u00e0 des franchis\u00e9s inquiets pour leur avenir.&nbsp;\u00abLe d\u00e9lib\u00e9r\u00e9 du Tribunal de Paris va empirer l\u2019image de St\u00e9phane Plaza et de la marque\u00bb, d\u00e9plore Sarah Laassir, avocate en droit immobilier qui affirme repr\u00e9senter \u00abune cinquantaine\u00bb d\u2019agents immobiliers St\u00e9phane Plaza.&nbsp;&nbsp;<\/p>\n\n\n\n<p class=\"\">Certaines voix r\u00e9clament \u00e0 M6, qui d\u00e9tient 51% du capital du r\u00e9seau immobilier, de cr\u00e9er sa propre marque.&nbsp;<\/p>\n\n\n\n<p class=\"\">\u00abDeux options s\u2019offrent au franchiseur : trouver un accord concert\u00e9 avec les franchis\u00e9s pour r\u00e9organiser le r\u00e9seau en proposant un changement de nom ou garder le m\u00eame nom et risquer de faire face \u00e0 des actions en justice des franchis\u00e9s en r\u00e9siliation fautive des contrats\u00bb, r\u00e9sume Me Vanessa Bouchara.<\/p>\n\n\n\n<p class=\"\"><strong>Toujours selon nos informations<\/strong>, le probl\u00e8me pour la direction de ce r\u00e9seau c&rsquo;est que certains franchis\u00e9s veulent en revanche garder le nom St\u00e9phane Plaza qui reste selon eux une force. Mais ces franchis\u00e9s ont peu eu la parole dans les m\u00e9dias, mais ils seraient au moins une centaine.<\/p>\n\n\n\n<p class=\"\">La direction va donc devoir annoncer demain une solution qui satisfait tout le monde.<\/p>\n\n\n\n<p class=\"\"><strong>Une certitude en tout cas, le solutions \u00ab\u00a0mixtes\u00a0\u00bb ont \u00e9t\u00e9 \u00e9cart\u00e9es. Ce sera \u00ab\u00a0St\u00e9phane Plaza\u00a0\u00bb ou \u00e7a ne sera pas avec le nom Plaza.<\/strong>&nbsp;Le Parisien avait \u00e9voqu\u00e9 l&rsquo;id\u00e9e de \u00ab\u00a0changer partiellement le nom en retirant St\u00e9phane et en ajoutant un \u00ab l \u00bb \u00e0 Plaza pour devenir tout simplement \u00ab Pllaza \u00bb a \u00e9t\u00e9 \u00e9cart\u00e9e, tout comme les noms \u00ab\u00a0Plazza\u00a0\u00bb avec deux \u00ab\u00a0Z\u00a0\u00bb ou \u00ab\u00a0Avenue Plaza\u00a0\u00bb. Tout cela est \u00e9cart\u00e9 \u00e0 cette heure.<\/p>\n","protected":false},"excerpt":{"rendered":"<p>Selon nos informations exclusives, c&rsquo;est en fin d&rsquo;apr\u00e8s-midi que les 568 agences immobili\u00e8res \u00ab\u00a0St\u00e9phane Plaza\u00a0\u00bb vont savoir si elles doivent changer de nom ou pas pour faire oublier le nom de l&rsquo;animateur vedette d&rsquo;M6.&nbsp;La condamnation de St\u00e9phane Plaza&nbsp;pour violences conjugales, qui a fait appel de la d\u00e9cision de justice&nbsp; et qui est donc pr\u00e9sum\u00e9 innocent, [&hellip;]<\/p>\n","protected":false},"author":2,"featured_media":34619,"comment_status":"open","ping_status":"open","sticky":false,"template":"","format":"standard","meta":{"_jetpack_memberships_contains_paid_content":false,"footnotes":"","jetpack_publicize_message":"","jetpack_publicize_feature_enabled":true,"jetpack_social_post_already_shared":true,"jetpack_social_options":{"image_generator_settings":{"template":"highway","enabled":true,"token":"eyJpbWciOiJodHRwczpcL1wvd3d3LmljZWFnZXR2LmNvbVwvcmFkaW9zaXRlXC93cC1jb250ZW50XC91cGxvYWRzXC8yMDI1XC8wNFwvdnh4WERjVWguanBnIiwidHh0IjoiRVhDTFVTSUYgOiBMZXMgYWdlbmNlcyBpbW1vYmlsaVx1MDBlOHJlcyBTdFx1MDBlOXBoYW5lIFBsYXphIHZvbnQgc2F2b2lyIGF1am91cmQmIzgyMTc7aHVpIGVuIGZpbiBkJiM4MjE3O2Fwclx1MDBlOHMtbWlkaSBzaSBlbGxlcyB2b250IGRldm9pciBjaGFuZ2VyIGRlIG5vbSBhcHJcdTAwZThzIGxhIGNvbmRhbW5hdGlvbiBlbiBqdXN0aWNlIGRlIGwmIzgyMTc7YW5pbWF0ZXVyIHZlZGV0dGUiLCJ0ZW1wbGF0ZSI6ImhpZ2h3YXkiLCJibG9nX2lkIjoxMTEwMTY0NjF9.vS-Mdn0sz24tk9_cZ2fhjEQ-uN7NRziNJib_hCowSy4MQ"},"version":2},"_wpas_customize_per_network":false},"categories":[405],"tags":[],"class_list":["post-34618","post","type-post","status-publish","format-standard","has-post-thumbnail","hentry","category-actu-france-monde"],"jetpack_publicize_connections":[],"jetpack_featured_media_url":"https:\/\/i0.wp.com\/www.iceagetv.com\/radiosite\/wp-content\/uploads\/2025\/04\/vxxXDcUh.jpg?fit=679%2C293&ssl=1","jetpack_sharing_enabled":true,"_links":{"self":[{"href":"https:\/\/www.iceagetv.com\/radiosite\/wp-json\/wp\/v2\/posts\/34618","targetHints":{"allow":["GET"]}}],"collection":[{"href":"https:\/\/www.iceagetv.com\/radiosite\/wp-json\/wp\/v2\/posts"}],"about":[{"href":"https:\/\/www.iceagetv.com\/radiosite\/wp-json\/wp\/v2\/types\/post"}],"author":[{"embeddable":true,"href":"https:\/\/www.iceagetv.com\/radiosite\/wp-json\/wp\/v2\/users\/2"}],"replies":[{"embeddable":true,"href":"https:\/\/www.iceagetv.com\/radiosite\/wp-json\/wp\/v2\/comments?post=34618"}],"version-history":[{"count":1,"href":"https:\/\/www.iceagetv.com\/radiosite\/wp-json\/wp\/v2\/posts\/34618\/revisions"}],"predecessor-version":[{"id":34620,"href":"https:\/\/www.iceagetv.com\/radiosite\/wp-json\/wp\/v2\/posts\/34618\/revisions\/34620"}],"wp:featuredmedia":[{"embeddable":true,"href":"https:\/\/www.iceagetv.com\/radiosite\/wp-json\/wp\/v2\/media\/34619"}],"wp:attachment":[{"href":"https:\/\/www.iceagetv.com\/radiosite\/wp-json\/wp\/v2\/media?parent=34618"}],"wp:term":[{"taxonomy":"category","embeddable":true,"href":"https:\/\/www.iceagetv.com\/radiosite\/wp-json\/wp\/v2\/categories?post=34618"},{"taxonomy":"post_tag","embeddable":true,"href":"https:\/\/www.iceagetv.com\/radiosite\/wp-json\/wp\/v2\/tags?post=34618"}],"curies":[{"name":"wp","href":"https:\/\/api.w.org\/{rel}","templated":true}]}}