{"id":34627,"date":"2025-04-17T15:25:56","date_gmt":"2025-04-17T13:25:56","guid":{"rendered":"https:\/\/www.iceagetv.com\/radiosite\/?p=34627"},"modified":"2025-04-17T15:26:00","modified_gmt":"2025-04-17T13:26:00","slug":"en-savoie-des-chutes-de-neige-exceptionnelles-sement-la-pagaille-en-plein-mois-davril","status":"publish","type":"post","link":"https:\/\/www.iceagetv.com\/radiosite\/en-savoie-des-chutes-de-neige-exceptionnelles-sement-la-pagaille-en-plein-mois-davril\/","title":{"rendered":"En Savoie, des chutes de neige \u00ab\u00a0exceptionnelles\u00a0\u00bb s\u00e8ment la pagaille en plein mois d\u2019avril"},"content":{"rendered":"\n<p class=\"\">Les r\u00e9seaux routiers et \u00e9lectriques sont perturb\u00e9s dans les Alpes fran\u00e7aises, suisses et italiennes \u00e0 quelques jours du week-end de P\u00e2ques.L\u2019hiver joue les prolongations dans les\u00a0<a href=\"https:\/\/www.huffingtonpost.fr\/environnement\/article\/la-fonte-des-glaces-dans-les-alpes-et-les-pyrenees-est-dramatique-en-20-ans-et-s-accelere-revele-cette-etude-clx1_246431.html\">Alpes<\/a>. Que ce soit c\u00f4t\u00e9 suisse, fran\u00e7ais ou italien, la cha\u00eene de montagnes conna\u00eet de tr\u00e8s importantes chutes de\u00a0<a href=\"https:\/\/www.huffingtonpost.fr\/environnement\/article\/en-grece-un-record-de-chaleur-avant-la-neige-le-pays-va-connaitre-une-montagne-russe-meteorologique_247540.html\">neige<\/a>\u00a0ce jeudi 17\u00a0avril. R\u00e9sultat\u00a0: d\u2019importantes perturbations \u2013 notamment sur les r\u00e9seaux routiers et \u00e9lectriques \u2013 qui conduisent les autorit\u00e9s \u00e0 prendre des mesures exceptionnelles face au risque d\u2019avalanches et de chutes d\u2019arbre.En France, la\u00a0<a href=\"https:\/\/www.huffingtonpost.fr\/life\/article\/a-aix-les-bains-une-mere-et-sa-fille-touchees-par-des-cloques-geantes-apres-une-baignade_235711.html\">Savoie<\/a>\u00a0est plac\u00e9e en vigilance orange pour les avalanches depuis mercredi soir par M\u00e9t\u00e9o-France, en raison des forts cumuls de neige \u00e0 la fronti\u00e8re italienne. Le pr\u00e9visionniste anticipe jusqu\u2019\u00e0 30\u00a0cm de neige dans les Alpes. Au total, 4\u00a0000\u00a0foyers\u00a0fran\u00e7ais sont priv\u00e9s d\u2019\u00e9lectricit\u00e9 et plusieurs routes coup\u00e9es. L\u2019autoroute A43\u00a0qui relie\u00a0<a href=\"https:\/\/www.huffingtonpost.fr\/justice\/article\/des-patients-d-un-hopital-a-lyon-utilises-pour-la-recherche-sans-leur-accord-vautrin-veut-faire-la-lumiere_248687.html\">Lyon<\/a>\u00a0\u00e0 l\u2019Italie est ferm\u00e9e aux poids lourds, selon les services de l\u2019\u00c9tat.L\u2019entr\u00e9e du tunnel du Fr\u00e9jus, qui permet de franchir la fronti\u00e8re en voiture, est recouverte d\u2019un \u00e9pais manteau neigeux, comme en t\u00e9moigne&nbsp;<strong>la vid\u00e9o ci-dessous<\/strong>, publi\u00e9e par un journaliste de BFMTV. Les intemp\u00e9ries provoquent \u00e9galement d\u2019importantes perturbations sur l\u2019axe routier qui relie Chamonix \u00e0 l\u2019Italie via le tunnel du Mont-Blanc. La circulation des poids lourds y est temporairement interdite rapporte&nbsp;<a href=\"https:\/\/www.ledauphine.com\/transport\/2025\/04\/17\/tunnel-du-mont-blanc-les-automobilistes-appeles-a-reporter-leur-voyage-pour-le-week-end-de-paques\" target=\"_blank\" rel=\"noreferrer noopener\"><em>Le Dauphin\u00e9 lib\u00e9r\u00e9<\/em><\/a>, qui pr\u00e9cise que les autorit\u00e9s recommandent aux automobilistes de reporter leurs d\u00e9placements pr\u00e9vus pour le week-end de P\u00e2ques.<\/p>\n\n\n\n<h2 class=\"wp-block-heading\" id=\"4435955\">La commune de Tignes confine ses habitants<\/h2>\n\n\n\n<p class=\"\">Les\u00a0<em>\u00ab\u00a0chutes de neige exceptionnelles\u00a0\u00bb,\u00a0<\/em>bien que pas in\u00e9dites, concernent toute\u00a0<em>\u00ab\u00a0la cha\u00eene alpine\u00a0\u00bb<\/em>\u00a0et sont\u00a0<em>\u00ab\u00a0les plus importantes\u00a0de la saison\u00a0\u00bb<\/em>, rel\u00e8ve la Cha\u00eene m\u00e9t\u00e9o, qui attribue ses intemp\u00e9ries \u00e0 la d\u00e9pression Hans. L\u2019accumulation de neige a \u00e9t\u00e9 tr\u00e8s rapide et a compl\u00e8tement transform\u00e9 les paysages en moins de 24\u00a0heures,\u00a0<strong>comme l\u2019illustre la vid\u00e9o que vous pouvez voir ci-dessous\u00a0:<\/strong>Maurienne, Tarentaise et Vanoise, toutes les vall\u00e9es alpines sont concern\u00e9es par le risque d\u2019avalanche \u00e0 5\/5, rel\u00e8ve&nbsp;<a href=\"https:\/\/www.francebleu.fr\/en-images-en-plein-mois-d-avril-la-neige-est-de-retour-jusque-dans-les-vallees-de-savoie-et-de-haute-savoie-1333168\" target=\"_blank\" rel=\"noreferrer noopener\">ici Savoie<\/a>, qui a publi\u00e9 des photos de communes couvertes de neige, tant en altitude qu\u2019en plaine. Certaines stations ont appel\u00e9 les vacanciers et les habitants \u00e0 la prudence, comme \u00e0 Aime-la-Plagne o\u00f9 la mairie les invite \u00e0&nbsp;<em>\u00ab&nbsp;limiter leurs d\u00e9placements \u00e0 l\u2019unique p\u00e9rim\u00e8tre de la station&nbsp;\u00bb&nbsp;<\/em>dont le domaine skiable est ferm\u00e9.<\/p>\n\n\n\n<p class=\"\">\u00c0 Tignes, les quantit\u00e9s de neige sont telles (120&nbsp;cm en altitude) que la commune a d\u00e9cid\u00e9 de confiner ses habitants ce jeudi jusqu\u2019\u00e0 15&nbsp;heures, suivi d\u2019une autorisation temporaire de circuler \u00e0 l\u2019int\u00e9rieur d\u2019un m\u00eame quartier. La population sera ensuite de nouveau confin\u00e9e&nbsp;<em>\u00ab&nbsp;de 20&nbsp;heures jusqu\u2019\u00e0 nouvel ordre&nbsp;\u00bb<\/em>. Le domaine skiable, les \u00e9coles et la cr\u00e8che sont ferm\u00e9s toute la journ\u00e9e.<\/p>\n\n\n\n<h2 class=\"wp-block-heading\" id=\"4435960\">Des alertes aussi en Suisse et en Italie<\/h2>\n\n\n\n<p class=\"\">La France n\u2019est pas la seule \u00e0 p\u00e2tir de la neige. En&nbsp;<a href=\"https:\/\/www.huffingtonpost.fr\/insolite\/article\/la-suisse-recupere-le-record-du-monde-de-la-plus-grande-raclette-que-la-france-detenait-depuis-un-an_248502.html\">Suisse<\/a>, le pr\u00e9visionniste M\u00e9t\u00e9oSuisse estime le degr\u00e9 d\u2019avalanche entre 4\/5&nbsp;et 5\/5&nbsp;selon les cantons et s\u2019inqui\u00e8te \u00e9galement des pluies torrentielles qui s\u2019abattent \u00e0 moindre altitude. Dans le Haut-Valais, le niveau d\u2019alerte est le plus \u00e9lev\u00e9 de 2001, t\u00e9moignant d\u2019un risque de&nbsp;<em>\u00ab&nbsp;mont\u00e9e extr\u00eame du niveau des eaux des ruisseaux et lacs&nbsp;\u00bb<\/em>&nbsp;et de&nbsp;<em>\u00ab&nbsp;glissements de terrain&nbsp;\u00bb<\/em>. De nombreuses routes sont ferm\u00e9es en raison de la forte accumulation de neige ou de la chute de branches d\u2019arbres sous le poids des pr\u00e9cipitations.<\/p>\n\n\n\n<p class=\"\">L\u00e0 aussi, les intemp\u00e9ries tombent au mauvais moment avec le week-end de P\u00e2ques. Les personnes qui avaient pr\u00e9vu de se rendre dans le canton suisse du Valais pour les vacances&nbsp;<em>\u00ab&nbsp;sont invit\u00e9es \u00e0 d\u00e9caler d\u2019un jour&nbsp;\u00bb<\/em>&nbsp;leur arriv\u00e9e. Les autorit\u00e9s recommandent \u00e0 la population de limiter ses d\u00e9placements au strict minimum et \u00e0 se mettre en s\u00e9curit\u00e9. \u00c0 Sion, le chef-lieu du Valais, les 36&nbsp;000&nbsp;habitants sont invit\u00e9s \u00e0 rester chez eux et une bonne partie de la ville est ferm\u00e9e au trafic routier et pi\u00e9ton.<\/p>\n\n\n\n<p class=\"\">C\u00f4t\u00e9&nbsp;<a href=\"https:\/\/www.huffingtonpost.fr\/international\/article\/donald-trump-jr-accuse-d-avoir-tue-des-canards-proteges-lors-d-une-partie-de-chasse-en-italie_245764.html\">italien<\/a>, les services m\u00e9t\u00e9o de l\u2019arm\u00e9e de l\u2019air ont fait \u00e9tat de pluies&nbsp;<em>\u00ab&nbsp;intenses et abondantes&nbsp;\u00bb<\/em>&nbsp;se transformant en neige au-dessus de 1&nbsp;800 m\u00e8tres avec des quantit\u00e9s qui pourraient \u00eatre&nbsp;<em>\u00ab&nbsp;exceptionnelles&nbsp;\u00bb<\/em>. L\u2019autoroute reliant Turin \u00e0 Aoste (nord) a \u00e9t\u00e9 ferm\u00e9e \u00e0 la circulation car partiellement inond\u00e9e, tandis que les parcs de Milan (nord) ont \u00e9t\u00e9 ferm\u00e9s en raison des risques de chute d\u2019arbres et de branches, un vent fort atteignant par endroits jusqu\u2019\u00e0 100&nbsp;km\/h fouettant \u00e9galement la P\u00e9ninsule. Dans le Val d\u2019Aoste, frontalier de la France, des habitations et des \u00e9tables ont d\u00fb \u00eatre \u00e9vacu\u00e9es en raison de la mont\u00e9e de certains cours d\u2019eau.<\/p>\n","protected":false},"excerpt":{"rendered":"<p>Les r\u00e9seaux routiers et \u00e9lectriques sont perturb\u00e9s dans les Alpes fran\u00e7aises, suisses et italiennes \u00e0 quelques jours du week-end de P\u00e2ques.L\u2019hiver joue les prolongations dans les\u00a0Alpes. Que ce soit c\u00f4t\u00e9 suisse, fran\u00e7ais ou italien, la cha\u00eene de montagnes conna\u00eet de tr\u00e8s importantes chutes de\u00a0neige\u00a0ce jeudi 17\u00a0avril. R\u00e9sultat\u00a0: d\u2019importantes perturbations \u2013 notamment sur les r\u00e9seaux routiers [&hellip;]<\/p>\n","protected":false},"author":2,"featured_media":34628,"comment_status":"open","ping_status":"open","sticky":false,"template":"","format":"standard","meta":{"_jetpack_memberships_contains_paid_content":false,"footnotes":"","jetpack_publicize_message":"","jetpack_publicize_feature_enabled":true,"jetpack_social_post_already_shared":true,"jetpack_social_options":{"image_generator_settings":{"template":"highway","enabled":true,"token":"eyJpbWciOiJodHRwczpcL1wvd3d3LmljZWFnZXR2LmNvbVwvcmFkaW9zaXRlXC93cC1jb250ZW50XC91cGxvYWRzXC8yMDI1XC8wNFwvRW4tU2F2b2llLWRlcy1jaHV0ZXMtZGUtbmVpZ2UuanBnIiwidHh0IjoiRW4gU2F2b2llLCBkZXMgY2h1dGVzIGRlIG5laWdlIFx1MDBhYlx1MDBhMGV4Y2VwdGlvbm5lbGxlc1x1MDBhMFx1MDBiYiBzXHUwMGU4bWVudCBsYSBwYWdhaWxsZSBlbiBwbGVpbiBtb2lzIGRcdTIwMTlhdnJpbCIsInRlbXBsYXRlIjoiaGlnaHdheSIsImJsb2dfaWQiOjExMTAxNjQ2MX0.TQ5deenI6foCHBD-ka7wudbUzm_hs44hMJ5CHRz-2XMMQ"},"version":2},"_wpas_customize_per_network":false},"categories":[14],"tags":[],"class_list":["post-34627","post","type-post","status-publish","format-standard","has-post-thumbnail","hentry","category-actu-meteo"],"jetpack_publicize_connections":[],"jetpack_featured_media_url":"https:\/\/i0.wp.com\/www.iceagetv.com\/radiosite\/wp-content\/uploads\/2025\/04\/En-Savoie-des-chutes-de-neige.jpg?fit=608%2C403&ssl=1","jetpack_sharing_enabled":true,"_links":{"self":[{"href":"https:\/\/www.iceagetv.com\/radiosite\/wp-json\/wp\/v2\/posts\/34627","targetHints":{"allow":["GET"]}}],"collection":[{"href":"https:\/\/www.iceagetv.com\/radiosite\/wp-json\/wp\/v2\/posts"}],"about":[{"href":"https:\/\/www.iceagetv.com\/radiosite\/wp-json\/wp\/v2\/types\/post"}],"author":[{"embeddable":true,"href":"https:\/\/www.iceagetv.com\/radiosite\/wp-json\/wp\/v2\/users\/2"}],"replies":[{"embeddable":true,"href":"https:\/\/www.iceagetv.com\/radiosite\/wp-json\/wp\/v2\/comments?post=34627"}],"version-history":[{"count":1,"href":"https:\/\/www.iceagetv.com\/radiosite\/wp-json\/wp\/v2\/posts\/34627\/revisions"}],"predecessor-version":[{"id":34629,"href":"https:\/\/www.iceagetv.com\/radiosite\/wp-json\/wp\/v2\/posts\/34627\/revisions\/34629"}],"wp:featuredmedia":[{"embeddable":true,"href":"https:\/\/www.iceagetv.com\/radiosite\/wp-json\/wp\/v2\/media\/34628"}],"wp:attachment":[{"href":"https:\/\/www.iceagetv.com\/radiosite\/wp-json\/wp\/v2\/media?parent=34627"}],"wp:term":[{"taxonomy":"category","embeddable":true,"href":"https:\/\/www.iceagetv.com\/radiosite\/wp-json\/wp\/v2\/categories?post=34627"},{"taxonomy":"post_tag","embeddable":true,"href":"https:\/\/www.iceagetv.com\/radiosite\/wp-json\/wp\/v2\/tags?post=34627"}],"curies":[{"name":"wp","href":"https:\/\/api.w.org\/{rel}","templated":true}]}}