{"id":34639,"date":"2025-04-17T20:21:43","date_gmt":"2025-04-17T18:21:43","guid":{"rendered":"https:\/\/www.iceagetv.com\/radiosite\/?p=34639"},"modified":"2025-04-17T20:21:47","modified_gmt":"2025-04-17T18:21:47","slug":"italie-au-moins-quatre-personnes-sont-mortes-apres-la-chute-dune-cabine-telepherique-menant-au-monte-faito-a-quelques-kilometres-au-sud-de-naples","status":"publish","type":"post","link":"https:\/\/www.iceagetv.com\/radiosite\/italie-au-moins-quatre-personnes-sont-mortes-apres-la-chute-dune-cabine-telepherique-menant-au-monte-faito-a-quelques-kilometres-au-sud-de-naples\/","title":{"rendered":"\u00a0Italie : Au moins quatre personnes sont mortes apr\u00e8s la chute d\u2019une cabine t\u00e9l\u00e9ph\u00e9rique menant au Monte Faito, \u00e0 quelques kilom\u00e8tres au sud de Naples"},"content":{"rendered":"\n<p class=\"\"><strong>&nbsp;Le c\u00e2ble d\u2019une cabine t\u00e9l\u00e9ph\u00e9rique menant au Monte Faito, \u00e0 quelques kilom\u00e8tres au sud de Naples, aurait rompu, provoquant sa chute. Au moins 4 personnes seraient mortes, une&nbsp; gri\u00e8vement bless\u00e9e et une autre port\u00e9e disparue.&nbsp;<\/strong><\/p>\n\n\n\n<p class=\"\">Selon Umberto de Gregorio, pr\u00e9sident de la soci\u00e9t\u00e9 gestionnaire du t\u00e9l\u00e9ph\u00e9rique, il y aurait 4 morts, un disparu et un bless\u00e9, le m\u00eame bilan que celui fourni par l\u2019agence Ansa.<\/p>\n\n\n\n<p class=\"\">En revanche, selon l\u2019agence AGI et les sites internet des principaux quotidiens italiens, quatre personnes ont \u00e9t\u00e9 retrouv\u00e9es mortes, tandis qu\u2019une cinqui\u00e8me est port\u00e9e disparue.<\/p>\n\n\n\n<p class=\"\">Le t\u00e9l\u00e9ph\u00e9rique relie la ville de Castellammare di Stabia, dans le golfe de Naples, au mont Faito sur une distance de pr\u00e8s de trois kilom\u00e8tres.&nbsp;L\u2019accident s\u2019est produit \u00e0 la suite de la rupture d\u2019un c\u00e2ble de ce t\u00e9l\u00e9ph\u00e9rique, alors qu\u2019une cabine avec 16 passagers \u00e0 bord \u00e9tait toute proche de la ville et du sol ferme, tandis qu\u2019une seconde cabine se trouvait au mont Faito au-dessus d\u2019un pr\u00e9cipice.<\/p>\n\n\n\n<p class=\"\">Les 16 passagers de la premi\u00e8re cabine ont tous \u00e9t\u00e9 rapidement secourus, mais le mauvais temps et le brouillard en altitude ont emp\u00each\u00e9 de secourir rapidement les passagers de la seconde cabine.\u00a0Ce t\u00e9l\u00e9ph\u00e9rique a \u00e9t\u00e9 inaugur\u00e9 en 1952 et jusqu\u2019\u00e0 pr\u00e9sent un accident a \u00e9t\u00e9 enregistr\u00e9, en 1960, lorsqu\u2019une cabine est tomb\u00e9e au sol provoquant la mort de quatre personnes.<strong>Selon les informations du Corriere della Serra, cette liaison t\u00e9l\u00e9ph\u00e9rique, qui permet de rejoindre le sommet du Monte Faito, venait de rouvrir il y\u2019a seulement sept jours, pour le d\u00e9but de la saison estivale et l\u2019arriv\u00e9e des premiers touristes.<\/strong><\/p>\n","protected":false},"excerpt":{"rendered":"<p>&nbsp;Le c\u00e2ble d\u2019une cabine t\u00e9l\u00e9ph\u00e9rique menant au Monte Faito, \u00e0 quelques kilom\u00e8tres au sud de Naples, aurait rompu, provoquant sa chute. Au moins 4 personnes seraient mortes, une&nbsp; gri\u00e8vement bless\u00e9e et une autre port\u00e9e disparue.&nbsp; Selon Umberto de Gregorio, pr\u00e9sident de la soci\u00e9t\u00e9 gestionnaire du t\u00e9l\u00e9ph\u00e9rique, il y aurait 4 morts, un disparu et un [&hellip;]<\/p>\n","protected":false},"author":2,"featured_media":34640,"comment_status":"open","ping_status":"open","sticky":false,"template":"","format":"standard","meta":{"_jetpack_memberships_contains_paid_content":false,"footnotes":"","jetpack_publicize_message":"","jetpack_publicize_feature_enabled":true,"jetpack_social_post_already_shared":true,"jetpack_social_options":{"image_generator_settings":{"template":"highway","enabled":true,"token":"eyJpbWciOiJodHRwczpcL1wvd3d3LmljZWFnZXR2LmNvbVwvcmFkaW9zaXRlXC93cC1jb250ZW50XC91cGxvYWRzXC8yMDI1XC8wNFwvN1NFTzZkYUsuanBnIiwidHh0IjoiXHUwMGEwSXRhbGllIDogQXUgbW9pbnMgcXVhdHJlIHBlcnNvbm5lcyBzb250IG1vcnRlcyBhcHJcdTAwZThzIGxhIGNodXRlIGRcdTIwMTl1bmUgY2FiaW5lIHRcdTAwZTlsXHUwMGU5cGhcdTAwZTlyaXF1ZSBtZW5hbnQgYXUgTW9udGUgRmFpdG8sIFx1MDBlMCBxdWVscXVlcyBraWxvbVx1MDBlOHRyZXMgYXUgc3VkIGRlIE5hcGxlcyIsInRlbXBsYXRlIjoiaGlnaHdheSIsImJsb2dfaWQiOjExMTAxNjQ2MX0.DlB9XuEIFEJsBMaBoSrP1AFjrbk4EghBeEwz1-NyTq0MQ"},"version":2},"_wpas_customize_per_network":false},"categories":[405],"tags":[],"class_list":["post-34639","post","type-post","status-publish","format-standard","has-post-thumbnail","hentry","category-actu-france-monde"],"jetpack_publicize_connections":[],"jetpack_featured_media_url":"https:\/\/i0.wp.com\/www.iceagetv.com\/radiosite\/wp-content\/uploads\/2025\/04\/7SEO6daK.jpg?fit=679%2C293&ssl=1","jetpack_sharing_enabled":true,"_links":{"self":[{"href":"https:\/\/www.iceagetv.com\/radiosite\/wp-json\/wp\/v2\/posts\/34639","targetHints":{"allow":["GET"]}}],"collection":[{"href":"https:\/\/www.iceagetv.com\/radiosite\/wp-json\/wp\/v2\/posts"}],"about":[{"href":"https:\/\/www.iceagetv.com\/radiosite\/wp-json\/wp\/v2\/types\/post"}],"author":[{"embeddable":true,"href":"https:\/\/www.iceagetv.com\/radiosite\/wp-json\/wp\/v2\/users\/2"}],"replies":[{"embeddable":true,"href":"https:\/\/www.iceagetv.com\/radiosite\/wp-json\/wp\/v2\/comments?post=34639"}],"version-history":[{"count":1,"href":"https:\/\/www.iceagetv.com\/radiosite\/wp-json\/wp\/v2\/posts\/34639\/revisions"}],"predecessor-version":[{"id":34641,"href":"https:\/\/www.iceagetv.com\/radiosite\/wp-json\/wp\/v2\/posts\/34639\/revisions\/34641"}],"wp:featuredmedia":[{"embeddable":true,"href":"https:\/\/www.iceagetv.com\/radiosite\/wp-json\/wp\/v2\/media\/34640"}],"wp:attachment":[{"href":"https:\/\/www.iceagetv.com\/radiosite\/wp-json\/wp\/v2\/media?parent=34639"}],"wp:term":[{"taxonomy":"category","embeddable":true,"href":"https:\/\/www.iceagetv.com\/radiosite\/wp-json\/wp\/v2\/categories?post=34639"},{"taxonomy":"post_tag","embeddable":true,"href":"https:\/\/www.iceagetv.com\/radiosite\/wp-json\/wp\/v2\/tags?post=34639"}],"curies":[{"name":"wp","href":"https:\/\/api.w.org\/{rel}","templated":true}]}}