{"id":34685,"date":"2025-04-18T17:08:56","date_gmt":"2025-04-18T15:08:56","guid":{"rendered":"https:\/\/www.iceagetv.com\/radiosite\/?p=34685"},"modified":"2025-04-18T17:08:59","modified_gmt":"2025-04-18T15:08:59","slug":"nouvelles-contaminations-dans-lusine-perrier-du-gard-la-senatrice-antoinette-guhl-denonce-un-scandale-detat","status":"publish","type":"post","link":"https:\/\/www.iceagetv.com\/radiosite\/nouvelles-contaminations-dans-lusine-perrier-du-gard-la-senatrice-antoinette-guhl-denonce-un-scandale-detat\/","title":{"rendered":"Nouvelles contaminations dans l\u2019usine Perrier du Gard\u00a0: la s\u00e9natrice Antoinette Guhl d\u00e9nonce un \u00ab\u00a0scandale d&rsquo;\u00c9tat\u00a0\u00bb"},"content":{"rendered":"\n<p class=\"\">Apr\u00e8s les r\u00e9v\u00e9lations de la cellule investigation de Radio France sur de nouveaux \u00e9pisodes de contaminations de l&rsquo;eau au sein de l&rsquo;usine Perrier, la s\u00e9natrice Antoinette Guhl estime qu&rsquo;il s&rsquo;agit d&rsquo;un \u00ab\u00a0scandale d&rsquo;\u00c9tat\u00a0\u00bb. Elle consid\u00e8re que Nestl\u00e9 a \u00e9t\u00e9 couvert par certains ministres.<\/p>\n\n\n\n<p class=\"\">\u00ab\u00a0<em>C&rsquo;est la goutte de trop<\/em>\u00ab\u00a0, pour la s\u00e9natrice \u00e9cologiste de Paris Antoinette Guhl. Membre de la commission d\u2019enqu\u00eate sur les eaux en bouteille et autrice d\u2019un rapport d\u2019information sur les eaux min\u00e9rales, elle \u00e9tait interrog\u00e9e par\u00a0<a href=\"https:\/\/www.francetvinfo.fr\/environnement\/pollution\/qualite-de-l-eau\/fraude-aux-eaux-minerales-de-l-usine-perrier-dans-le-gard-c-est-la-goutte-de-trop-reagit-la-senatrice-antoinette-guhl_7196958.html\" target=\"_blank\" rel=\"noreferrer noopener\">franceinfo<\/a>\u00a0ce vendredi, apr\u00e8s les r\u00e9v\u00e9lations de la cellule investigation de Radio France sur de\u00a0<a href=\"https:\/\/www.francebleu.fr\/nouvelles-contaminations-dans-l-usine-perrier-du-gard-la-marque-risque-de-perdre-son-label-eau-minerale-naturelle-5746200\" target=\"_blank\" rel=\"noreferrer noopener\">nouveaux \u00e9pisodes de contamination de l&rsquo;eau<\/a>\u00a0au sein de l&rsquo;usine\u00a0Perrier\u00a0de Verg\u00e8ze (Gard).Ce qui agace particuli\u00e8rement la s\u00e9natrice \u00e9cologiste de Paris c&rsquo;est la mani\u00e8re dont Nestl\u00e9, qui d\u00e9tient la marque&nbsp;Perrier, a agi ces derniers mois pendant les auditions notamment de la commission d&rsquo;enqu\u00eate&nbsp;: \u00ab\u00a0<em>Je me souviens d&rsquo;avoir moi-m\u00eame interrog\u00e9, au mois de mars, la dirigeante de Nestl\u00e9 et lui avoir demand\u00e9 si les eaux \u00e9taient pollu\u00e9es et elle m&rsquo;a r\u00e9pondu, sous serment, que les eaux \u00e9taient pures. Et ces r\u00e9v\u00e9lations aujourd&rsquo;hui prouvent que les eaux \u00e9taient bel et bien pollu\u00e9es et le sont toujours (&#8230;) C&rsquo;est clair qu&rsquo;il y a eu parjure \u00e0 ce moment-l\u00e0<\/em>.\u00a0\u00bb Et d&rsquo;ajouter&nbsp;: \u00ab\u00a0<em>Nestl\u00e9 a eu une attitude opaque qui consistait \u00e0 r\u00e9p\u00e9ter des \u00e9l\u00e9ments de langage que leurs avocats leur avaient donn\u00e9s.<\/em>\u00ab\u00a0<\/p>\n\n\n\n<h2 class=\"wp-block-heading\">\u00ab\u00a0Scandale sanitaire et scandale d&rsquo;\u00c9tat\u00a0\u00bb<\/h2>\n\n\n\n<p class=\"\">Et si Nestl\u00e9 a pu mentir de la sorte, selon Antoinette Guhl c&rsquo;est parce que l&rsquo;entreprise a pu b\u00e9n\u00e9ficier de l&rsquo;aide de personnes haut plac\u00e9es&nbsp;: \u00ab\u00a0<em>Les mensonges \u00e9taient couverts par un certain nombre de ministres et de personnalit\u00e9s au plus haut niveau de l&rsquo;\u00e9tat (&#8230;) C&rsquo;est un scandale d&rsquo;\u00c9tat. Je pense qu&rsquo;il y a la fois un scandale sanitaire et un scandale d&rsquo;\u00c9tat<\/em>.\u00a0\u00bb<\/p>\n\n\n\n<p class=\"\">Les r\u00e9v\u00e9lations de ces derniers mois, quant aux qualit\u00e9s des eaux de l&rsquo;usine\u00a0Perrier, doivent amener une r\u00e9flexion plus large selon l&rsquo;\u00e9lue\u00a0: \u00ab\u00a0<em>Les pollutions que nous cr\u00e9ons en surface se retrouvent \u00e0 un moment ou \u00e0 un autre au niveau de nos nappes phr\u00e9atiques (&#8230;) Nous avons imp\u00e9rativement besoin d&rsquo;\u00e9cologie et d&rsquo;une agriculture qui soit propre pour pouvoir garantir la qualit\u00e9 de nos eaux. C&rsquo;est aussi un travail \u00e0 plus grande \u00e9chelle que nous devons accomplir parce que la qualit\u00e9 de l&rsquo;eau est sans doute le d\u00e9fi du si\u00e8cle \u00e0 venir.<\/em>\u00ab\u00a0Quel avenir pour l&rsquo;usine Perrier dans le Gard&nbsp;?<\/p>\n\n\n\n<p class=\"\">Reste maintenant \u00e0 savoir ce que cette usine va devenir, la pr\u00e9fecture du Gard doit se prononcer ces prochains jours alors que l&rsquo;ARS Occitanie \u00ab\u00a0<em>pr\u00e9conise de ne plus autoriser la production d&rsquo;eau min\u00e9rale \u00e0 Verg\u00e8ze<\/em>\u00a0\u00bb comme l&rsquo;a r\u00e9v\u00e9l\u00e9 la cellule d&rsquo;investigation de Radio France. \u00ab\u00a0<em>Je ne souhaite pas que ce site ferme, ce que je souhaite c&rsquo;est que de l&rsquo;eau min\u00e9rale soit produite, si elle peut \u00eatre produite.( &#8230;)&nbsp;Perrier&nbsp;a d\u00e9j\u00e0 invent\u00e9 une nouvelle marque qui s&rsquo;appelle Maison&nbsp;Perrier&nbsp;et qui n&rsquo;est pas de l&rsquo;eau min\u00e9rale naturelle (&#8230;) C&rsquo;est peut-\u00eatre \u00e7a l&rsquo;avenir de la marque, je ne sais pas.<\/em>\u00ab\u00a0<\/p>\n\n\n\n<p class=\"\">Les s\u00e9nateurs et s\u00e9natrices doivent encore r\u00e9aliser quelques rendez-vous fin avril selon la s\u00e9natrice parisienne. Elle ajoute que le rapport de la commission d&rsquo;enqu\u00eate sur les eaux en bouteille doit \u00eatre rendu courant mai.<\/p>\n","protected":false},"excerpt":{"rendered":"<p>Apr\u00e8s les r\u00e9v\u00e9lations de la cellule investigation de Radio France sur de nouveaux \u00e9pisodes de contaminations de l&rsquo;eau au sein de l&rsquo;usine Perrier, la s\u00e9natrice Antoinette Guhl estime qu&rsquo;il s&rsquo;agit d&rsquo;un \u00ab\u00a0scandale d&rsquo;\u00c9tat\u00a0\u00bb. Elle consid\u00e8re que Nestl\u00e9 a \u00e9t\u00e9 couvert par certains ministres. \u00ab\u00a0C&rsquo;est la goutte de trop\u00ab\u00a0, pour la s\u00e9natrice \u00e9cologiste de Paris Antoinette [&hellip;]<\/p>\n","protected":false},"author":2,"featured_media":34686,"comment_status":"open","ping_status":"open","sticky":false,"template":"","format":"standard","meta":{"_jetpack_memberships_contains_paid_content":false,"footnotes":"","jetpack_publicize_message":"","jetpack_publicize_feature_enabled":true,"jetpack_social_post_already_shared":true,"jetpack_social_options":{"image_generator_settings":{"template":"highway","enabled":true,"token":"eyJpbWciOiJodHRwczpcL1wvd3d3LmljZWFnZXR2LmNvbVwvcmFkaW9zaXRlXC93cC1jb250ZW50XC91cGxvYWRzXC8yMDI1XC8wNFwvTm91dmVsbGVzLWNvbnRhbWluYXRpb25zLWRhbnMtbHVzaW5lLVBlcnJpZXItZHUtR2FyZC5qcGciLCJ0eHQiOiJOb3V2ZWxsZXMgY29udGFtaW5hdGlvbnMgZGFucyBsXHUyMDE5dXNpbmUgUGVycmllciBkdSBHYXJkXHUwMGEwOiBsYSBzXHUwMGU5bmF0cmljZSBBbnRvaW5ldHRlIEd1aGwgZFx1MDBlOW5vbmNlIHVuICYjODIyMDtzY2FuZGFsZSBkJiM4MjE3O1x1MDBjOXRhdCYjODIyMTsiLCJ0ZW1wbGF0ZSI6ImhpZ2h3YXkiLCJibG9nX2lkIjoxMTEwMTY0NjF9.9_C71R6NhEfgFYfhXi5Dn7iqGMY_3RqYOLiPeY04N8wMQ"},"version":2},"_wpas_customize_per_network":false},"categories":[405],"tags":[],"class_list":["post-34685","post","type-post","status-publish","format-standard","has-post-thumbnail","hentry","category-actu-france-monde"],"jetpack_publicize_connections":[],"jetpack_featured_media_url":"https:\/\/i0.wp.com\/www.iceagetv.com\/radiosite\/wp-content\/uploads\/2025\/04\/Nouvelles-contaminations-dans-lusine-Perrier-du-Gard.jpg?fit=630%2C324&ssl=1","jetpack_sharing_enabled":true,"_links":{"self":[{"href":"https:\/\/www.iceagetv.com\/radiosite\/wp-json\/wp\/v2\/posts\/34685","targetHints":{"allow":["GET"]}}],"collection":[{"href":"https:\/\/www.iceagetv.com\/radiosite\/wp-json\/wp\/v2\/posts"}],"about":[{"href":"https:\/\/www.iceagetv.com\/radiosite\/wp-json\/wp\/v2\/types\/post"}],"author":[{"embeddable":true,"href":"https:\/\/www.iceagetv.com\/radiosite\/wp-json\/wp\/v2\/users\/2"}],"replies":[{"embeddable":true,"href":"https:\/\/www.iceagetv.com\/radiosite\/wp-json\/wp\/v2\/comments?post=34685"}],"version-history":[{"count":1,"href":"https:\/\/www.iceagetv.com\/radiosite\/wp-json\/wp\/v2\/posts\/34685\/revisions"}],"predecessor-version":[{"id":34687,"href":"https:\/\/www.iceagetv.com\/radiosite\/wp-json\/wp\/v2\/posts\/34685\/revisions\/34687"}],"wp:featuredmedia":[{"embeddable":true,"href":"https:\/\/www.iceagetv.com\/radiosite\/wp-json\/wp\/v2\/media\/34686"}],"wp:attachment":[{"href":"https:\/\/www.iceagetv.com\/radiosite\/wp-json\/wp\/v2\/media?parent=34685"}],"wp:term":[{"taxonomy":"category","embeddable":true,"href":"https:\/\/www.iceagetv.com\/radiosite\/wp-json\/wp\/v2\/categories?post=34685"},{"taxonomy":"post_tag","embeddable":true,"href":"https:\/\/www.iceagetv.com\/radiosite\/wp-json\/wp\/v2\/tags?post=34685"}],"curies":[{"name":"wp","href":"https:\/\/api.w.org\/{rel}","templated":true}]}}