{"id":34723,"date":"2025-04-21T10:05:32","date_gmt":"2025-04-21T08:05:32","guid":{"rendered":"https:\/\/www.iceagetv.com\/radiosite\/?p=34723"},"modified":"2025-04-21T10:05:37","modified_gmt":"2025-04-21T08:05:37","slug":"le-pape-francois-est-mort-a-lage-de-88-ans","status":"publish","type":"post","link":"https:\/\/www.iceagetv.com\/radiosite\/le-pape-francois-est-mort-a-lage-de-88-ans\/","title":{"rendered":"Le pape Fran\u00e7ois est mort \u00e0 l&rsquo;\u00e2ge de 88 ans"},"content":{"rendered":"\n<p class=\"\">\u00c9lu pape en 2013 apr\u00e8s la renonciation de Beno\u00eet XVI, le pape Fran\u00e7ois est mort, annonce le Vatican ce lundi 21 avril. Il avait 88 ans.<\/p>\n\n\n\n<p class=\"\">Devenu pape dans des circonstances exceptionnelles, il \u00e9tait le souverain pontife de l&rsquo;in\u00e9dit. Premier latino-am\u00e9ricain et premier j\u00e9suite \u00e0 occuper le Saint-Si\u00e8ge, le pape Fran\u00e7ois est mort \u00e0 l&rsquo;\u00e2ge de 88 ans, annonce le Vatican ce lundi 21 avril.<\/p>\n\n\n\n<p class=\"\">\u00c9lu pape en 2013 alors qu&rsquo;il avait d\u00e9j\u00e0 76 ans, Fran\u00e7ois lui-m\u00eame ne pensait pas \u00eatre le visage de l&rsquo;\u00c9glise catholique pendant une si longue p\u00e9riode de temps. \u00ab\u00a0Deux ou trois ans. Et puis, \u00e0 la Maison du P\u00e8re!\u00a0\u00bb, avait-il m\u00eame lanc\u00e9 d\u00e8s 2014 sur le ton de la boutade face aux journalistes.Les derni\u00e8res ann\u00e9es du Saint-P\u00e8re argentin, qui avait dans sa jeunesse subi une ablation partielle d&rsquo;un de ses poumons, ont \u00e9t\u00e9 marqu\u00e9es par une s\u00e9rie de probl\u00e8mes de sant\u00e9. Se d\u00e9pla\u00e7ant en fauteuil roulant depuis 2022 du fait de douleurs au genou, s&rsquo;aidant d&rsquo;une canne lorsqu&rsquo;il se tenait debout et muni d&rsquo;un appareil auditif, le pape Fran\u00e7ois avait d\u00fb \u00eatre hospitalis\u00e9 \u00e0 de nombreuses reprises. Par exemple pour une op\u00e9ration du c\u00f4lon en juillet 2021, apr\u00e8s une op\u00e9ration d&rsquo;une hernie abdominale en juin 2023 et plus r\u00e9cemment pour une bronchite en f\u00e9vrier 2025.<\/p>\n\n\n\n<p class=\"\">Ces hospitalisations \u00e0 r\u00e9p\u00e9tition ne l&#8217;emp\u00eachaient pas de continuer \u00e0 parcourir la plan\u00e8te pour aller \u00e0 la rencontre de chefs d&rsquo;\u00c9tat et des catholiques du monde entier. En septembre dernier, il s&rsquo;\u00e9tait ainsi lanc\u00e9 dans un p\u00e9riple de douze jours en Asie du Sud-Est et en Oc\u00e9anie, le plus long voyage depuis le d\u00e9but de son pontificat.<\/p>\n\n\n\n<h2 class=\"wp-block-heading\" id=\"9njr1\">Le pape \u00ab\u00a0du bout du monde\u00a0\u00bb<\/h2>\n\n\n\n<p class=\"\">Son histoire a d\u00e9but\u00e9 \u00e0 l&rsquo;autre bout du globe. De son vrai nom Jorge Mario Bergoglio, Fran\u00e7ois voit le jour en 1936 \u00e0 Buenos Aires, en Argentine, dans un milieu modeste. Son p\u00e8re, immigr\u00e9 italien originaire du Pi\u00e9mont, est employ\u00e9 dans les chemins de fer et sa m\u00e8re est femme au foyer. Toute sa vie, par ses engagements et son train de vie d&rsquo;asc\u00e8te, le \u00ab\u00a0pape des pauvres\u00a0\u00bb restera fid\u00e8le \u00e0 ces humbles racines. Jusqu&rsquo;\u00e0 \u00eatre le premier \u00e0 prendre le nom de Fran\u00e7ois en hommage \u00e0 saint Fran\u00e7ois d&rsquo;Assise, fondateur de l&rsquo;ordre des franciscains mettant au c\u0153ur de leur existence pauvret\u00e9 et simplicit\u00e9.Titulaire d&rsquo;un dipl\u00f4me de technicien chimiste, Jorge Bergoglio rejoint la Compagnie de J\u00e9sus \u00e0 l&rsquo;\u00e2ge de 21 ans et est ordonn\u00e9 pr\u00eatre en 1969. Nomm\u00e9 \u00e9v\u00eaque auxiliaire par Jean-Paul II en 1992, il devient ensuite archev\u00eaque de Buenos Aires en 1998 puis cardinal et primat d&rsquo;Argentine quatre ann\u00e9es plus tard. Aurait-il pu devenir pape d\u00e8s 2005, lorsque la fum\u00e9e blanche s&rsquo;\u00e9l\u00e8ve au-dessus du Vatican pour annoncer l&rsquo;\u00e9lection de Beno\u00eet XVI? Quelques mois apr\u00e8s le conclave, un cardinal, sous couvert d&rsquo;anonymat, expliquera que le quatri\u00e8me et dernier tour de scrutin avait \u00e9t\u00e9 un duel entre Joseph Ratzinger et Jorge Bergoglio\u2026<\/p>\n\n\n\n<p class=\"\">C&rsquo;est pourtant indirectement gr\u00e2ce \u00e0 Beno\u00eet XVI que l&rsquo;Argentin acc\u00e8de \u00e0 la papaut\u00e9. Le 11 f\u00e9vrier 2013, le souverain pontife allemand sid\u00e8re le monde entier en annon\u00e7ant renoncer \u00e0 ses fonctions, une premi\u00e8re depuis le Moyen-\u00c2ge. Cinq tours de scrutin aboutissent \u00e0 l&rsquo;\u00e9lection de l&rsquo;Argentin. \u00ab\u00a0Les cardinaux sont all\u00e9s me chercher au bout du monde\u00a0\u00bb, r\u00e9agit en plaisantant le 266e pape de l&rsquo;histoire.<\/p>\n\n\n\n<h2 class=\"wp-block-heading\" id=\"1042q\">Un pape de l&rsquo;environnement<\/h2>\n\n\n\n<p class=\"\">Durant son pontificat, le Saint-P\u00e8re navigue entre tentatives de concilier l&rsquo;\u00c9glise avec les enjeux de notre temps et prises de positions plus conservatrices. La d\u00e9fense de la cause des migrants est une constante d&rsquo;un pape fustigeant tour \u00e0 tour \u00ab\u00a0l&rsquo;\u00e9go\u00efsme\u00a0\u00bb, \u00ab\u00a0l&rsquo;insensibilit\u00e9\u00a0\u00bb et \u00ab\u00a0l&rsquo;indiff\u00e9rence\u00a0\u00bb des pays riches.<\/p>\n\n\n\n<p class=\"\">Un engagement qu&rsquo;il porte \u00e9galement par des gestes. Il effectue l&rsquo;un de ses premiers d\u00e9placements en juillet 2013 sur l&rsquo;\u00eele de Lampedusa, porte d&rsquo;entr\u00e9e des migrants venus d&rsquo;Afrique pour gagner l&rsquo;Europe. En f\u00e9vrier dernier, dans une lettre adress\u00e9e aux \u00e9v\u00eaques am\u00e9ricains, il&nbsp;<a href=\"https:\/\/www.bfmtv.com\/international\/amerique-nord\/etats-unis\/donald-trump\/une-atteinte-a-leur-dignite-le-pape-denonce-les-expulsions-massives-de-migrants-voulues-par-trump_AN-202502110560.html\">d\u00e9nonce encore avec virulence la politique de \u00ab\u00a0d\u00e9portations massives\u00a0\u00bb<\/a>&nbsp;d\u00e9fendue par le pr\u00e9sident Donald Trump.<\/p>\n\n\n\n<p class=\"\">Le pape Fran\u00e7ois marque \u00e9galement profond\u00e9ment les esprits avec&nbsp;<a href=\"https:\/\/www.bfmtv.com\/environnement\/encyclique-sur-l-environnement-le-pape-appelle-les-pays-riches-a-aider-les-plus-pauvres_AV-201506180099.html\">son encyclique \u00ab\u00a0Laudato si\u00a0\u00bb<\/a>, texte au ton offensif d&rsquo;environ 200 pages. Il y qualifie le r\u00e9chauffement climatique \u00ab\u00a0d&rsquo;un des principaux d\u00e9fis actuels de l&rsquo;humanit\u00e9\u00a0\u00bb, celle-ci \u00e9tant somm\u00e9e de \u00ab\u00a0prendre conscience de la n\u00e9cessit\u00e9 de r\u00e9aliser des changements de style de vie, de production et de consommation\u00a0\u00bb.<\/p>\n\n\n\n<h2 class=\"wp-block-heading\" id=\"ccv8g\">Des positions conservatrices<\/h2>\n\n\n\n<p class=\"\">Fran\u00e7ois s&rsquo;inscrit en revanche dans une ligne plus traditionnelle de l&rsquo;\u00c9glise lorsqu&rsquo;il s&rsquo;agit de se positionner sur des sujets de soci\u00e9t\u00e9 tels que l&rsquo;homosexualit\u00e9 ou le mariage des pr\u00eatres. En 2023, tout en affirmant que criminaliser l&rsquo;homosexualit\u00e9 est un \u00ab\u00a0tort\u00a0\u00bb, il insiste sur le fait qu&rsquo;il s&rsquo;agit d&rsquo;un \u00ab\u00a0p\u00e9ch\u00e9\u00a0\u00bb. La m\u00eame ann\u00e9e,&nbsp;<a href=\"https:\/\/www.bfmtv.com\/societe\/religions\/celibat-des-pretres-qu-a-dit-le-pape-sur-un-changement-de-regles_AN-202303170798.html\">sur la question du c\u00e9libat des pr\u00eatres<\/a>, il souffle aussi le chaud et le froid en d\u00e9clarant \u00ab\u00a0ne pas \u00eatre pr\u00eat\u00a0\u00bb \u00e0 revoir cette obligation. Puis d&rsquo;ajouter: \u00ab\u00a0Nous verrons que le moment viendra o\u00f9 un pape, peut-\u00eatre, le reverra.\u00a0\u00bb<\/p>\n\n\n\n<p class=\"\">Face aux multiples scandales d&rsquo;abus sexuels commis par des pr\u00eatres, Fran\u00e7ois se montre clair. Il ne cesse de dire sa \u00ab\u00a0honte\u00a0\u00bb et de demander pardon aux victimes. Des mots accompagn\u00e9s de mesures comme la lev\u00e9e du secret pontifical sur les violences sexuelles ou l&rsquo;obligation pour les religieux et les la\u00efcs de signaler tout cas \u00e0 leur hi\u00e9rarchie d\u00e9cid\u00e9e en 2019.<\/p>\n\n\n\n<p class=\"\">Le pape Fran\u00e7ois se heurte \u00e0 des difficult\u00e9s d&rsquo;un autre ordre avec sa r\u00e9forme de la bureaucratie du Vatican, et plus pr\u00e9cis\u00e9ment l&rsquo;instauration de nouvelles r\u00e8gles dans le domaine financier. C&rsquo;est celle-ci qui a suscit\u00e9 d&rsquo;apr\u00e8s lui \u00ab\u00a0la plus grande r\u00e9sistance au changement\u00a0\u00bb, confie-t-il dans&nbsp;<a href=\"https:\/\/www.bfmtv.com\/societe\/religions\/je-suis-un-pecheur-le-pape-francois-revient-sur-certains-de-ses-regrets-dans-un-nouveau-livre_AD-202501140963.html\">\u00ab\u00a0Esp\u00e8re\u00a0\u00bb, son livre sorti au mois de janvier.<\/a><\/p>\n\n\n\n<h2 class=\"wp-block-heading\" id=\"5t867\">Un amoureux de football et de litt\u00e9rature<\/h2>\n\n\n\n<p class=\"\">Avec cet ouvrage, le pape Fran\u00e7ois aborde des sujets plus l\u00e9gers. Sa passion pour le football et pour le club de San Lorenzo n&rsquo;est pas un secret. Un enthousiasme qu&rsquo;il ne peut satisfaire en regardant les matchs, puisqu&rsquo;il fait v\u0153u d\u00e8s 1990 de ne plus regarder la t\u00e9l\u00e9vision apr\u00e8s avoir \u00e9t\u00e9 expos\u00e9 \u00e0 des \u00ab\u00a0images sordides\u00a0\u00bb.<\/p>\n\n\n\n<p class=\"\">Plus que l&rsquo;image, le pape est un homme de mots. Un temps enseignant de litt\u00e9rature dans les ann\u00e9es 1960, il cr\u00e9e la surprise \u00e0 l&rsquo;\u00e9t\u00e9 2024 en publiant une lettre apostolique pour partager son amour de la litt\u00e9rature, des \u0153uvres de Marcel Proust ou de Jorge Luis Borges. Cet art, Fran\u00e7ois l&rsquo;envisage comme le plus riche en r\u00e9compenses, le plus \u00e0 m\u00eame d&rsquo;aider l&rsquo;\u00eatre humain \u00ab\u00a0\u00e0 affronter la temp\u00eate\u00a0\u00bb, et il regrettait qu&rsquo;elle ne soit pas plus enseign\u00e9e dans les s\u00e9minaires. Le \u00ab\u00a0pape des pauvres\u00a0\u00bb ne voulait pas \u00eatre aussi celui des pauvres d&rsquo;esprit.<\/p>\n","protected":false},"excerpt":{"rendered":"<p>\u00c9lu pape en 2013 apr\u00e8s la renonciation de Beno\u00eet XVI, le pape Fran\u00e7ois est mort, annonce le Vatican ce lundi 21 avril. Il avait 88 ans. Devenu pape dans des circonstances exceptionnelles, il \u00e9tait le souverain pontife de l&rsquo;in\u00e9dit. Premier latino-am\u00e9ricain et premier j\u00e9suite \u00e0 occuper le Saint-Si\u00e8ge, le pape Fran\u00e7ois est mort \u00e0 l&rsquo;\u00e2ge [&hellip;]<\/p>\n","protected":false},"author":2,"featured_media":34725,"comment_status":"open","ping_status":"open","sticky":false,"template":"","format":"standard","meta":{"_jetpack_memberships_contains_paid_content":false,"footnotes":"","jetpack_publicize_message":"","jetpack_publicize_feature_enabled":true,"jetpack_social_post_already_shared":true,"jetpack_social_options":{"image_generator_settings":{"template":"highway","enabled":true,"token":"eyJpbWciOiJodHRwczpcL1wvd3d3LmljZWFnZXR2LmNvbVwvcmFkaW9zaXRlXC93cC1jb250ZW50XC91cGxvYWRzXC8yMDI1XC8wNFwvTGUtcGFwZS1GcmFuY29pcy1lc3QtbW9ydC1hLWxhZ2UtZGUtODgtYW5zLmpwZyIsInR4dCI6IkxlIHBhcGUgRnJhblx1MDBlN29pcyBlc3QgbW9ydCBcdTAwZTAgbCYjODIxNztcdTAwZTJnZSBkZSA4OCBhbnMiLCJ0ZW1wbGF0ZSI6ImhpZ2h3YXkiLCJibG9nX2lkIjoxMTEwMTY0NjF9.GiXYMnXE54qzdWlzp_M4U3XpmpCbFz0cPRoJvxE70u8MQ"},"version":2},"_wpas_customize_per_network":false},"categories":[405],"tags":[],"class_list":["post-34723","post","type-post","status-publish","format-standard","has-post-thumbnail","hentry","category-actu-france-monde"],"jetpack_publicize_connections":[],"jetpack_featured_media_url":"https:\/\/i0.wp.com\/www.iceagetv.com\/radiosite\/wp-content\/uploads\/2025\/04\/Le-pape-Francois-est-mort-a-lage-de-88-ans.jpg?fit=676%2C411&ssl=1","jetpack_sharing_enabled":true,"_links":{"self":[{"href":"https:\/\/www.iceagetv.com\/radiosite\/wp-json\/wp\/v2\/posts\/34723","targetHints":{"allow":["GET"]}}],"collection":[{"href":"https:\/\/www.iceagetv.com\/radiosite\/wp-json\/wp\/v2\/posts"}],"about":[{"href":"https:\/\/www.iceagetv.com\/radiosite\/wp-json\/wp\/v2\/types\/post"}],"author":[{"embeddable":true,"href":"https:\/\/www.iceagetv.com\/radiosite\/wp-json\/wp\/v2\/users\/2"}],"replies":[{"embeddable":true,"href":"https:\/\/www.iceagetv.com\/radiosite\/wp-json\/wp\/v2\/comments?post=34723"}],"version-history":[{"count":1,"href":"https:\/\/www.iceagetv.com\/radiosite\/wp-json\/wp\/v2\/posts\/34723\/revisions"}],"predecessor-version":[{"id":34726,"href":"https:\/\/www.iceagetv.com\/radiosite\/wp-json\/wp\/v2\/posts\/34723\/revisions\/34726"}],"wp:featuredmedia":[{"embeddable":true,"href":"https:\/\/www.iceagetv.com\/radiosite\/wp-json\/wp\/v2\/media\/34725"}],"wp:attachment":[{"href":"https:\/\/www.iceagetv.com\/radiosite\/wp-json\/wp\/v2\/media?parent=34723"}],"wp:term":[{"taxonomy":"category","embeddable":true,"href":"https:\/\/www.iceagetv.com\/radiosite\/wp-json\/wp\/v2\/categories?post=34723"},{"taxonomy":"post_tag","embeddable":true,"href":"https:\/\/www.iceagetv.com\/radiosite\/wp-json\/wp\/v2\/tags?post=34723"}],"curies":[{"name":"wp","href":"https:\/\/api.w.org\/{rel}","templated":true}]}}