{"id":34727,"date":"2025-04-21T10:45:30","date_gmt":"2025-04-21T08:45:30","guid":{"rendered":"https:\/\/www.iceagetv.com\/radiosite\/?p=34727"},"modified":"2025-04-21T10:45:34","modified_gmt":"2025-04-21T08:45:34","slug":"mort-du-pape-francois-strasbourg-marseille-corse-retour-sur-les-voyages-du-souverain-pontife-en-france","status":"publish","type":"post","link":"https:\/\/www.iceagetv.com\/radiosite\/mort-du-pape-francois-strasbourg-marseille-corse-retour-sur-les-voyages-du-souverain-pontife-en-france\/","title":{"rendered":"Mort du pape Fran\u00e7ois : Strasbourg, Marseille, Corse\u2026 retour sur les voyages du souverain pontife en France"},"content":{"rendered":"\n<p class=\"\">Durant son pontificat, le Pape Fran\u00e7ois, d\u00e9c\u00e9d\u00e9 ce lundi 21 avril \u00e0 l\u2019\u00e2ge de 88 ans, est venu \u00e0 trois reprises dans notre pays. \u00c0 Marseille en septembre 2023, mais aussi en Corse en d\u00e9cembre 2024, il avait n\u00e9anmoins d\u00e9clin\u00e9 l\u2019invitation d\u2019Emmanuel Macron pour l\u2019inauguration de Notre-Dame de Paris, une semaine avant son d\u00e9placement sur l\u2019\u00eele de beaut\u00e9.<\/p>\n\n\n\n<p class=\"\">Une visite au Conseil de l\u2019Europe et au Parlement, sans c\u00e9l\u00e9bration, ni d\u00e9tour par la Cath\u00e9drale. Ce 25 novembre 2014, \u00e0 Strasbourg,\u00a0<a href=\"https:\/\/www.europe1.fr\/societe\/le-pape-francois-est-mort-ce-lundi-annonce-le-vatican-687325\" target=\"_blank\" rel=\"noreferrer noopener\">le Pape Fran\u00e7ois<\/a>, d\u00e9c\u00e9d\u00e9 ce lundi 21 avril \u00e0 l\u2019\u00e2ge de 88 ans apr\u00e8s 12 ann\u00e9es de pontificat, d\u00e9livre un message politique. \u00ab\u00a0Chers Eurod\u00e9put\u00e9s, l\u2019heure est venue de construire ensemble l\u2019Europe qui tourne, non pas autour de l\u2019\u00e9conomie, mais de la sacralit\u00e9 de la personne humaine, des valeurs inali\u00e9nables\u00a0\u00bb.Messe au V\u00e9lodrome, ferveur des Corses<\/p>\n\n\n\n<p class=\"\">Durant\u00a0<a href=\"https:\/\/www.europe1.fr\/politique\/visite-du-pape-pourquoi-le-souverain-pontife-a-t-il-choisi-de-venir-a-marseille-4204927\" target=\"_blank\" rel=\"noreferrer noopener\">deux jours de Notre-Dame de la Garde au V\u00e9lodrome<\/a>, une foule immense se presse sur son parcours. 60 000 fid\u00e8les assistent \u00e0 une messe g\u00e9ante dans l\u2019enceinte phoc\u00e9enne o\u00f9 un immense tifo \u00e0 son effigie est d\u00e9ploy\u00e9 par les supporters de l\u2019Olympique de Marseille. \u00ab\u00a0On est tr\u00e8s heureux de venir accueillir le pape, parce que c\u2019est un honneur qu\u2019il nous fait pour la ville\u00a0\u00bb, t\u00e9moignait un fid\u00e8le au micro d\u2019Europe 1.\u00a0Le 15 d\u00e9cembre dernier, \u00e0 Ajaccio, par un beau dimanche ensoleill\u00e9 sur l\u2019\u00eele de beaut\u00e9, Fran\u00e7ois d\u00e9couvre&nbsp;<a href=\"https:\/\/www.europe1.fr\/societe\/de-lemotion-et-de-la-communion-le-pape-francois-celebre-par-les-fideles-lors-de-sa-visite-historique-en-corse-235441\" target=\"_blank\" rel=\"noreferrer noopener\">la ferveur des Corses<\/a>. \u00ab\u00a0On sent qu\u2019il est tr\u00e8s heureux d\u2019\u00eatre ici parmi nous. Rencontrer les gens, prendre le temps de discuter, prendre les enfants\u00a0\u00bb, soulignait un autre fid\u00e8le.&nbsp;<\/p>\n\n\n\n<p class=\"\">Autour d\u2019un autel blanc en forme de bateau, le pape Fran\u00e7ois c\u00e9l\u00e8bre la messe et d\u00e9clare : \u00ab\u00a0La paix soit avec vous. Je n\u2019ai jamais vu autant d\u2019enfants qu\u2019ici ! C\u2019est une gr\u00e2ce de Dieu\u00a0\u00bb.&nbsp;<\/p>\n","protected":false},"excerpt":{"rendered":"<p>Durant son pontificat, le Pape Fran\u00e7ois, d\u00e9c\u00e9d\u00e9 ce lundi 21 avril \u00e0 l\u2019\u00e2ge de 88 ans, est venu \u00e0 trois reprises dans notre pays. \u00c0 Marseille en septembre 2023, mais aussi en Corse en d\u00e9cembre 2024, il avait n\u00e9anmoins d\u00e9clin\u00e9 l\u2019invitation d\u2019Emmanuel Macron pour l\u2019inauguration de Notre-Dame de Paris, une semaine avant son d\u00e9placement sur [&hellip;]<\/p>\n","protected":false},"author":2,"featured_media":34730,"comment_status":"open","ping_status":"open","sticky":false,"template":"","format":"standard","meta":{"_jetpack_memberships_contains_paid_content":false,"footnotes":"","jetpack_publicize_message":"","jetpack_publicize_feature_enabled":true,"jetpack_social_post_already_shared":true,"jetpack_social_options":{"image_generator_settings":{"template":"highway","enabled":true,"token":"eyJpbWciOiJodHRwczpcL1wvd3d3LmljZWFnZXR2LmNvbVwvcmFkaW9zaXRlXC93cC1jb250ZW50XC91cGxvYWRzXC8yMDI1XC8wNFwvNS53ZWJwIiwidHh0IjoiTW9ydCBkdSBwYXBlIEZyYW5cdTAwZTdvaXMgOiBTdHJhc2JvdXJnLCBNYXJzZWlsbGUsIENvcnNlXHUyMDI2IHJldG91ciBzdXIgbGVzIHZveWFnZXMgZHUgc291dmVyYWluIHBvbnRpZmUgZW4gRnJhbmNlIiwidGVtcGxhdGUiOiJoaWdod2F5IiwiYmxvZ19pZCI6MTExMDE2NDYxfQ.MIjT2cwkjSrdADXHa6DpFBcHZsPryEFTjsucLtWI6WEMQ"},"version":2},"_wpas_customize_per_network":false},"categories":[405],"tags":[],"class_list":["post-34727","post","type-post","status-publish","format-standard","has-post-thumbnail","hentry","category-actu-france-monde"],"jetpack_publicize_connections":[],"jetpack_featured_media_url":"https:\/\/i0.wp.com\/www.iceagetv.com\/radiosite\/wp-content\/uploads\/2025\/04\/5.webp?fit=948%2C632&ssl=1","jetpack_sharing_enabled":true,"_links":{"self":[{"href":"https:\/\/www.iceagetv.com\/radiosite\/wp-json\/wp\/v2\/posts\/34727","targetHints":{"allow":["GET"]}}],"collection":[{"href":"https:\/\/www.iceagetv.com\/radiosite\/wp-json\/wp\/v2\/posts"}],"about":[{"href":"https:\/\/www.iceagetv.com\/radiosite\/wp-json\/wp\/v2\/types\/post"}],"author":[{"embeddable":true,"href":"https:\/\/www.iceagetv.com\/radiosite\/wp-json\/wp\/v2\/users\/2"}],"replies":[{"embeddable":true,"href":"https:\/\/www.iceagetv.com\/radiosite\/wp-json\/wp\/v2\/comments?post=34727"}],"version-history":[{"count":2,"href":"https:\/\/www.iceagetv.com\/radiosite\/wp-json\/wp\/v2\/posts\/34727\/revisions"}],"predecessor-version":[{"id":34732,"href":"https:\/\/www.iceagetv.com\/radiosite\/wp-json\/wp\/v2\/posts\/34727\/revisions\/34732"}],"wp:featuredmedia":[{"embeddable":true,"href":"https:\/\/www.iceagetv.com\/radiosite\/wp-json\/wp\/v2\/media\/34730"}],"wp:attachment":[{"href":"https:\/\/www.iceagetv.com\/radiosite\/wp-json\/wp\/v2\/media?parent=34727"}],"wp:term":[{"taxonomy":"category","embeddable":true,"href":"https:\/\/www.iceagetv.com\/radiosite\/wp-json\/wp\/v2\/categories?post=34727"},{"taxonomy":"post_tag","embeddable":true,"href":"https:\/\/www.iceagetv.com\/radiosite\/wp-json\/wp\/v2\/tags?post=34727"}],"curies":[{"name":"wp","href":"https:\/\/api.w.org\/{rel}","templated":true}]}}