{"id":34735,"date":"2025-04-21T13:27:56","date_gmt":"2025-04-21T11:27:56","guid":{"rendered":"https:\/\/www.iceagetv.com\/radiosite\/?p=34735"},"modified":"2025-04-21T13:27:59","modified_gmt":"2025-04-21T11:27:59","slug":"deces-du-pape-francois-et-maintenant-que-va-t-il-se-passer","status":"publish","type":"post","link":"https:\/\/www.iceagetv.com\/radiosite\/deces-du-pape-francois-et-maintenant-que-va-t-il-se-passer\/","title":{"rendered":"D\u00e9c\u00e8s du Pape Fran\u00e7ois: Et maintenant, que va-t-il se passer ?"},"content":{"rendered":"\n<p class=\"\">Apr\u00e8s la mort du pape Fran\u00e7ois, c\u2019est le cardinal camerlingue qui s\u2019occupera des affaires courantes, tandis qu\u2019une constitution stipule notamment la dur\u00e9e des obs\u00e8ques, neuf jours, et le d\u00e9lai pour organiser un conclave qui \u00e9lira un nouveau souverain pontife (15 \u00e0 20 jours).<\/p>\n\n\n\n<p class=\"\">Le \u00ab&nbsp;camerlingue&nbsp;\u00bb fera office de pape \u00ab&nbsp;par int\u00e9rim&nbsp;\u00bb charg\u00e9 de g\u00e9rer l\u2019\u00c9glise jusqu\u2019\u00e0 l\u2019\u00e9lection du nouveau souverain pontife, avec des pouvoirs nettement r\u00e9duits et surtout administratifs.<\/p>\n\n\n\n<p class=\"\">C\u2019est le cardinal irlandais Kevin Farrell, pr\u00e9fet du dicast\u00e8re (minist\u00e8re) pour les la\u00efcs, la famille et la vie, qui a \u00e9t\u00e9 choisi pour ce poste en 2019.<\/p>\n\n\n\n<p class=\"\">Tous les plus hauts responsables du \u00ab&nbsp;gouvernement&nbsp;\u00bb de l\u2019\u00c9glise, c\u2019est-\u00e0-dire la Curie romaine, doivent se d\u00e9mettre de leurs fonctions \u00e0 la mort du pape, seul le cardinal camerlingue restant en poste pour administrer les affaires courantes de l\u2019\u00c9glise.<\/p>\n\n\n\n<p class=\"\">Le mot \u00ab&nbsp;camerlingue&nbsp;\u00bb est d\u00e9riv\u00e9 du mot italien \u00ab&nbsp;camera&nbsp;\u00bb, qui signifie chambre. Il est charg\u00e9 de g\u00e9rer le Vatican mais ne peut prendre aucune d\u00e9cision dont la validit\u00e9 exc\u00e9derait la dur\u00e9e de la p\u00e9riode de vacance du tr\u00f4ne de Saint-Pierre ou empi\u00e9terait sur les pr\u00e9rogatives exclusives du pape, comme par exemple la nomination de cardinaux.<\/p>\n\n\n\n<p class=\"\">C\u2019est le camerlingue qui est notamment charg\u00e9 de constater et de notifier le d\u00e9c\u00e8s du pape. Jusqu\u2019\u00e0 Pie XII, mort en 1958, il constatait le d\u00e9c\u00e8s du chef de l\u2019\u00c9glise en le frappant sur le front avec un petit marteau en argent, pour s\u2019assurer qu\u2019il \u00e9tait bien mort.<\/p>\n\n\n\n<p class=\"\">Le camerlingue prend symboliquement possession des propri\u00e9t\u00e9s papales, le palais apostolique du Vatican, les Palais du Latran, si\u00e8ge du dioc\u00e8se de Rome dont le pape est par tradition l\u2019\u00e9v\u00eaque, et de Castel Gandolfo, la r\u00e9sidence d\u2019\u00e9t\u00e9 des papes.<\/p>\n\n\n\n<p class=\"\">Il convoque les r\u00e9unions de cardinaux, appel\u00e9es \u00ab&nbsp;congr\u00e9gations&nbsp;\u00bb, et d\u00e9cide avec elles du jour et de l\u2019heure de l\u2019exposition de la d\u00e9pouille du pape d\u00e9funt, de la date de l\u2019inhumation, qui doit intervenir entre le 4e et le 6e jour apr\u00e8s la mort.<\/p>\n\n\n\n<p class=\"\">C\u2019est \u00e9galement ainsi qu\u2019est fix\u00e9e la date du d\u00e9but du conclave, charg\u00e9 d\u2019\u00e9lire le nouveau pape, qui doit d\u00e9buter au plus t\u00f4t 15 jours et au plus tard 20 jours apr\u00e8s le d\u00e9c\u00e8s.<\/p>\n\n\n\n<p class=\"\">Les obs\u00e8ques doivent avoir lieu en la Basilique Saint-Pierre, sauf en cas de dispositions testamentaires contraires.<\/p>\n\n\n\n<p class=\"\">Le pape Fran\u00e7ois a voulu simplifier ces obs\u00e8ques, en pr\u00e9voyant un rite unique et plus rapide et un enterrement dans un cercueil simple, pour davantage de sobri\u00e9t\u00e9. Il a \u00e9galement mis fin \u00e0 la c\u00e9r\u00e9monie de fermeture du cercueil et \u00e0 l\u2019exposition du corps.<\/p>\n\n\n\n<p class=\"\">Contrairement \u00e0 ses pr\u00e9d\u00e9cesseurs, Fran\u00e7ois a r\u00e9v\u00e9l\u00e9 vouloir \u00eatre inhum\u00e9 dans la basilique Sainte-Marie Majeure de Rome et non au Vatican.<\/p>\n","protected":false},"excerpt":{"rendered":"<p>Apr\u00e8s la mort du pape Fran\u00e7ois, c\u2019est le cardinal camerlingue qui s\u2019occupera des affaires courantes, tandis qu\u2019une constitution stipule notamment la dur\u00e9e des obs\u00e8ques, neuf jours, et le d\u00e9lai pour organiser un conclave qui \u00e9lira un nouveau souverain pontife (15 \u00e0 20 jours). Le \u00ab&nbsp;camerlingue&nbsp;\u00bb fera office de pape \u00ab&nbsp;par int\u00e9rim&nbsp;\u00bb charg\u00e9 de g\u00e9rer l\u2019\u00c9glise [&hellip;]<\/p>\n","protected":false},"author":2,"featured_media":34736,"comment_status":"open","ping_status":"open","sticky":false,"template":"","format":"standard","meta":{"_jetpack_memberships_contains_paid_content":false,"footnotes":"","jetpack_publicize_message":"","jetpack_publicize_feature_enabled":true,"jetpack_social_post_already_shared":true,"jetpack_social_options":{"image_generator_settings":{"template":"highway","enabled":true,"token":"eyJpbWciOiJodHRwczpcL1wvd3d3LmljZWFnZXR2LmNvbVwvcmFkaW9zaXRlXC93cC1jb250ZW50XC91cGxvYWRzXC8yMDI1XC8wNFwvRGVjZXMtZHUtUGFwZS1GcmFuY29pcy1FdC1tYWludGVuYW50LXF1ZS12YS10LWlsLXNlLXBhc3Nlci5qcGciLCJ0eHQiOiJEXHUwMGU5Y1x1MDBlOHMgZHUgUGFwZSBGcmFuXHUwMGU3b2lzOiBFdCBtYWludGVuYW50LCBxdWUgdmEtdC1pbCBzZSBwYXNzZXIgPyIsInRlbXBsYXRlIjoiaGlnaHdheSIsImJsb2dfaWQiOjExMTAxNjQ2MX0.EP_ykvg5mRV22vNW3emOGBIQPexu6dzpjSnDGE6AZ2MMQ"},"version":2},"_wpas_customize_per_network":false},"categories":[405],"tags":[],"class_list":["post-34735","post","type-post","status-publish","format-standard","has-post-thumbnail","hentry","category-actu-france-monde"],"jetpack_publicize_connections":[],"jetpack_featured_media_url":"https:\/\/i0.wp.com\/www.iceagetv.com\/radiosite\/wp-content\/uploads\/2025\/04\/Deces-du-Pape-Francois-Et-maintenant-que-va-t-il-se-passer.jpg?fit=580%2C250&ssl=1","jetpack_sharing_enabled":true,"_links":{"self":[{"href":"https:\/\/www.iceagetv.com\/radiosite\/wp-json\/wp\/v2\/posts\/34735","targetHints":{"allow":["GET"]}}],"collection":[{"href":"https:\/\/www.iceagetv.com\/radiosite\/wp-json\/wp\/v2\/posts"}],"about":[{"href":"https:\/\/www.iceagetv.com\/radiosite\/wp-json\/wp\/v2\/types\/post"}],"author":[{"embeddable":true,"href":"https:\/\/www.iceagetv.com\/radiosite\/wp-json\/wp\/v2\/users\/2"}],"replies":[{"embeddable":true,"href":"https:\/\/www.iceagetv.com\/radiosite\/wp-json\/wp\/v2\/comments?post=34735"}],"version-history":[{"count":1,"href":"https:\/\/www.iceagetv.com\/radiosite\/wp-json\/wp\/v2\/posts\/34735\/revisions"}],"predecessor-version":[{"id":34737,"href":"https:\/\/www.iceagetv.com\/radiosite\/wp-json\/wp\/v2\/posts\/34735\/revisions\/34737"}],"wp:featuredmedia":[{"embeddable":true,"href":"https:\/\/www.iceagetv.com\/radiosite\/wp-json\/wp\/v2\/media\/34736"}],"wp:attachment":[{"href":"https:\/\/www.iceagetv.com\/radiosite\/wp-json\/wp\/v2\/media?parent=34735"}],"wp:term":[{"taxonomy":"category","embeddable":true,"href":"https:\/\/www.iceagetv.com\/radiosite\/wp-json\/wp\/v2\/categories?post=34735"},{"taxonomy":"post_tag","embeddable":true,"href":"https:\/\/www.iceagetv.com\/radiosite\/wp-json\/wp\/v2\/tags?post=34735"}],"curies":[{"name":"wp","href":"https:\/\/api.w.org\/{rel}","templated":true}]}}