{"id":34740,"date":"2025-04-21T15:32:09","date_gmt":"2025-04-21T13:32:09","guid":{"rendered":"https:\/\/www.iceagetv.com\/radiosite\/?p=34740"},"modified":"2025-04-21T15:32:13","modified_gmt":"2025-04-21T13:32:13","slug":"palavas-les-flots-un-corps-retrouve-lors-des-recherches-apres-la-disparition-dun-ado-en-mer","status":"publish","type":"post","link":"https:\/\/www.iceagetv.com\/radiosite\/palavas-les-flots-un-corps-retrouve-lors-des-recherches-apres-la-disparition-dun-ado-en-mer\/","title":{"rendered":"Palavas-les-Flots\u00a0: Un corps retrouv\u00e9 lors des recherches apr\u00e8s la disparition d\u2019un ado en mer"},"content":{"rendered":"\n<p class=\"\">Un adolescent de 13 ans avait \u00e9t\u00e9 emport\u00e9 par une vague alors qu\u2019il se baignait avec sa famille, \u00e0 Palavas-les-Flots dimancheUn&nbsp;<a href=\"https:\/\/www.20minutes.fr\/faits_divers\/4149628-20250421-palavas-flots-recherches-reprennent-retrouver-garcon-13-ans-disparu-mer\" target=\"_blank\" rel=\"noreferrer noopener\">corps sans vie<\/a>&nbsp;a \u00e9t\u00e9 retrouv\u00e9 lors des recherches pour retrouver l\u2019adolescent de 13 ans<a href=\"https:\/\/www.20minutes.fr\/faits_divers\/4149538-20250420-palavas-flots-adolescent-13-ans-emporte-vague-recherche-secours\" target=\"_blank\" rel=\"noreferrer noopener\">&nbsp;disparu en mer<\/a>&nbsp;dimanche aux alentours de 16h30, selon les informations de<a href=\"https:\/\/www.bfmtv.com\/police-justice\/adolescent-disparu-a-palavas-les-flots-un-corps-retrouve-lors-des-operations-de-recherche_AN-202504210362.html\" rel=\"noreferrer noopener\" target=\"_blank\">&nbsp;BFM TV<\/a>&nbsp;confirm\u00e9es par l\u2019AFP.<\/p>\n\n\n\n<p class=\"\">Depuis dimanche apr\u00e8s-midi, de nombreuses recherches avaient \u00e9t\u00e9 entreprises pour retrouver le jeune gar\u00e7on avait \u00e9t\u00e9 emport\u00e9 par une vague \u00e0&nbsp;<a href=\"https:\/\/www.20minutes.fr\/dossier\/palavas_les_flots\">Palavas-les-Flots<\/a>&nbsp;dans&nbsp;<a href=\"https:\/\/www.20minutes.fr\/societe\/herault\/\">l\u2019H\u00e9rault&nbsp;<\/a>alors qu\u2019il se baignait en famille. Suspendues pendant la nuit, les recherches, coordonn\u00e9es par le Cross Med, avaient repris peu apr\u00e8s 7 heures avec une vedette et un semi-rigide de la SNSM de Palavas-les-Flots, rejoints en fin de matin\u00e9e par deux jet-skis des pompiers et des plongeurs.<\/p>\n\n\n\n<h2 class=\"wp-block-heading\">Important dispositif de recherches<\/h2>\n\n\n\n<p class=\"\">\u00ab\u00a0\u00c0 la suite des nombreuses recherches men\u00e9es depuis hier apr\u00e8s-midi, un corps sans vie pouvant correspondre \u00e0 la description du jeune homme de 13 ans a \u00e9t\u00e9 retrouv\u00e9 vers 12h15 par 2 m\u00e8tres de fond, \u00e0 l\u2019entr\u00e9e du port de Palavas-les-Flots\u00a0\u00bb, pr\u00e9cise dans un communiqu\u00e9 la pr\u00e9fecture maritime.\u00a0Les recherches sont termin\u00e9es. Les investigations judiciaires sont d\u00e9sormais conduites par la Gendarmerie de l\u2019H\u00e9rault, sous l\u2019autorit\u00e9 du parquet de Montpellier\u00a0\u00bb, pr\u00e9cise la pr\u00e9fecture.<\/p>\n","protected":false},"excerpt":{"rendered":"<p>Un adolescent de 13 ans avait \u00e9t\u00e9 emport\u00e9 par une vague alors qu\u2019il se baignait avec sa famille, \u00e0 Palavas-les-Flots dimancheUn&nbsp;corps sans vie&nbsp;a \u00e9t\u00e9 retrouv\u00e9 lors des recherches pour retrouver l\u2019adolescent de 13 ans&nbsp;disparu en mer&nbsp;dimanche aux alentours de 16h30, selon les informations de&nbsp;BFM TV&nbsp;confirm\u00e9es par l\u2019AFP. Depuis dimanche apr\u00e8s-midi, de nombreuses recherches avaient \u00e9t\u00e9 [&hellip;]<\/p>\n","protected":false},"author":2,"featured_media":34741,"comment_status":"open","ping_status":"open","sticky":false,"template":"","format":"standard","meta":{"_jetpack_memberships_contains_paid_content":false,"footnotes":"","jetpack_publicize_message":"","jetpack_publicize_feature_enabled":true,"jetpack_social_post_already_shared":true,"jetpack_social_options":{"image_generator_settings":{"template":"highway","enabled":true,"token":"eyJpbWciOiJodHRwczpcL1wvd3d3LmljZWFnZXR2LmNvbVwvcmFkaW9zaXRlXC93cC1jb250ZW50XC91cGxvYWRzXC8yMDI1XC8wNFwvUGFsYXZhcy1sZXMtRmxvdHMuanBnIiwidHh0IjoiUGFsYXZhcy1sZXMtRmxvdHNcdTAwYTA6IFVuIGNvcnBzIHJldHJvdXZcdTAwZTkgbG9ycyBkZXMgcmVjaGVyY2hlcyBhcHJcdTAwZThzIGxhIGRpc3Bhcml0aW9uIGRcdTIwMTl1biBhZG8gZW4gbWVyIiwidGVtcGxhdGUiOiJoaWdod2F5IiwiYmxvZ19pZCI6MTExMDE2NDYxfQ.uAd8dnAvnzNj10lIjmGCorqYbBbiKbw9V9sFpMW9FyQMQ"},"version":2},"_wpas_customize_per_network":false},"categories":[405],"tags":[],"class_list":["post-34740","post","type-post","status-publish","format-standard","has-post-thumbnail","hentry","category-actu-france-monde"],"jetpack_publicize_connections":[],"jetpack_featured_media_url":"https:\/\/i0.wp.com\/www.iceagetv.com\/radiosite\/wp-content\/uploads\/2025\/04\/Palavas-les-Flots.jpg?fit=749%2C428&ssl=1","jetpack_sharing_enabled":true,"_links":{"self":[{"href":"https:\/\/www.iceagetv.com\/radiosite\/wp-json\/wp\/v2\/posts\/34740","targetHints":{"allow":["GET"]}}],"collection":[{"href":"https:\/\/www.iceagetv.com\/radiosite\/wp-json\/wp\/v2\/posts"}],"about":[{"href":"https:\/\/www.iceagetv.com\/radiosite\/wp-json\/wp\/v2\/types\/post"}],"author":[{"embeddable":true,"href":"https:\/\/www.iceagetv.com\/radiosite\/wp-json\/wp\/v2\/users\/2"}],"replies":[{"embeddable":true,"href":"https:\/\/www.iceagetv.com\/radiosite\/wp-json\/wp\/v2\/comments?post=34740"}],"version-history":[{"count":1,"href":"https:\/\/www.iceagetv.com\/radiosite\/wp-json\/wp\/v2\/posts\/34740\/revisions"}],"predecessor-version":[{"id":34742,"href":"https:\/\/www.iceagetv.com\/radiosite\/wp-json\/wp\/v2\/posts\/34740\/revisions\/34742"}],"wp:featuredmedia":[{"embeddable":true,"href":"https:\/\/www.iceagetv.com\/radiosite\/wp-json\/wp\/v2\/media\/34741"}],"wp:attachment":[{"href":"https:\/\/www.iceagetv.com\/radiosite\/wp-json\/wp\/v2\/media?parent=34740"}],"wp:term":[{"taxonomy":"category","embeddable":true,"href":"https:\/\/www.iceagetv.com\/radiosite\/wp-json\/wp\/v2\/categories?post=34740"},{"taxonomy":"post_tag","embeddable":true,"href":"https:\/\/www.iceagetv.com\/radiosite\/wp-json\/wp\/v2\/tags?post=34740"}],"curies":[{"name":"wp","href":"https:\/\/api.w.org\/{rel}","templated":true}]}}