{"id":34744,"date":"2025-04-21T16:58:04","date_gmt":"2025-04-21T14:58:04","guid":{"rendered":"https:\/\/www.iceagetv.com\/radiosite\/?p=34744"},"modified":"2025-04-21T16:58:07","modified_gmt":"2025-04-21T14:58:07","slug":"mort-du-pape-francois-qui-est-kevin-farrell-qui-prendra-les-renes-du-vatican-jusqua-lelection-dun-nouveau-pontife","status":"publish","type":"post","link":"https:\/\/www.iceagetv.com\/radiosite\/mort-du-pape-francois-qui-est-kevin-farrell-qui-prendra-les-renes-du-vatican-jusqua-lelection-dun-nouveau-pontife\/","title":{"rendered":"Mort du pape Fran\u00e7ois\u00a0: Qui est Kevin Farrell qui prendra les r\u00eanes du Vatican jusqu\u2019\u00e0 l\u2019\u00e9lection d\u2019un nouveau pontife\u00a0?"},"content":{"rendered":"\n<p class=\"\">Depuis l\u2019annonce de la mort du pape Fran\u00e7ois, le Vatican a un nouveau pape par \u00ab\u00a0int\u00e9rim\u00a0\u00bb qui doit se charger des affaires courantes avant l\u2019\u00e9lection d\u2019un nouveau papeDepuis la chapelle de la Domus Santa Marta, au Vatican, le cardinal\u00a0<a href=\"https:\/\/press.vatican.va\/content\/salastampa\/en\/documentation\/cardinali_biografie\/cardinali_bio_farrell_k.html\" target=\"_blank\" rel=\"noreferrer noopener\">Kevin Farrell<\/a>, le\u00a0<a href=\"https:\/\/www.20minutes.fr\/monde\/4149640-20250421-mort-pape-francois-va-passer-prochains-jours\" target=\"_blank\" rel=\"noreferrer noopener\">\u00ab\u00a0carmelingue\u00a0\u00bb<\/a>\u00a0a annonc\u00e9 la mort, ce lundi du\u00a0<a href=\"https:\/\/www.20minutes.fr\/monde\/4149633-20250421-pape-francois-mort-annonce-vatican\" target=\"_blank\" rel=\"noreferrer noopener\">pape Fran\u00e7ois<\/a>. C\u2019est d\u00e9sormais \u00e0 lui que reviennent les affaires courantes du Vatican en attendant l\u2019\u00e9lection d\u2019un<a href=\"https:\/\/www.20minutes.fr\/societe\/4149636-20250421-mort-pape-francois-fideles-lgbt-migrants-messe-latin-heritage-tres-critique-eglise\" target=\"_blank\" rel=\"noreferrer noopener\">\u00a0nouveau souverain pontife<\/a>\u00a0dans les prochaines semaines. Mais qui est ce pape par \u00ab\u00a0int\u00e9rim\u00a0\u00bb charger de g\u00e9rer l\u2019Eglise\u00a0?Nomm\u00e9 par Jean-Paul II<\/p>\n\n\n\n<p class=\"\">N\u00e9 le 2&nbsp;septembre 1947 \u00e0 Dublin en Irlande, il est ordonn\u00e9 pr\u00eatre en&nbsp;1978 pour les L\u00e9gionnaire du Christ apr\u00e8s son arriv\u00e9e aux&nbsp;<a href=\"https:\/\/www.20minutes.fr\/monde\/etats-unis\/\" target=\"_blank\" rel=\"noreferrer noopener\">Etats-Unis<\/a>. Il accomplit son minist\u00e8re comme aum\u00f4nier \u00e0 l\u2019universit\u00e9 de Monterrey ay&nbsp;<a href=\"https:\/\/www.20minutes.fr\/dossier\/mexique\" target=\"_blank\" rel=\"noreferrer noopener\">Mexique<\/a>&nbsp;o\u00f9 il s\u2019occupe de s\u00e9minaires sur les questions de bio\u00e9thique et d\u2019\u00e9thique sociale. En&nbsp;1984, il est incardin\u00e9 \u00e0 l\u2019archidioc\u00e8se de Washington.<\/p>\n\n\n\n<p class=\"\"><a href=\"https:\/\/www.20minutes.fr\/dossier\/jean-paul-ii\" target=\"_blank\" rel=\"noreferrer noopener\">Jean-Paul II<\/a>\u00a0lui conf\u00e8re en\u00a02001 le titre de pr\u00e9lat d\u2019honneur et de saintet\u00e9 et le nomme \u00e9v\u00eaque auxiliaire de Washington avant d\u2019obtenir en\u00a02007, la gestion du si\u00e8ge \u00e9piscopal de Dallas. Il y occupe divers postes\u00a0: chancelier de l\u2019universit\u00e9 de Dallas, membre du conseil d\u2019administration de l\u2019universit\u00e9 catholique d\u2019Am\u00e9rique, de la Papal Foundation, mais aussi pr\u00e9sident de la Nouvelle \u00e9vang\u00e9lisation de l\u2019Am\u00e9rique, sous le pape\u00a0<a href=\"https:\/\/www.20minutes.fr\/monde\/benoit_xvi\/\" target=\"_blank\" rel=\"noreferrer noopener\">Beno\u00eet XVI<\/a>.Retour au Vatican aupr\u00e8s du pape Fran\u00e7ois<\/p>\n\n\n\n<p class=\"\">Il est appel\u00e9 au Vatican par le pape Fran\u00e7ois en\u00a02016 pour prendre la t\u00eate du dicast\u00e8re (minist\u00e8re) pour les la\u00efcs, la famille et la vie. En\u00a02019, il est nomm\u00e9 par le pape camerlingue de la Sainte \u00c9glise romaine. En\u00a02020, il est nomm\u00e9 par le pape pr\u00e9sident de la Commission de contr\u00f4le des contrats confidentiels, un conseil de surveillance financi\u00e8re de cinq membres charg\u00e9 de surveiller les contrats qui sortent des proc\u00e9dures normales et qui, pour des raisons de s\u00e9curit\u00e9, ne sont pas rendus publics.En\u00a02023, il est nomm\u00e9 par le pape pr\u00e9sident de la Cour de cassation de l\u2019\u00c9tat de la Cit\u00e9 du Vatican \u00e0 compter du 1er\u00a0janvier 2024. Depuis ce lundi, il est d\u00e9sormais pape par int\u00e9rim en attendant son nouveau chef d\u2019Etat et d\u2019Eglise.<\/p>\n","protected":false},"excerpt":{"rendered":"<p>Depuis l\u2019annonce de la mort du pape Fran\u00e7ois, le Vatican a un nouveau pape par \u00ab\u00a0int\u00e9rim\u00a0\u00bb qui doit se charger des affaires courantes avant l\u2019\u00e9lection d\u2019un nouveau papeDepuis la chapelle de la Domus Santa Marta, au Vatican, le cardinal\u00a0Kevin Farrell, le\u00a0\u00ab\u00a0carmelingue\u00a0\u00bb\u00a0a annonc\u00e9 la mort, ce lundi du\u00a0pape Fran\u00e7ois. C\u2019est d\u00e9sormais \u00e0 lui que reviennent les [&hellip;]<\/p>\n","protected":false},"author":2,"featured_media":34745,"comment_status":"open","ping_status":"open","sticky":false,"template":"","format":"standard","meta":{"_jetpack_memberships_contains_paid_content":false,"footnotes":"","jetpack_publicize_message":"","jetpack_publicize_feature_enabled":true,"jetpack_social_post_already_shared":true,"jetpack_social_options":{"image_generator_settings":{"template":"highway","enabled":true,"token":"eyJpbWciOiJodHRwczpcL1wvd3d3LmljZWFnZXR2LmNvbVwvcmFkaW9zaXRlXC93cC1jb250ZW50XC91cGxvYWRzXC8yMDI1XC8wNFwvS2V2aW4tRmFycmVsbC5qcGciLCJ0eHQiOiJNb3J0IGR1IHBhcGUgRnJhblx1MDBlN29pc1x1MDBhMDogUXVpIGVzdCBLZXZpbiBGYXJyZWxsIHF1aSBwcmVuZHJhIGxlcyByXHUwMGVhbmVzIGR1IFZhdGljYW4ganVzcXVcdTIwMTlcdTAwZTAgbFx1MjAxOVx1MDBlOWxlY3Rpb24gZFx1MjAxOXVuIG5vdXZlYXUgcG9udGlmZVx1MDBhMD8iLCJ0ZW1wbGF0ZSI6ImhpZ2h3YXkiLCJibG9nX2lkIjoxMTEwMTY0NjF9.xSehS7oChtpY23pbxI0H3FzruFVxzfgO0WKt6Sd5MTQMQ"},"version":2},"_wpas_customize_per_network":false},"categories":[405],"tags":[],"class_list":["post-34744","post","type-post","status-publish","format-standard","has-post-thumbnail","hentry","category-actu-france-monde"],"jetpack_publicize_connections":[],"jetpack_featured_media_url":"https:\/\/i0.wp.com\/www.iceagetv.com\/radiosite\/wp-content\/uploads\/2025\/04\/Kevin-Farrell.jpg?fit=755%2C459&ssl=1","jetpack_sharing_enabled":true,"_links":{"self":[{"href":"https:\/\/www.iceagetv.com\/radiosite\/wp-json\/wp\/v2\/posts\/34744","targetHints":{"allow":["GET"]}}],"collection":[{"href":"https:\/\/www.iceagetv.com\/radiosite\/wp-json\/wp\/v2\/posts"}],"about":[{"href":"https:\/\/www.iceagetv.com\/radiosite\/wp-json\/wp\/v2\/types\/post"}],"author":[{"embeddable":true,"href":"https:\/\/www.iceagetv.com\/radiosite\/wp-json\/wp\/v2\/users\/2"}],"replies":[{"embeddable":true,"href":"https:\/\/www.iceagetv.com\/radiosite\/wp-json\/wp\/v2\/comments?post=34744"}],"version-history":[{"count":1,"href":"https:\/\/www.iceagetv.com\/radiosite\/wp-json\/wp\/v2\/posts\/34744\/revisions"}],"predecessor-version":[{"id":34746,"href":"https:\/\/www.iceagetv.com\/radiosite\/wp-json\/wp\/v2\/posts\/34744\/revisions\/34746"}],"wp:featuredmedia":[{"embeddable":true,"href":"https:\/\/www.iceagetv.com\/radiosite\/wp-json\/wp\/v2\/media\/34745"}],"wp:attachment":[{"href":"https:\/\/www.iceagetv.com\/radiosite\/wp-json\/wp\/v2\/media?parent=34744"}],"wp:term":[{"taxonomy":"category","embeddable":true,"href":"https:\/\/www.iceagetv.com\/radiosite\/wp-json\/wp\/v2\/categories?post=34744"},{"taxonomy":"post_tag","embeddable":true,"href":"https:\/\/www.iceagetv.com\/radiosite\/wp-json\/wp\/v2\/tags?post=34744"}],"curies":[{"name":"wp","href":"https:\/\/api.w.org\/{rel}","templated":true}]}}