{"id":34750,"date":"2025-04-22T07:16:40","date_gmt":"2025-04-22T05:16:40","guid":{"rendered":"https:\/\/www.iceagetv.com\/radiosite\/?p=34750"},"modified":"2025-04-22T07:16:45","modified_gmt":"2025-04-22T05:16:45","slug":"disparition-du-pape-francois-les-details-de-la-mort-du-saint-pere-reveles-accident-vasculaire-cerebral-avc-suivi-de-coma-et-dun-collapsus-cardiovasculaire-irreversible-survenu-lundi-matin-a","status":"publish","type":"post","link":"https:\/\/www.iceagetv.com\/radiosite\/disparition-du-pape-francois-les-details-de-la-mort-du-saint-pere-reveles-accident-vasculaire-cerebral-avc-suivi-de-coma-et-dun-collapsus-cardiovasculaire-irreversible-survenu-lundi-matin-a\/","title":{"rendered":"Disparition du Pape Fran\u00e7ois &#8211; Les d\u00e9tails de la mort du Saint-P\u00e8re r\u00e9v\u00e9l\u00e9s : \u00ab\u00a0Accident vasculaire c\u00e9r\u00e9bral (AVC) suivi de coma et d&rsquo;un collapsus cardiovasculaire irr\u00e9versible survenu lundi matin \u00e0 7h35"},"content":{"rendered":"\n<p class=\"\">Depuis hier soir on connait pr\u00e9cis\u00e9ment les causes de la mort du Pape Fran\u00e7ois. Il s&rsquo;agit d&rsquo;un \u00ab\u00a0accident vasculaire c\u00e9r\u00e9bral (AVC) suivi de coma et d&rsquo;un collapsus cardiovasculaire irr\u00e9versible survenu lundi matin 21 avril \u00e0 7h35 dans son appartement de la maison Sainte-Marthe. C&rsquo;est ce qu&rsquo;a certifi\u00e9 le professeur Andrea Arcangeli, directeur de la Direction de la sant\u00e9 et de l&rsquo;hygi\u00e8ne de l&rsquo;\u00c9tat de la Cit\u00e9 du Vatican, dans le constat de d\u00e9c\u00e8s publi\u00e9 ce lundi par la Salle de presse du Saint-Si\u00e8ge.Le document m\u00e9dical pr\u00e9cise que le pape souffrait d&rsquo;un \u00e9pisode ant\u00e9rieur d&rsquo;insuffisance respiratoire aigu\u00eb dans le cadre d&rsquo;une pneumonie multi microbienne bilat\u00e9rale, de bronchectasies multiples, d&rsquo;hypertension art\u00e9rielle et de diab\u00e8te de type II.La mort a \u00e9t\u00e9 constat\u00e9e par un enregistrement \u00e9lectrocardio-anatomique. \u00abJe d\u00e9clare, \u00e9crit le professeur Arcangeli, que les causes de la mort, selon ma science et ma conscience, sont celles indiqu\u00e9es ci-dessus\u00bb.Sa derni\u00e8re apparition publique date de quelques heures avant sa mort, dimanche, \u00e0 12h40. \u00c9puis\u00e9 par une longue hospitalisation pour une double pneumonie, le pape s&rsquo;est offert un bain de foule surprise sous le soleil de la place Saint-Pierre, acclam\u00e9 par les fid\u00e8les c\u00e9l\u00e9brant P\u00e2ques.L&rsquo;Argentin \u00e9tait revenu au Vatican le 23 mars pour y suivre une convalescence de deux mois, mais il avait progressivement repris ses activit\u00e9s &#8211; \u00e0 rebours des prescriptions des m\u00e9decins &#8211; et son \u00e9tat de sant\u00e9 semblait s&rsquo;am\u00e9liorer.Le 6 avril, deux semaines \u00e0 peine apr\u00e8s avoir quitt\u00e9 l&rsquo;h\u00f4pital Gemelli, il a fait une premi\u00e8re apparition publique au Vatican, au terme d&rsquo;une messe d\u00e9di\u00e9e aux malades sur la place Saint-Pierre, \u00e0 l&rsquo;\u00e9tonnement g\u00e9n\u00e9ral.Les jours suivants, le j\u00e9suite argentin va multiplier les apparitions publiques impromptues, relay\u00e9es sur les r\u00e9seaux sociaux dans des vid\u00e9os de fid\u00e8les ou touristes le croisant par hasard.Le Vatican se voulait alors rassurant: l&rsquo;\u00e9tat de sant\u00e9 du pape continuait de s&rsquo;am\u00e9liorer, fruit de la r\u00e9\u00e9ducation respiratoire et motrice qui lui permettait d\u00e9sormais de se passer d&rsquo;assistance en oxyg\u00e8ne.<\/p>\n","protected":false},"excerpt":{"rendered":"<p>Depuis hier soir on connait pr\u00e9cis\u00e9ment les causes de la mort du Pape Fran\u00e7ois. Il s&rsquo;agit d&rsquo;un \u00ab\u00a0accident vasculaire c\u00e9r\u00e9bral (AVC) suivi de coma et d&rsquo;un collapsus cardiovasculaire irr\u00e9versible survenu lundi matin 21 avril \u00e0 7h35 dans son appartement de la maison Sainte-Marthe. C&rsquo;est ce qu&rsquo;a certifi\u00e9 le professeur Andrea Arcangeli, directeur de la Direction [&hellip;]<\/p>\n","protected":false},"author":2,"featured_media":34736,"comment_status":"open","ping_status":"open","sticky":false,"template":"","format":"standard","meta":{"_jetpack_memberships_contains_paid_content":false,"footnotes":"","jetpack_publicize_message":"","jetpack_publicize_feature_enabled":true,"jetpack_social_post_already_shared":true,"jetpack_social_options":{"image_generator_settings":{"template":"highway","enabled":true,"token":"eyJpbWciOiJodHRwczpcL1wvd3d3LmljZWFnZXR2LmNvbVwvcmFkaW9zaXRlXC93cC1jb250ZW50XC91cGxvYWRzXC8yMDI1XC8wNFwvRGVjZXMtZHUtUGFwZS1GcmFuY29pcy1FdC1tYWludGVuYW50LXF1ZS12YS10LWlsLXNlLXBhc3Nlci5qcGciLCJ0eHQiOiJEaXNwYXJpdGlvbiBkdSBQYXBlIEZyYW5cdTAwZTdvaXMgJiM4MjExOyBMZXMgZFx1MDBlOXRhaWxzIGRlIGxhIG1vcnQgZHUgU2FpbnQtUFx1MDBlOHJlIHJcdTAwZTl2XHUwMGU5bFx1MDBlOXMgOiAmIzgyMjA7QWNjaWRlbnQgdmFzY3VsYWlyZSBjXHUwMGU5clx1MDBlOWJyYWwgKEFWQykgc3VpdmkgZGUgY29tYSBldCBkJiM4MjE3O3VuIGNvbGxhcHN1cyBjYXJkaW92YXNjdWxhaXJlIGlyclx1MDBlOXZlcnNpYmxlIHN1cnZlbnUgbHVuZGkgbWF0aW4gXHUwMGUwIDdoMzUiLCJ0ZW1wbGF0ZSI6ImhpZ2h3YXkiLCJibG9nX2lkIjoxMTEwMTY0NjF9.yDG4kKP9HLKDBJOd_h5_4-vw3yO-BMZL4Q-o3vUwIIIMQ"},"version":2},"_wpas_customize_per_network":false},"categories":[405],"tags":[],"class_list":["post-34750","post","type-post","status-publish","format-standard","has-post-thumbnail","hentry","category-actu-france-monde"],"jetpack_publicize_connections":[],"jetpack_featured_media_url":"https:\/\/i0.wp.com\/www.iceagetv.com\/radiosite\/wp-content\/uploads\/2025\/04\/Deces-du-Pape-Francois-Et-maintenant-que-va-t-il-se-passer.jpg?fit=580%2C250&ssl=1","jetpack_sharing_enabled":true,"_links":{"self":[{"href":"https:\/\/www.iceagetv.com\/radiosite\/wp-json\/wp\/v2\/posts\/34750","targetHints":{"allow":["GET"]}}],"collection":[{"href":"https:\/\/www.iceagetv.com\/radiosite\/wp-json\/wp\/v2\/posts"}],"about":[{"href":"https:\/\/www.iceagetv.com\/radiosite\/wp-json\/wp\/v2\/types\/post"}],"author":[{"embeddable":true,"href":"https:\/\/www.iceagetv.com\/radiosite\/wp-json\/wp\/v2\/users\/2"}],"replies":[{"embeddable":true,"href":"https:\/\/www.iceagetv.com\/radiosite\/wp-json\/wp\/v2\/comments?post=34750"}],"version-history":[{"count":1,"href":"https:\/\/www.iceagetv.com\/radiosite\/wp-json\/wp\/v2\/posts\/34750\/revisions"}],"predecessor-version":[{"id":34751,"href":"https:\/\/www.iceagetv.com\/radiosite\/wp-json\/wp\/v2\/posts\/34750\/revisions\/34751"}],"wp:featuredmedia":[{"embeddable":true,"href":"https:\/\/www.iceagetv.com\/radiosite\/wp-json\/wp\/v2\/media\/34736"}],"wp:attachment":[{"href":"https:\/\/www.iceagetv.com\/radiosite\/wp-json\/wp\/v2\/media?parent=34750"}],"wp:term":[{"taxonomy":"category","embeddable":true,"href":"https:\/\/www.iceagetv.com\/radiosite\/wp-json\/wp\/v2\/categories?post=34750"},{"taxonomy":"post_tag","embeddable":true,"href":"https:\/\/www.iceagetv.com\/radiosite\/wp-json\/wp\/v2\/tags?post=34750"}],"curies":[{"name":"wp","href":"https:\/\/api.w.org\/{rel}","templated":true}]}}