{"id":34755,"date":"2025-04-22T17:08:13","date_gmt":"2025-04-22T15:08:13","guid":{"rendered":"https:\/\/www.iceagetv.com\/radiosite\/?p=34755"},"modified":"2025-04-22T17:08:17","modified_gmt":"2025-04-22T15:08:17","slug":"attaques-contre-des-prisons-nouveaux-tags-et-incendies-bayrou-retailleau-et-darmanin-mercredi-en-isere","status":"publish","type":"post","link":"https:\/\/www.iceagetv.com\/radiosite\/attaques-contre-des-prisons-nouveaux-tags-et-incendies-bayrou-retailleau-et-darmanin-mercredi-en-isere\/","title":{"rendered":"Attaques contre des prisons: nouveaux tags et incendies, Bayrou, Retailleau et Darmanin mercredi en Is\u00e8re"},"content":{"rendered":"\n<p class=\"\">Le gouvernement se d\u00e9place au pied des Alpes pour y exprimer son soutien au personnel p\u00e9nitentiaire: dans la nuit de lundi \u00e0 mardi, de nouvelles d\u00e9gradations et incendies ont ainsi eu lieu en Is\u00e8re, dans le Calvados ou dans l&rsquo;Oise, dernier \u00e9pisode d&rsquo;une s\u00e9rie d&rsquo;attaques visant les prisons fran\u00e7aises depuis le 13 avril.<\/p>\n\n\n\n<p class=\"\">A l&rsquo;heure actuelle, le Parquet national antiterroriste (Pnat) est saisi de 13 faits commis entre le 13 et le 21 avril dans 9 d\u00e9partements, dont 3 visant des domiciles d&rsquo;agents p\u00e9nitentiaires, a-t-il indiqu\u00e9 \u00e0 l&rsquo;AFP. Au total, 21 v\u00e9hicules ont \u00e9t\u00e9 incendi\u00e9s et une dizaine d&rsquo;autres d\u00e9grad\u00e9s, a-t-il pr\u00e9cis\u00e9.&nbsp;<\/p>\n\n\n\n<p class=\"\">Le Pnat \u00ab\u00a0est par ailleurs en lien \u00e9troit avec les parquets territoriaux saisis des autres faits commis visant des v\u00e9hicules \u00e0 proximit\u00e9 des enceintes p\u00e9nitentiaires, y compris (dans la nuit de lundi \u00e0 mardi) dans le Rh\u00f4ne, en Is\u00e8re et dans le Calvados\u00a0\u00bb, a-t-il ajout\u00e9.&nbsp;<\/p>\n\n\n\n<p class=\"\">A Varces-Alli\u00e8res-et-Risset, en Is\u00e8re, trois personnes ont \u00e9t\u00e9 contr\u00f4l\u00e9es dans la nuit aux abords de la prison. Dans le coffre de leur v\u00e9hicule, un jerrican d&rsquo;essence d&rsquo;une capacit\u00e9 de dix litres, a pr\u00e9cis\u00e9 \u00e0 l&rsquo;AFP une source au sein de la gendarmerie.<\/p>\n\n\n\n<p class=\"\">Dans le Calvados, vers 03H00 du matin, plusieurs v\u00e9hicules ont \u00e9t\u00e9 incendi\u00e9s sur le parking du service p\u00e9nitentiaire d&rsquo;insertion et de probation (SPIP) de Caen. Selon une source polici\u00e8re \u00e0 l&rsquo;AFP, le feu serait parti d&rsquo;un v\u00e9hicule et s&rsquo;est propag\u00e9 \u00e0 d&rsquo;autres: cinq v\u00e9hicules administratifs ont \u00e9t\u00e9 d\u00e9grad\u00e9s dont quatre enti\u00e8rement br\u00fbl\u00e9s.<\/p>\n\n\n\n<p class=\"\">D&rsquo;autres faits ont eu lieu dans l&rsquo;Oise, \u00e0 Hermes, o\u00f9 un v\u00e9hicule personnel et une bo\u00eete aux lettres ont \u00e9t\u00e9 tagu\u00e9s \u00ab\u00a0DDPF\u00a0\u00bb (droits des prisonniers fran\u00e7ais, NDLR).<\/p>\n\n\n\n<p class=\"\">\u00ab\u00a0Plusieurs attaques\u00a0\u00bb contre des prisons ont quant \u00e0 elles \u00ab\u00a0\u00e9t\u00e9 dissuad\u00e9es\u00a0\u00bb, a assur\u00e9 G\u00e9rald Darmanin sur son compte X mardi matin.&nbsp;<\/p>\n\n\n\n<p class=\"\">A Fresnes (Val-de-Marne), un agent p\u00e9nitentiaire a port\u00e9 plainte pour \u00ab\u00a0actes d&rsquo;intimidations\u00a0\u00bb, a indiqu\u00e9 une autre source polici\u00e8re \u00e0 l&rsquo;AFP: selon lui, lundi en fin d&rsquo;apr\u00e8s-midi, il aurait \u00e9t\u00e9 suivi apr\u00e8s son service \u00e0 la maison d&rsquo;arr\u00eat.<\/p>\n\n\n\n<p class=\"\">&#8211; Myst\u00e9rieux \u00ab\u00a0DDPF\u00a0\u00bb &#8211;<\/p>\n\n\n\n<p class=\"\">Un v\u00e9hicule dans lequel se trouvaient cinq personnes a brusquement frein\u00e9 devant le surveillant en lui demandant de baisser la vitre: \u00ab\u00a0Surveillant, surveillant, tu as peur maintenant\u00a0\u00bb, lui aurait lanc\u00e9 un des occupants alors qu&rsquo;un autre filmait la sc\u00e8ne. Le surveillant assure avoir reconnu l&rsquo;un des individus en cause comme un ancien d\u00e9tenu.<\/p>\n\n\n\n<p class=\"\">Dans la nuit de lundi \u00e0 mardi, des drones ont \u00e9galement survol\u00e9 des centres p\u00e9nitentiaires, \u00e0 Lutterbach (Haut-Rhin), Lannemezan (Hautes-Pyr\u00e9n\u00e9es) et Saint-Quentin-Fallavier (Is\u00e8re).<\/p>\n\n\n\n<p class=\"\">La nuit pr\u00e9c\u00e9dente, des tirs et jets de cocktails Molotov avaient vis\u00e9 un lotissement \u00e0 Villefontaine en Is\u00e8re o\u00f9 r\u00e9sident des agents p\u00e9nitentiaires, une enqu\u00eate dont le parquet antiterroriste a annonc\u00e9 se saisir.&nbsp;<\/p>\n\n\n\n<p class=\"\">Dans cette commune is\u00e9roise situ\u00e9e non loin de la prison de Saint-Quentin-Fallavier, la porte d&rsquo;une maison a \u00e9t\u00e9 incendi\u00e9e et des impacts de tirs ont \u00e9t\u00e9 d\u00e9couverts sur la fa\u00e7ade, selon la gendarmerie. Une inscription \u00ab\u00a0DDPF\u00a0\u00bb a \u00e9t\u00e9 retrouv\u00e9 tagu\u00e9e sur le domicile.<\/p>\n\n\n\n<p class=\"\">Ce sigle, d&rsquo;un groupe revendiquant la \u00ab\u00a0d\u00e9fense des droits des prisonniers fran\u00e7ais\u00a0\u00bb, a \u00e9t\u00e9 retrouv\u00e9 aux abords des prisons prises pour cibles. Ce groupe avait publi\u00e9 vid\u00e9o et menaces sur la messagerie crypt\u00e9e Telegram.&nbsp;<\/p>\n\n\n\n<p class=\"\">Aucune piste n&rsquo;est privil\u00e9gi\u00e9e \u00e0 ce stade, mais celle du narcobanditisme a \u00e9t\u00e9 mise en avant au sein de l&rsquo;ex\u00e9cutif, \u00e0 quelques mois de l&rsquo;entr\u00e9e en fonctionnement de la premi\u00e8re prison de haute s\u00e9curit\u00e9 pour les narcotrafiquants.&nbsp;<\/p>\n\n\n\n<p class=\"\">G\u00e9rald Darmanin et Bruno Retailleau ont envoy\u00e9 jeudi des consignes pour que la s\u00e9curisation des prisons soit renforc\u00e9e.<\/p>\n","protected":false},"excerpt":{"rendered":"<p>Le gouvernement se d\u00e9place au pied des Alpes pour y exprimer son soutien au personnel p\u00e9nitentiaire: dans la nuit de lundi \u00e0 mardi, de nouvelles d\u00e9gradations et incendies ont ainsi eu lieu en Is\u00e8re, dans le Calvados ou dans l&rsquo;Oise, dernier \u00e9pisode d&rsquo;une s\u00e9rie d&rsquo;attaques visant les prisons fran\u00e7aises depuis le 13 avril. A l&rsquo;heure [&hellip;]<\/p>\n","protected":false},"author":2,"featured_media":34756,"comment_status":"open","ping_status":"open","sticky":false,"template":"","format":"standard","meta":{"_jetpack_memberships_contains_paid_content":false,"footnotes":"","jetpack_publicize_message":"","jetpack_publicize_feature_enabled":true,"jetpack_social_post_already_shared":true,"jetpack_social_options":{"image_generator_settings":{"template":"highway","enabled":true,"token":"eyJpbWciOiJodHRwczpcL1wvd3d3LmljZWFnZXR2LmNvbVwvcmFkaW9zaXRlXC93cC1jb250ZW50XC91cGxvYWRzXC8yMDI1XC8wNFwvQXR0YXF1ZXMtY29udHJlLWRlcy1wcmlzb25zLmpwZyIsInR4dCI6IkF0dGFxdWVzIGNvbnRyZSBkZXMgcHJpc29uczogbm91dmVhdXggdGFncyBldCBpbmNlbmRpZXMsIEJheXJvdSwgUmV0YWlsbGVhdSBldCBEYXJtYW5pbiBtZXJjcmVkaSBlbiBJc1x1MDBlOHJlIiwidGVtcGxhdGUiOiJoaWdod2F5IiwiYmxvZ19pZCI6MTExMDE2NDYxfQ.W6aIumhiPiB5-LMnOMjy0KXNtzYlpWBI03egFT-57S4MQ"},"version":2},"_wpas_customize_per_network":false},"categories":[405],"tags":[],"class_list":["post-34755","post","type-post","status-publish","format-standard","has-post-thumbnail","hentry","category-actu-france-monde"],"jetpack_publicize_connections":[],"jetpack_featured_media_url":"https:\/\/i0.wp.com\/www.iceagetv.com\/radiosite\/wp-content\/uploads\/2025\/04\/Attaques-contre-des-prisons.jpg?fit=876%2C432&ssl=1","jetpack_sharing_enabled":true,"_links":{"self":[{"href":"https:\/\/www.iceagetv.com\/radiosite\/wp-json\/wp\/v2\/posts\/34755","targetHints":{"allow":["GET"]}}],"collection":[{"href":"https:\/\/www.iceagetv.com\/radiosite\/wp-json\/wp\/v2\/posts"}],"about":[{"href":"https:\/\/www.iceagetv.com\/radiosite\/wp-json\/wp\/v2\/types\/post"}],"author":[{"embeddable":true,"href":"https:\/\/www.iceagetv.com\/radiosite\/wp-json\/wp\/v2\/users\/2"}],"replies":[{"embeddable":true,"href":"https:\/\/www.iceagetv.com\/radiosite\/wp-json\/wp\/v2\/comments?post=34755"}],"version-history":[{"count":1,"href":"https:\/\/www.iceagetv.com\/radiosite\/wp-json\/wp\/v2\/posts\/34755\/revisions"}],"predecessor-version":[{"id":34757,"href":"https:\/\/www.iceagetv.com\/radiosite\/wp-json\/wp\/v2\/posts\/34755\/revisions\/34757"}],"wp:featuredmedia":[{"embeddable":true,"href":"https:\/\/www.iceagetv.com\/radiosite\/wp-json\/wp\/v2\/media\/34756"}],"wp:attachment":[{"href":"https:\/\/www.iceagetv.com\/radiosite\/wp-json\/wp\/v2\/media?parent=34755"}],"wp:term":[{"taxonomy":"category","embeddable":true,"href":"https:\/\/www.iceagetv.com\/radiosite\/wp-json\/wp\/v2\/categories?post=34755"},{"taxonomy":"post_tag","embeddable":true,"href":"https:\/\/www.iceagetv.com\/radiosite\/wp-json\/wp\/v2\/tags?post=34755"}],"curies":[{"name":"wp","href":"https:\/\/api.w.org\/{rel}","templated":true}]}}