{"id":34760,"date":"2025-04-23T08:22:46","date_gmt":"2025-04-23T06:22:46","guid":{"rendered":"https:\/\/www.iceagetv.com\/radiosite\/?p=34760"},"modified":"2025-04-23T08:22:51","modified_gmt":"2025-04-23T06:22:51","slug":"affaire-betharram-la-fille-de-francois-bayrou-affirme-avoir-ete-victime-de-violences-dans-letablissement-catholique-a-lage-de-14-ans-coups-de-poing-coups-de-pied-sur-tout-le-corps-s","status":"publish","type":"post","link":"https:\/\/www.iceagetv.com\/radiosite\/affaire-betharram-la-fille-de-francois-bayrou-affirme-avoir-ete-victime-de-violences-dans-letablissement-catholique-a-lage-de-14-ans-coups-de-poing-coups-de-pied-sur-tout-le-corps-s\/","title":{"rendered":"Affaire B\u00e9tharram &#8211; La fille de Fran\u00e7ois Bayrou affirme avoir \u00e9t\u00e9 victime de violences dans l\u2019\u00e9tablissement catholique \u00e0 l&rsquo;\u00e2ge de 14 ans : \u00ab\u00a0Coups de poing, coups de pied sur tout le corps, surtout dans le ventre&#8230;\u00a0\u00bb"},"content":{"rendered":"\n<p class=\"\">Elle a gard\u00e9 le silence pendant plus de 30 ans&#8230; La fille de Fran\u00e7ois Bayrou,&nbsp;H\u00e9l\u00e8ne Perlant,&nbsp;affirme dans une interview bouleversante \u00e0 nos confr\u00e8res de Paris Match, avoir \u00e9t\u00e9 victime de violences physiques lors d\u2019un camp d\u2019\u00e9t\u00e9 organis\u00e9 par la m\u00eame congr\u00e9gation \u00e0 laquelle l\u2019\u00e9tablissement catholique Notre-Dame de B\u00e9tharram appartient.<\/p>\n\n\n\n<p class=\"\">Elle assure, cependant, ne pas avoir parl\u00e9 de cette agression \u00e0 son p\u00e8re. Et de raconter tr\u00e8s pr\u00e9cis\u00e9ment ce qui s&rsquo;est pass\u00e9 quand elle avait 14 ans :<\/p>\n\n\n\n<p class=\"\">\u00ab\u00a0Dans cette colo, on \u00e9tait une quarantaine, moniteurs inclus. Un soir, alors qu\u2019on d\u00e9balle nos sacs de couchage, le p\u00e8re Lartiguet me saisit tout d\u2019un coup par les cheveux, il me tra\u00eene au sol sur plusieurs m\u00e8tres et me roue de coups de poing, de coups de pied sur tout le corps, surtout dans le ventre. Il pesait environ 120 kilos.&nbsp;Pour parler cr\u00fbment, je me suis urin\u00e9 dessus et suis rest\u00e9e toute la nuit, comme \u00e7a, humide et prostr\u00e9e dans mon duvet.\u00a0\u00bb<\/p>\n\n\n\n<p class=\"\">Son t\u00e9moignage est \u00e9galement recueilli dans le livre Le Silence de B\u00e9tharram, d\u2019Alain Esquerre, porte-parole du collectif des victimes, \u00e0 para\u00eetre jeudi.<\/p>\n\n\n\n<p class=\"\">Et vient imm\u00e9diatement la question de savoir si son p\u00e8re a \u00e9t\u00e9 inform\u00e9 de ces faits :<\/p>\n\n\n\n<p class=\"\">\u00ab\u00a0Il ne sait pas que je suis victime et il ne sait pas que je vais t\u00e9moigner comme victime. Je suis rest\u00e9e trente ans dans le silence. En dehors de \u00e7a, pas une allusion, \u00e0 personne. Mon p\u00e8re, j\u2019ai peut-\u00eatre voulu le prot\u00e9ger, inconsciemment, je pense, des coups politiques qu\u2019il se prenait localement. B\u00e9tharram \u00e9tait organis\u00e9 comme une secte ou un r\u00e9gime totalitaire exer\u00e7ant une pression psychologique sur les \u00e9l\u00e8ves et les enseignants pour qu\u2019ils se taisent.\u00a0\u00bb<\/p>\n\n\n\n<p class=\"\">Fran\u00e7ois Bayrou doit \u00eatre entendu le 14&nbsp;mai par la commission d\u2019enqu\u00eate parlementaire n\u00e9e du scandale de B\u00e9tharram. \u00ab&nbsp;Evidemment, on peut penser qu\u2019il a eu toutes les infos. Mais lui, comme les autres parents, \u00e9tait tr\u00e8s, tr\u00e8s intriqu\u00e9 politiquement, localement. Lui, davantage. Mais je le mets au m\u00eame niveau que tous les parents. Plus on est intriqu\u00e9, moins on voit, moins on comprend. Et plus il y a de t\u00e9moins, moins \u00e7a parle&nbsp;\u00bb, estime la fille du Premier Ministre aupr\u00e8s de Paris Match.<\/p>\n\n\n\n<p class=\"\">Fran\u00e7ois Bayrou, actuel maire de Pau et ancien d\u00e9put\u00e9 et pr\u00e9sident du conseil d\u00e9partemental des Pyr\u00e9n\u00e9es-Atlantiques, nie plus largement avoir eu connaissance, dans le pass\u00e9, des agressions physiques et sexuelles d\u00e9nonc\u00e9es aujourd\u2019hui par deux cents anciens \u00e9l\u00e8ves de l\u2019\u00e9tablissement.<\/p>\n","protected":false},"excerpt":{"rendered":"<p>Elle a gard\u00e9 le silence pendant plus de 30 ans&#8230; La fille de Fran\u00e7ois Bayrou,&nbsp;H\u00e9l\u00e8ne Perlant,&nbsp;affirme dans une interview bouleversante \u00e0 nos confr\u00e8res de Paris Match, avoir \u00e9t\u00e9 victime de violences physiques lors d\u2019un camp d\u2019\u00e9t\u00e9 organis\u00e9 par la m\u00eame congr\u00e9gation \u00e0 laquelle l\u2019\u00e9tablissement catholique Notre-Dame de B\u00e9tharram appartient. Elle assure, cependant, ne pas avoir [&hellip;]<\/p>\n","protected":false},"author":2,"featured_media":34761,"comment_status":"open","ping_status":"open","sticky":false,"template":"","format":"standard","meta":{"_jetpack_memberships_contains_paid_content":false,"footnotes":"","jetpack_publicize_message":"","jetpack_publicize_feature_enabled":true,"jetpack_social_post_already_shared":true,"jetpack_social_options":{"image_generator_settings":{"template":"highway","enabled":true,"token":"eyJpbWciOiJodHRwczpcL1wvd3d3LmljZWFnZXR2LmNvbVwvcmFkaW9zaXRlXC93cC1jb250ZW50XC91cGxvYWRzXC8yMDI1XC8wNFwvMUFBaFdmNXkuanBnIiwidHh0IjoiQWZmYWlyZSBCXHUwMGU5dGhhcnJhbSAmIzgyMTE7IExhIGZpbGxlIGRlIEZyYW5cdTAwZTdvaXMgQmF5cm91IGFmZmlybWUgYXZvaXIgXHUwMGU5dFx1MDBlOSB2aWN0aW1lIGRlIHZpb2xlbmNlcyBkYW5zIGxcdTIwMTlcdTAwZTl0YWJsaXNzZW1lbnQgY2F0aG9saXF1ZSBcdTAwZTAgbCYjODIxNztcdTAwZTJnZSBkZSAxNCBhbnMgOiAmIzgyMjA7Q291cHMgZGUgcG9pbmcsIGNvdXBzIGRlIHBpZWQgc3VyIHRvdXQgbGUgY29ycHMsIHN1cnRvdXQgZGFucyBsZSB2ZW50cmUmIzgyMzA7JiM4MjIxOyIsInRlbXBsYXRlIjoiaGlnaHdheSIsImJsb2dfaWQiOjExMTAxNjQ2MX0.Dgk8dSA-1VVc8q097c4H8kue08WROv62Dp1KzGH4tG4MQ"},"version":2},"_wpas_customize_per_network":false},"categories":[405],"tags":[],"class_list":["post-34760","post","type-post","status-publish","format-standard","has-post-thumbnail","hentry","category-actu-france-monde"],"jetpack_publicize_connections":[],"jetpack_featured_media_url":"https:\/\/i0.wp.com\/www.iceagetv.com\/radiosite\/wp-content\/uploads\/2025\/04\/1AAhWf5y.jpg?fit=679%2C293&ssl=1","jetpack_sharing_enabled":true,"_links":{"self":[{"href":"https:\/\/www.iceagetv.com\/radiosite\/wp-json\/wp\/v2\/posts\/34760","targetHints":{"allow":["GET"]}}],"collection":[{"href":"https:\/\/www.iceagetv.com\/radiosite\/wp-json\/wp\/v2\/posts"}],"about":[{"href":"https:\/\/www.iceagetv.com\/radiosite\/wp-json\/wp\/v2\/types\/post"}],"author":[{"embeddable":true,"href":"https:\/\/www.iceagetv.com\/radiosite\/wp-json\/wp\/v2\/users\/2"}],"replies":[{"embeddable":true,"href":"https:\/\/www.iceagetv.com\/radiosite\/wp-json\/wp\/v2\/comments?post=34760"}],"version-history":[{"count":1,"href":"https:\/\/www.iceagetv.com\/radiosite\/wp-json\/wp\/v2\/posts\/34760\/revisions"}],"predecessor-version":[{"id":34762,"href":"https:\/\/www.iceagetv.com\/radiosite\/wp-json\/wp\/v2\/posts\/34760\/revisions\/34762"}],"wp:featuredmedia":[{"embeddable":true,"href":"https:\/\/www.iceagetv.com\/radiosite\/wp-json\/wp\/v2\/media\/34761"}],"wp:attachment":[{"href":"https:\/\/www.iceagetv.com\/radiosite\/wp-json\/wp\/v2\/media?parent=34760"}],"wp:term":[{"taxonomy":"category","embeddable":true,"href":"https:\/\/www.iceagetv.com\/radiosite\/wp-json\/wp\/v2\/categories?post=34760"},{"taxonomy":"post_tag","embeddable":true,"href":"https:\/\/www.iceagetv.com\/radiosite\/wp-json\/wp\/v2\/tags?post=34760"}],"curies":[{"name":"wp","href":"https:\/\/api.w.org\/{rel}","templated":true}]}}