{"id":34771,"date":"2025-04-23T15:14:39","date_gmt":"2025-04-23T13:14:39","guid":{"rendered":"https:\/\/www.iceagetv.com\/radiosite\/?p=34771"},"modified":"2025-04-23T15:14:43","modified_gmt":"2025-04-23T13:14:43","slug":"les-drapeaux-en-berne-pour-le-pape-francois-bayrou-favorable-alors-quil-y-etait-oppose-il-y-a-20-ans","status":"publish","type":"post","link":"https:\/\/www.iceagetv.com\/radiosite\/les-drapeaux-en-berne-pour-le-pape-francois-bayrou-favorable-alors-quil-y-etait-oppose-il-y-a-20-ans\/","title":{"rendered":"Les drapeaux en berne pour le pape : Fran\u00e7ois Bayrou favorable\u2026 alors qu&rsquo;il y \u00e9tait oppos\u00e9 il y a 20 ans"},"content":{"rendered":"\n<p class=\"\">\u2009Cette d\u00e9cision est honteuse pour notre R\u00e9publique la\u00efque. Honteuse\u2009\u00bb,&nbsp;<a href=\"https:\/\/x.com\/OuzouliasP\/status\/1914708521506988220\">d\u00e9nonce sur X Pierre Ouzoulias<\/a>, s\u00e9nateur communiste des&nbsp;<a href=\"https:\/\/actu.fr\/ile-de-france\/hauts-de-seine_92\">Hauts-de-Seine<\/a>. En passant, il exhume une d\u00e9claration du Premier ministre&nbsp;<a href=\"https:\/\/actu.fr\/tag\/francois-bayrou\">Fran\u00e7ois Bayrou<\/a>, datant de\u2026 2005.<\/p>\n\n\n\n<p class=\"\">Le maire de Pau avait alors&nbsp;<strong>critiqu\u00e9 la mise en berne des drapeaux \u00e0 l\u2019occasion de la mort\u2026 du pape Jean Paul II<\/strong>. \u00ab\u2009Je n\u2019aurais certainement pas pris une telle d\u00e9cision\u2009\u00bb, d\u00e9clarait celui qui \u00e9tait alors le pr\u00e9sident de l\u2019Union pour la d\u00e9mocratie fran\u00e7aise (UDF), devenue MoDem, jugeant alors que cela \u00ab\u2009ne correspond pas \u00e0 la distinction qu\u2019il faut faire entre convictions spirituelles et choix politiques et nationaux\u2009\u00bb.<\/p>\n\n\n\n<p class=\"\">En 2025, au lendemain de&nbsp;<a href=\"https:\/\/actu.fr\/societe\/le-pape-francois-est-mort-annonce-le-vatican_62254072.html\">la mort du pape Fran\u00e7ois \u00e0 l\u2019\u00e2ge de 88&nbsp;ans<\/a>,&nbsp;<strong>Matignon a pourtant annonc\u00e9 la mise en berne des drapeaux<\/strong>&nbsp;sur les b\u00e2timents publics ce samedi 26&nbsp;avril 2025, jour des obs\u00e8ques qui se tiendront place Saint-Pierre au Vatican en pr\u00e9sence d\u2019<a href=\"https:\/\/actu.fr\/tag\/emmanuel-macron\">Emmanuel Macron<\/a>.<\/p>\n\n\n\n<p class=\"\">Une\u00a0<strong>mesure symbolique<\/strong>\u00a0en hommage \u00e0 l\u2019\u00e9v\u00eaque de Rome, qui contraste donc, totalement, avec les d\u00e9clarations faites par le leader centriste il y a 20\u00a0ans, lorsque Jean-Pierre Raffarin, avait pris une d\u00e9cision similaire apr\u00e8s le d\u00e9c\u00e8s du pape Jean-Paul II en avril\u00a02005.Un \u00c9tat neutre depuis la loi sur la s\u00e9paration des \u00c9glises et de l\u2019\u00c9tat<\/p>\n\n\n\n<p class=\"\">Alors que la France c\u00e9l\u00e9brait en 2005 le centenaire de la loi sur la s\u00e9paration des \u00c9glises et de l\u2019\u00c9tat, une partie de la classe politique de l\u2019\u00e9poque, dont Fran\u00e7ois Bayrou, avait donc condamn\u00e9 cette mesure.Bien qu\u2019elle ne mentionne pas explicitement le terme, la loi de s\u00e9paration des \u00c9glises et de l\u2019\u00c9tat<strong>\u00a0adopt\u00e9e en 1905<\/strong>\u00a0est consid\u00e9r\u00e9e comme le texte fondateur de la la\u00efcit\u00e9 en France.Les gens changent en vieillissant\u2009\u00bb<\/p>\n\n\n\n<p class=\"\">\u00ab\u2009\u00c0 l\u2019\u00e9poque, les circonstances n\u2019\u00e9taient peut-\u00eatre pas les m\u00eames, ce n\u2019\u00e9tait pas le m\u00eame pape non plus, sans oublier les qualit\u00e9s propres \u00e0 Fran\u00e7ois\u2009\u00bb, a r\u00e9pondu un proche de Fran\u00e7ois Bayrou&nbsp;<a href=\"https:\/\/www.lefigaro.fr\/flash-actu\/entre-la-mort-de-jean-paul-ii-et-de-francois-la-volte-face-de-bayrou-sur-la-mise-en-berne-des-drapeaux-20250422\">interrog\u00e9 par&nbsp;<em>Le Figaro<\/em><\/a>&nbsp;tout en ajoutant que \u00ab\u2009les gens changent en vieillissant\u2009\u00bb.<\/p>\n\n\n\n<p class=\"\">\u00ab\u2009Pens\u00e9es pour tous les enseignants qui auront \u00e0 expliquer demain la la\u00efcit\u00e9 \u00e0 nos enfants dans leur salle de classe\u2009\u00bb, a r\u00e9agi de son c\u00f4t\u00e9\u00a0<a href=\"https:\/\/actu.fr\/tag\/benjamin-griveaux\">Benjamin Griveaux<\/a>, ancien ministre d\u2019Emmanuel Macron sur les r\u00e9seaux sociaux.Des drapeaux qui font r\u00e9agir<\/p>\n\n\n\n<p class=\"\">Les drapeaux en berne apr\u00e8s la mort d\u2019un pape\u2009? Les critiques fusent en ce milieu de semaine contre cette d\u00e9cision, au nom de la la\u00efcit\u00e9 justement.<\/p>\n\n\n\n<p class=\"\">Pourtant, d\u00e8s lundi, le maire de&nbsp;<a href=\"https:\/\/actu.fr\/nice\/\">Nice<\/a>&nbsp;Christian Estrosi avait annonc\u00e9 la mise en berne des drapeaux de l\u2019H\u00f4tel de ville tandis que la maire de&nbsp;<a href=\"https:\/\/actu.fr\/paris\/\">Paris<\/a>&nbsp;Anne Hidalgo avait fait le choix&nbsp;<a href=\"https:\/\/actu.fr\/ile-de-france\/paris_75056\/mort-du-pape-francois-ce-qui-est-prevu-a-paris-pour-rendre-hommage-au-souverain-pontife_62537863.html\">d\u2019\u00e9teindre la tour Eiffel<\/a>.<\/p>\n\n\n\n<p class=\"\">Benjamin Griveaux, porte-parole du gouvernement de 2017 \u00e0 2019, a \u00e9galement r\u00e9agi&nbsp;<a href=\"https:\/\/x.com\/BGriveaux\/status\/1914930809724657923\">sur X<\/a>&nbsp;(ex-Twitter). \u00ab\u2009Dans la R\u00e9publique la\u00efque, on ne met pas les drapeaux en berne suite \u00e0 la disparition d\u2019une autorit\u00e9 religieuse\u2009\u00bb, a-t-il \u00e9crit.<\/p>\n","protected":false},"excerpt":{"rendered":"<p>\u2009Cette d\u00e9cision est honteuse pour notre R\u00e9publique la\u00efque. Honteuse\u2009\u00bb,&nbsp;d\u00e9nonce sur X Pierre Ouzoulias, s\u00e9nateur communiste des&nbsp;Hauts-de-Seine. En passant, il exhume une d\u00e9claration du Premier ministre&nbsp;Fran\u00e7ois Bayrou, datant de\u2026 2005. Le maire de Pau avait alors&nbsp;critiqu\u00e9 la mise en berne des drapeaux \u00e0 l\u2019occasion de la mort\u2026 du pape Jean Paul II. \u00ab\u2009Je n\u2019aurais certainement pas [&hellip;]<\/p>\n","protected":false},"author":2,"featured_media":34772,"comment_status":"open","ping_status":"open","sticky":false,"template":"","format":"standard","meta":{"_jetpack_memberships_contains_paid_content":false,"footnotes":"","jetpack_publicize_message":"","jetpack_publicize_feature_enabled":true,"jetpack_social_post_already_shared":true,"jetpack_social_options":{"image_generator_settings":{"template":"highway","enabled":true,"token":"eyJpbWciOiJodHRwczpcL1wvd3d3LmljZWFnZXR2LmNvbVwvcmFkaW9zaXRlXC93cC1jb250ZW50XC91cGxvYWRzXC8yMDI1XC8wNFwvYWRvYmVzdG9jay0yNDQ2NjU0MDQtOTYweDY0MC0xLmpwZWciLCJ0eHQiOiJMZXMgZHJhcGVhdXggZW4gYmVybmUgcG91ciBsZSBwYXBlIDogRnJhblx1MDBlN29pcyBCYXlyb3UgZmF2b3JhYmxlXHUyMDI2IGFsb3JzIHF1JiM4MjE3O2lsIHkgXHUwMGU5dGFpdCBvcHBvc1x1MDBlOSBpbCB5IGEgMjAgYW5zIiwidGVtcGxhdGUiOiJoaWdod2F5IiwiYmxvZ19pZCI6MTExMDE2NDYxfQ.Of8CSLH6OTmpW7FRparg7K_Bl3WpH6hftcw03EnWzBAMQ"},"version":2},"_wpas_customize_per_network":false},"categories":[405],"tags":[],"class_list":["post-34771","post","type-post","status-publish","format-standard","has-post-thumbnail","hentry","category-actu-france-monde"],"jetpack_publicize_connections":[],"jetpack_featured_media_url":"https:\/\/i0.wp.com\/www.iceagetv.com\/radiosite\/wp-content\/uploads\/2025\/04\/adobestock-244665404-960x640-1.jpeg?fit=960%2C640&ssl=1","jetpack_sharing_enabled":true,"_links":{"self":[{"href":"https:\/\/www.iceagetv.com\/radiosite\/wp-json\/wp\/v2\/posts\/34771","targetHints":{"allow":["GET"]}}],"collection":[{"href":"https:\/\/www.iceagetv.com\/radiosite\/wp-json\/wp\/v2\/posts"}],"about":[{"href":"https:\/\/www.iceagetv.com\/radiosite\/wp-json\/wp\/v2\/types\/post"}],"author":[{"embeddable":true,"href":"https:\/\/www.iceagetv.com\/radiosite\/wp-json\/wp\/v2\/users\/2"}],"replies":[{"embeddable":true,"href":"https:\/\/www.iceagetv.com\/radiosite\/wp-json\/wp\/v2\/comments?post=34771"}],"version-history":[{"count":1,"href":"https:\/\/www.iceagetv.com\/radiosite\/wp-json\/wp\/v2\/posts\/34771\/revisions"}],"predecessor-version":[{"id":34773,"href":"https:\/\/www.iceagetv.com\/radiosite\/wp-json\/wp\/v2\/posts\/34771\/revisions\/34773"}],"wp:featuredmedia":[{"embeddable":true,"href":"https:\/\/www.iceagetv.com\/radiosite\/wp-json\/wp\/v2\/media\/34772"}],"wp:attachment":[{"href":"https:\/\/www.iceagetv.com\/radiosite\/wp-json\/wp\/v2\/media?parent=34771"}],"wp:term":[{"taxonomy":"category","embeddable":true,"href":"https:\/\/www.iceagetv.com\/radiosite\/wp-json\/wp\/v2\/categories?post=34771"},{"taxonomy":"post_tag","embeddable":true,"href":"https:\/\/www.iceagetv.com\/radiosite\/wp-json\/wp\/v2\/tags?post=34771"}],"curies":[{"name":"wp","href":"https:\/\/api.w.org\/{rel}","templated":true}]}}